{"id":4224,"date":"2016-04-25T17:03:17","date_gmt":"2016-04-25T20:03:17","guid":{"rendered":"http:\/\/adfformosa.com.ar\/?p=4224"},"modified":"2016-04-25T17:03:17","modified_gmt":"2016-04-25T20:03:17","slug":"estatales-cobran-haberes-de-abril-el-viernes-29-y-el-sabado-30","status":"publish","type":"post","link":"https:\/\/adfformosa.com.ar\/?p=4224","title":{"rendered":"Estatales cobran haberes de abril el viernes 29 y el s\u00e1bado 30"},"content":{"rendered":"<div id=\"s-share-buttons\" class=\"horizontal-w-c-r-border s-share-w-c\"><a href=\"http:\/\/www.facebook.com\/sharer.php?u=https:\/\/adfformosa.com.ar\/?p=4224\" target=\"_blank\" title=\"Share to Facebook\" class=\"s3-facebook hint--top\"><\/a><a href=\"http:\/\/twitter.com\/intent\/tweet?text=Estatales cobran haberes de abril el viernes 29 y el s\u00e1bado 30&url=https:\/\/adfformosa.com.ar\/?p=4224\" target=\"_blank\"  title=\"Share to Twitter\" class=\"s3-twitter hint--top\"><\/a><a href=\"https:\/\/plus.google.com\/share?url=https:\/\/adfformosa.com.ar\/?p=4224\" target=\"_blank\"  title=\"Share to Google Plus\" class=\"s3-google-plus hint--top\"><\/a><a href=\"http:\/\/www.digg.com\/submit?url=https:\/\/adfformosa.com.ar\/?p=4224\" target=\"_blank\"  title=\"Share to Digg\" class=\"s3-digg hint--top\"><\/a><a href=\"http:\/\/www.tumblr.com\/share\/link?url=https%3A%2F%2Fadfformosa.com.ar%2F%3Fp%3D4224&name=Estatales+cobran+haberes+de+abril+el+viernes+29+y+el+s%C3%A1bado+30\" target=\"_blank\" title=\"Share to Tumblr\" class=\"s3-tumblr hint--top\"><\/a><a href=\"mailto:?Subject=Estatales%20cobran%20haberes%20de%20abril%20el%20viernes%2029%20y%20el%20s\u00e1bado%2030&Body=Here%20is%20the%20link%20to%20the%20article:%20https:\/\/adfformosa.com.ar\/?p=4224\" title=\"Email this article\" class=\"s3-email hint--top\"><\/a><\/div><p style=\"text-align: justify;\"><img loading=\"lazy\" decoding=\"async\" class=\"alignleft wp-image-4225 size-medium\" src=\"https:\/\/adfformosa.com.ar\/wp-content\/uploads\/2016\/04\/cajero_2-300x171.jpg\" alt=\"\" width=\"300\" height=\"171\" srcset=\"https:\/\/adfformosa.com.ar\/wp-content\/uploads\/2016\/04\/cajero_2-300x171.jpg 300w, https:\/\/adfformosa.com.ar\/wp-content\/uploads\/2016\/04\/cajero_2.jpg 642w\" sizes=\"auto, (max-width: 300px) 100vw, 300px\" \/><\/p>\n<p style=\"text-align: justify;\">Desde la Subsecretar\u00eda de Hacienda y Finanzas de la Provincia se confirm\u00f3 que durante los dos \u00faltimos d\u00edas del corriente mes, percibir\u00e1n sus haberes de abril los agentes de la administraci\u00f3n p\u00fablica.<\/p>\n<p style=\"text-align: justify;\">\u201cEl d\u00eda viernes 29 se cancelar\u00e1n las jubilaciones y pensiones a los agentes pasivos dependientes de la Caja de Previsi\u00f3n Social, mientras que en la jornada siguiente, s\u00e1bado 30, se abonar\u00e1n las remuneraciones correspondientes al personal activo, que en el caso del Escalaf\u00f3n Docente incluir\u00e1n los conceptos del Incentivo General y la Garant\u00eda Salarial 2016\u201d, se puntualiz\u00f3.<\/p>\n","protected":false},"excerpt":{"rendered":"<p>Desde la Subsecretar\u00eda de Hacienda y Finanzas de la Provincia se confirm\u00f3 que durante los dos \u00faltimos d\u00edas del corriente mes, percibir\u00e1n sus haberes de abril los agentes de la&#8230; <span class=\"meta-more\"><a href=\"https:\/\/adfformosa.com.ar\/?p=4224\">Leer mas &raquo;<\/a><\/span><\/p>\n","protected":false},"author":3,"featured_media":4225,"comment_status":"open","ping_status":"closed","sticky":false,"template":"","format":"standard","meta":{"footnotes":""},"categories":[2],"tags":[],"class_list":["post-4224","post","type-post","status-publish","format-standard","has-post-thumbnail","hentry","category-prensa-adf","even alt"],"_links":{"self":[{"href":"https:\/\/adfformosa.com.ar\/index.php?rest_route=\/wp\/v2\/posts\/4224","targetHints":{"allow":["GET"]}}],"collection":[{"href":"https:\/\/adfformosa.com.ar\/index.php?rest_route=\/wp\/v2\/posts"}],"about":[{"href":"https:\/\/adfformosa.com.ar\/index.php?rest_route=\/wp\/v2\/types\/post"}],"author":[{"embeddable":true,"href":"https:\/\/adfformosa.com.ar\/index.php?rest_route=\/wp\/v2\/users\/3"}],"replies":[{"embeddable":true,"href":"https:\/\/adfformosa.com.ar\/index.php?rest_route=%2Fwp%2Fv2%2Fcomments&post=4224"}],"version-history":[{"count":1,"href":"https:\/\/adfformosa.com.ar\/index.php?rest_route=\/wp\/v2\/posts\/4224\/revisions"}],"predecessor-version":[{"id":4226,"href":"https:\/\/adfformosa.com.ar\/index.php?rest_route=\/wp\/v2\/posts\/4224\/revisions\/4226"}],"wp:featuredmedia":[{"embeddable":true,"href":"https:\/\/adfformosa.com.ar\/index.php?rest_route=\/wp\/v2\/media\/4225"}],"wp:attachment":[{"href":"https:\/\/adfformosa.com.ar\/index.php?rest_route=%2Fwp%2Fv2%2Fmedia&parent=4224"}],"wp:term":[{"taxonomy":"category","embeddable":true,"href":"https:\/\/adfformosa.com.ar\/index.php?rest_route=%2Fwp%2Fv2%2Fcategories&post=4224"},{"taxonomy":"post_tag","embeddable":true,"href":"https:\/\/adfformosa.com.ar\/index.php?rest_route=%2Fwp%2Fv2%2Ftags&post=4224"}],"curies":[{"name":"wp","href":"https:\/\/api.w.org\/{rel}","templated":true}]}}