{"id":4206,"date":"2016-04-19T16:47:28","date_gmt":"2016-04-19T19:47:28","guid":{"rendered":"http:\/\/adfformosa.com.ar\/?p=4206"},"modified":"2016-06-24T10:07:09","modified_gmt":"2016-06-24T13:07:09","slug":"ctera-presento-proyecto-de-ley-de-financiamiento-a-diputados-de-la-nacion","status":"publish","type":"post","link":"https:\/\/adfformosa.com.ar\/?p=4206","title":{"rendered":"CTERA PRESENT\u00d3 PROYECTO DE LEY DE FINANCIAMIENTO A DIPUTADOS DE LA NACI\u00d3N"},"content":{"rendered":"<div id=\"s-share-buttons\" class=\"horizontal-w-c-r-border s-share-w-c\"><a href=\"http:\/\/www.facebook.com\/sharer.php?u=https:\/\/adfformosa.com.ar\/?p=4206\" target=\"_blank\" title=\"Share to Facebook\" class=\"s3-facebook hint--top\"><\/a><a href=\"http:\/\/twitter.com\/intent\/tweet?text=CTERA PRESENT\u00d3 PROYECTO DE LEY DE FINANCIAMIENTO A DIPUTADOS DE LA NACI\u00d3N&url=https:\/\/adfformosa.com.ar\/?p=4206\" target=\"_blank\"  title=\"Share to Twitter\" class=\"s3-twitter hint--top\"><\/a><a href=\"https:\/\/plus.google.com\/share?url=https:\/\/adfformosa.com.ar\/?p=4206\" target=\"_blank\"  title=\"Share to Google Plus\" class=\"s3-google-plus hint--top\"><\/a><a href=\"http:\/\/www.digg.com\/submit?url=https:\/\/adfformosa.com.ar\/?p=4206\" target=\"_blank\"  title=\"Share to Digg\" class=\"s3-digg hint--top\"><\/a><a href=\"http:\/\/www.tumblr.com\/share\/link?url=https%3A%2F%2Fadfformosa.com.ar%2F%3Fp%3D4206&name=CTERA+PRESENT%C3%93+PROYECTO+DE+LEY+DE+FINANCIAMIENTO+A+DIPUTADOS+DE+LA+NACI%C3%93N\" target=\"_blank\" title=\"Share to Tumblr\" class=\"s3-tumblr hint--top\"><\/a><a href=\"mailto:?Subject=CTERA%20PRESENT\u00d3%20PROYECTO%20DE%20LEY%20DE%20FINANCIAMIENTO%20A%20DIPUTADOS%20DE%20LA%20NACI\u00d3N&Body=Here%20is%20the%20link%20to%20the%20article:%20https:\/\/adfformosa.com.ar\/?p=4206\" title=\"Email this article\" class=\"s3-email hint--top\"><\/a><\/div><p style=\"text-align: right;\"><img loading=\"lazy\" decoding=\"async\" class=\"wp-image-4207  alignleft\" src=\"https:\/\/adfformosa.com.ar\/wp-content\/uploads\/2016\/04\/CTERA-DIPUTADOS-e1461613715527.jpg\" alt=\"\" width=\"351\" height=\"234\" \/><\/p>\n<p style=\"text-align: justify;\">Buenos Aires, 19 de abril de 2016<\/p>\n<p style=\"text-align: justify;\">Representantes de bloques de la C\u00e1mara de Diputados de la Naci\u00f3n concurrieron hoy a la sede de CTERA para interiorizarse del proyecto de ley de aumento del presupuesto educativo del 6 al 10 % del PBI.<\/p>\n<div class=\"text_exposed_show\">\n<p style=\"text-align: justify;\">El encuentro estuvo encabezado por Sonia Alesso, Sec. Gral. de CTERA ;Hugo Yasky &#8211; Sec. Gral de la CTA y Presidente de la IEAL &#8211; y miembros de la junta ejecutiva.<\/p>\n<p style=\"text-align: justify;\">Estuvieron presente los Diputados: Hector Recalde \u2013 bloque FPV \u2013 Carlos Heller \u2013 bloque Partido Solidario \u2013 Alcira Argumendo \u2013 bloque Proyecto Sur \u2013 Lucas Incicco &#8211; bloque Uni\u00f3n Pro &#8211; Luis Lusqui\u00f1os \u2013 bloque Compromiso Federal- y representantes de los bloques Libres del Sur y PTS.<\/p>\n<p style=\"text-align: justify;\">Sonia Alesso expres\u00f3: los puntos sobresalientes del proyecto de Ley presentado el 3 de noviembre de 2015, con autor\u00eda de la Diputada Adriana Puiggros con colaboraci\u00f3n del equipo de la Secretar\u00eda de Educaci\u00f3n de CTERA.<br \/>\nSonia Alesso afirm\u00f3 que el proyecto plantea elevar el presupuesto educativo para educaci\u00f3n del 6 al 10 % del PBI.<\/p>\n<p style=\"text-align: justify;\">Este proyecto de Ley &#8211; expres\u00f3 Sonia Alesso &#8211; plantea que se debe invertir el 8 % para la educaci\u00f3n b\u00e1sica \u2013 desde el nivel inicial hasta los institutos terciarios \u2013 y el 2 % para las Universidades.<\/p>\n<p style=\"text-align: justify;\">Este nuevo incremento del presupuesto deber\u00e1 garantizar:<\/p>\n<p style=\"text-align: justify;\">* Universalizaci\u00f3n del nivel Inicial<\/p>\n<p style=\"text-align: justify;\">* El nivel Secundario para Todos<\/p>\n<p style=\"text-align: justify;\">* La Jornada Extendida<\/p>\n<p style=\"text-align: justify;\">* Fondos para las Provincias<\/p>\n<p style=\"text-align: justify;\">* Inversi\u00f3n en Institutos Terciarios<\/p>\n<p style=\"text-align: justify;\">* M\u00e1s y mejores salarios<\/p>\n<p style=\"text-align: justify;\">* M\u00e1s cargos docentes<\/p>\n<p style=\"text-align: justify;\">* Un segundo idioma en todo el pa\u00eds<\/p>\n<p style=\"text-align: justify;\">* Construcci\u00f3n y reparaci\u00f3n de edificios escolares<\/p>\n<p style=\"text-align: justify;\">* Continuidad de la formaci\u00f3n docente<\/p>\n<p style=\"text-align: justify;\">Este proyecto de Ley plantea que el estado nacional debe aportar el 60% de inversi\u00f3n y las provincias el 40%.<\/p>\n<p style=\"text-align: justify;\">La Secretaria general de CTERA inform\u00f3 que la organizaci\u00f3n va a impulsar una campa\u00f1a nacional para debatir y discutir este proyecto.<\/p>\n<p style=\"text-align: justify;\">Se programar\u00e1n encuentros con Senadores de la Naci\u00f3n, Gobernadores, Legisladores Provinciales, comunidad educativa y organizaciones sociales.<\/p>\n<p style=\"text-align: justify;\">Ante la deslegitimaci\u00f3n de la educaci\u00f3n p\u00fablica por partes de los medios de comunicaci\u00f3n y los sectores de poder se hace imperioso una nueva Ley de Financiamiento para garantizar una educaci\u00f3n p\u00fablica de calidad.<\/p>\n<p style=\"text-align: justify;\">Sonia Alesso tambi\u00e9n plante\u00f3 a los Diputados Nacionales la preocupaci\u00f3n de CTERA sobre el cierre de los programas nacionales, la creaci\u00f3n por decreto del Instituto Nacional de Calidad Educativa y la incorporaci\u00f3n del \u00e1rea de deportes al Ministerio de Educaci\u00f3n que va a disminuir fondos para educaci\u00f3n.<\/p>\n<p style=\"text-align: justify;\">Los Diputados Nacionales y asesores apoyaron esta iniciativa y llevar\u00e1n el proyecto de Ley a los Diputados de su bloque.<\/p>\n<p style=\"text-align: justify;\">Alejandro Demichelis-Secretario de Prensa<br \/>\nSonia Alesso- Secretaria General de CTERA<\/p>\n<\/div>\n","protected":false},"excerpt":{"rendered":"<p>Buenos Aires, 19 de abril de 2016 Representantes de bloques de la C\u00e1mara de Diputados de la Naci\u00f3n concurrieron hoy a la sede de CTERA para interiorizarse del proyecto de&#8230; <span class=\"meta-more\"><a href=\"https:\/\/adfformosa.com.ar\/?p=4206\">Leer mas &raquo;<\/a><\/span><\/p>\n","protected":false},"author":3,"featured_media":4207,"comment_status":"open","ping_status":"closed","sticky":false,"template":"","format":"standard","meta":{"footnotes":""},"categories":[2],"tags":[],"class_list":["post-4206","post","type-post","status-publish","format-standard","has-post-thumbnail","hentry","category-prensa-adf","even alt"],"_links":{"self":[{"href":"https:\/\/adfformosa.com.ar\/index.php?rest_route=\/wp\/v2\/posts\/4206","targetHints":{"allow":["GET"]}}],"collection":[{"href":"https:\/\/adfformosa.com.ar\/index.php?rest_route=\/wp\/v2\/posts"}],"about":[{"href":"https:\/\/adfformosa.com.ar\/index.php?rest_route=\/wp\/v2\/types\/post"}],"author":[{"embeddable":true,"href":"https:\/\/adfformosa.com.ar\/index.php?rest_route=\/wp\/v2\/users\/3"}],"replies":[{"embeddable":true,"href":"https:\/\/adfformosa.com.ar\/index.php?rest_route=%2Fwp%2Fv2%2Fcomments&post=4206"}],"version-history":[{"count":2,"href":"https:\/\/adfformosa.com.ar\/index.php?rest_route=\/wp\/v2\/posts\/4206\/revisions"}],"predecessor-version":[{"id":4378,"href":"https:\/\/adfformosa.com.ar\/index.php?rest_route=\/wp\/v2\/posts\/4206\/revisions\/4378"}],"wp:featuredmedia":[{"embeddable":true,"href":"https:\/\/adfformosa.com.ar\/index.php?rest_route=\/wp\/v2\/media\/4207"}],"wp:attachment":[{"href":"https:\/\/adfformosa.com.ar\/index.php?rest_route=%2Fwp%2Fv2%2Fmedia&parent=4206"}],"wp:term":[{"taxonomy":"category","embeddable":true,"href":"https:\/\/adfformosa.com.ar\/index.php?rest_route=%2Fwp%2Fv2%2Fcategories&post=4206"},{"taxonomy":"post_tag","embeddable":true,"href":"https:\/\/adfformosa.com.ar\/index.php?rest_route=%2Fwp%2Fv2%2Ftags&post=4206"}],"curies":[{"name":"wp","href":"https:\/\/api.w.org\/{rel}","templated":true}]}}