{"id":4201,"date":"2016-04-14T16:39:02","date_gmt":"2016-04-14T19:39:02","guid":{"rendered":"http:\/\/adfformosa.com.ar\/?p=4201"},"modified":"2016-06-24T10:08:55","modified_gmt":"2016-06-24T13:08:55","slug":"adf-en-la-primer-jornada-nacional-de-salud-laboral-2016-de-ctera","status":"publish","type":"post","link":"https:\/\/adfformosa.com.ar\/?p=4201","title":{"rendered":"ADF en la primer \u00abJornada Nacional de Salud Laboral\u00bb 2016 de CTERA"},"content":{"rendered":"<div id=\"s-share-buttons\" class=\"horizontal-w-c-r-border s-share-w-c\"><a href=\"http:\/\/www.facebook.com\/sharer.php?u=https:\/\/adfformosa.com.ar\/?p=4201\" target=\"_blank\" title=\"Share to Facebook\" class=\"s3-facebook hint--top\"><\/a><a href=\"http:\/\/twitter.com\/intent\/tweet?text=ADF en la primer \u00abJornada Nacional de Salud Laboral\u00bb 2016 de CTERA&url=https:\/\/adfformosa.com.ar\/?p=4201\" target=\"_blank\"  title=\"Share to Twitter\" class=\"s3-twitter hint--top\"><\/a><a href=\"https:\/\/plus.google.com\/share?url=https:\/\/adfformosa.com.ar\/?p=4201\" target=\"_blank\"  title=\"Share to Google Plus\" class=\"s3-google-plus hint--top\"><\/a><a href=\"http:\/\/www.digg.com\/submit?url=https:\/\/adfformosa.com.ar\/?p=4201\" target=\"_blank\"  title=\"Share to Digg\" class=\"s3-digg hint--top\"><\/a><a href=\"http:\/\/www.tumblr.com\/share\/link?url=https%3A%2F%2Fadfformosa.com.ar%2F%3Fp%3D4201&name=ADF+en+la+primer+%C2%ABJornada+Nacional+de+Salud+Laboral%C2%BB+2016+de+CTERA\" target=\"_blank\" title=\"Share to Tumblr\" class=\"s3-tumblr hint--top\"><\/a><a href=\"mailto:?Subject=ADF%20en%20la%20primer%20\u00abJornada%20Nacional%20de%20Salud%20Laboral\u00bb%202016%20de%20CTERA&Body=Here%20is%20the%20link%20to%20the%20article:%20https:\/\/adfformosa.com.ar\/?p=4201\" title=\"Email this article\" class=\"s3-email hint--top\"><\/a><\/div><p style=\"text-align: justify;\"><img loading=\"lazy\" decoding=\"async\" class=\"wp-image-4202  alignleft\" src=\"https:\/\/adfformosa.com.ar\/wp-content\/uploads\/2016\/04\/salud-ADF-e1461613217862.jpg\" alt=\"\" width=\"352\" height=\"264\" \/>\u00a1PARA NO RETROCEDER, PARA DEFENDER LOS DERECHOS ADQUIRIDOS, PARA NO NEGOCIAR SALUD POR TRABAJO!<\/p>\n<p style=\"text-align: justify;\">En el d\u00eda de la fecha se realiz\u00f3 la primera Jornada Nacional de Salud Laboral del a\u00f1o 2016, con el prop\u00f3sito de presentar en forma sistematizada los avances en la materia, referido a los reg\u00edmenes de licencias y al mejoramiento de condiciones de trabajo. Se socializaron acuerdos paritarios, y-o normativas de las en<span class=\"text_exposed_show\">tidades de base de CTERA.<\/span><\/p>\n<div class=\"text_exposed_show\">\n<p style=\"text-align: justify;\">La recesi\u00f3n econ\u00f3mica actual, impone nuevamente, como en los a\u00f1os 90, cambios organizacionales y de reestructuraci\u00f3n, menores oportunidades laborales, aumento de trabajo precario, temor a la p\u00e9rdida del empleo, despidos masivos y desempleo, inflaci\u00f3n librada a la voracidad del capital y menor estabilidad financiera, con graves consecuencias para salud integral de lxs trabajadorxs<br \/>\nVisualizar, comparar, tener una mirada federal de lo que los y las trabajadoras hemos sido capaces de conquistar gracias a la lucha colectiva en cada una de los sindicatos y por lo tanto como LOGRO COLECTIVO DE CTERA, nos permite:<\/p>\n<p style=\"text-align: justify;\">1) Reconocernos en esas luchas, y de ese modo fortalecernos para no Retroceder y avanzar en nuevas logros.<\/p>\n<p style=\"text-align: justify;\">2) Tomar como base, este estado de situaci\u00f3n para avanzar en la discusi\u00f3n del contenido del Convenio Colectivo Nacional, al cual estamos abocados y debemos concretar en el Marco de la Paritaria Nacional.<\/p>\n<p style=\"text-align: justify;\">La CTERA ratifica<\/p>\n<p style=\"text-align: justify;\">-La importancia de la Paritaria Nacional y Paritarias provinciales para lograr consolidar y avanzar en mejores condiciones de ense\u00f1ar y aprender, en defensa de la Escuela P\u00fablica.<\/p>\n<p style=\"text-align: justify;\"><img loading=\"lazy\" decoding=\"async\" class=\"wp-image-4203  alignright\" src=\"https:\/\/adfformosa.com.ar\/wp-content\/uploads\/2016\/04\/SALUD-ADF-2-e1461613264740.jpg\" alt=\"\" width=\"351\" height=\"197\" \/>-El rechazo al ITEM AULA , impuesto en Mendoza , u otros \u00edtems como Productividad y presentismo, que intenten instalar la l\u00f3gica del neoliberalismo de los 90, con sistemas de premios y castigos salariales, que vulneren otros derechos y avancen en detrimento de la salud de los trabajadores.<\/p>\n<p style=\"text-align: justify;\">La apertura de la jornada estuvo a cargo de Sonia Alesso , Secretaria General de CTERA; Noemi Tejeda , Sec. de Salud Laboral y Stefania Aguirre, secretaria de G\u00e9nero.<\/p>\n<p style=\"text-align: justify;\">Y al cierre de la misma la Dra. Lilian Capone , Sec. de Salud Laboral de CTA de Buenos Aires y cont\u00f3 con la participaci\u00f3n de representantes de referentes y-o secretarixs de Salud Laboral de las siguientes sindicatos de base de CTERA : UEPC, ADF, UTELPa, UTRE, AGMER, UTE, ADEP, ATECH, ASDE, SUTECO, ATEP, AMSAFE, UDAP, SUTEBA, ATEN.-<\/p>\n<p style=\"text-align: justify;\">Buenos Aires, 14 de abril de 2016<\/p>\n<p style=\"text-align: justify;\">Noem\u00ed Tejeda &#8211; Sec. Salud Laboral<br \/>\nSonia Alesso -Secretaria General- CTERA<\/p>\n<p>&nbsp;<\/p>\n<\/div>\n","protected":false},"excerpt":{"rendered":"<p>\u00a1PARA NO RETROCEDER, PARA DEFENDER LOS DERECHOS ADQUIRIDOS, PARA NO NEGOCIAR SALUD POR TRABAJO! En el d\u00eda de la fecha se realiz\u00f3 la primera Jornada Nacional de Salud Laboral del&#8230; <span class=\"meta-more\"><a href=\"https:\/\/adfformosa.com.ar\/?p=4201\">Leer mas &raquo;<\/a><\/span><\/p>\n","protected":false},"author":3,"featured_media":4202,"comment_status":"open","ping_status":"closed","sticky":false,"template":"","format":"standard","meta":{"footnotes":""},"categories":[2],"tags":[],"class_list":["post-4201","post","type-post","status-publish","format-standard","has-post-thumbnail","hentry","category-prensa-adf","even alt"],"_links":{"self":[{"href":"https:\/\/adfformosa.com.ar\/index.php?rest_route=\/wp\/v2\/posts\/4201","targetHints":{"allow":["GET"]}}],"collection":[{"href":"https:\/\/adfformosa.com.ar\/index.php?rest_route=\/wp\/v2\/posts"}],"about":[{"href":"https:\/\/adfformosa.com.ar\/index.php?rest_route=\/wp\/v2\/types\/post"}],"author":[{"embeddable":true,"href":"https:\/\/adfformosa.com.ar\/index.php?rest_route=\/wp\/v2\/users\/3"}],"replies":[{"embeddable":true,"href":"https:\/\/adfformosa.com.ar\/index.php?rest_route=%2Fwp%2Fv2%2Fcomments&post=4201"}],"version-history":[{"count":3,"href":"https:\/\/adfformosa.com.ar\/index.php?rest_route=\/wp\/v2\/posts\/4201\/revisions"}],"predecessor-version":[{"id":4380,"href":"https:\/\/adfformosa.com.ar\/index.php?rest_route=\/wp\/v2\/posts\/4201\/revisions\/4380"}],"wp:featuredmedia":[{"embeddable":true,"href":"https:\/\/adfformosa.com.ar\/index.php?rest_route=\/wp\/v2\/media\/4202"}],"wp:attachment":[{"href":"https:\/\/adfformosa.com.ar\/index.php?rest_route=%2Fwp%2Fv2%2Fmedia&parent=4201"}],"wp:term":[{"taxonomy":"category","embeddable":true,"href":"https:\/\/adfformosa.com.ar\/index.php?rest_route=%2Fwp%2Fv2%2Fcategories&post=4201"},{"taxonomy":"post_tag","embeddable":true,"href":"https:\/\/adfformosa.com.ar\/index.php?rest_route=%2Fwp%2Fv2%2Ftags&post=4201"}],"curies":[{"name":"wp","href":"https:\/\/api.w.org\/{rel}","templated":true}]}}