{"id":4196,"date":"2016-04-13T16:32:54","date_gmt":"2016-04-13T19:32:54","guid":{"rendered":"http:\/\/adfformosa.com.ar\/?p=4196"},"modified":"2016-06-24T10:11:27","modified_gmt":"2016-06-24T13:11:27","slug":"gremios-entidades-de-base-de-ctera-del-nea-noa-en-formosa","status":"publish","type":"post","link":"https:\/\/adfformosa.com.ar\/?p=4196","title":{"rendered":"Gremios entidades de base de CTERA del NEA-NOA en Formosa"},"content":{"rendered":"<div id=\"s-share-buttons\" class=\"horizontal-w-c-r-border s-share-w-c\"><a href=\"http:\/\/www.facebook.com\/sharer.php?u=https:\/\/adfformosa.com.ar\/?p=4196\" target=\"_blank\" title=\"Share to Facebook\" class=\"s3-facebook hint--top\"><\/a><a href=\"http:\/\/twitter.com\/intent\/tweet?text=Gremios entidades de base de CTERA del NEA-NOA en Formosa&url=https:\/\/adfformosa.com.ar\/?p=4196\" target=\"_blank\"  title=\"Share to Twitter\" class=\"s3-twitter hint--top\"><\/a><a href=\"https:\/\/plus.google.com\/share?url=https:\/\/adfformosa.com.ar\/?p=4196\" target=\"_blank\"  title=\"Share to Google Plus\" class=\"s3-google-plus hint--top\"><\/a><a href=\"http:\/\/www.digg.com\/submit?url=https:\/\/adfformosa.com.ar\/?p=4196\" target=\"_blank\"  title=\"Share to Digg\" class=\"s3-digg hint--top\"><\/a><a href=\"http:\/\/www.tumblr.com\/share\/link?url=https%3A%2F%2Fadfformosa.com.ar%2F%3Fp%3D4196&name=Gremios+entidades+de+base+de+CTERA+del+NEA-NOA+en+Formosa\" target=\"_blank\" title=\"Share to Tumblr\" class=\"s3-tumblr hint--top\"><\/a><a href=\"mailto:?Subject=Gremios%20entidades%20de%20base%20de%20CTERA%20del%20NEA-NOA%20en%20Formosa&Body=Here%20is%20the%20link%20to%20the%20article:%20https:\/\/adfformosa.com.ar\/?p=4196\" title=\"Email this article\" class=\"s3-email hint--top\"><\/a><\/div><p><img loading=\"lazy\" decoding=\"async\" class=\"wp-image-4197  alignleft\" src=\"https:\/\/adfformosa.com.ar\/wp-content\/uploads\/2016\/04\/portada-swiss-e1461612891179.jpg\" alt=\"\" width=\"350\" height=\"197\" \/><\/p>\n<p style=\"text-align: justify;\">Los gremialistas fueron convocados para analizar la nueva Ley de Financiamiento Educativo y la presentaci\u00f3n del \u00abPlan de Salud Docente\u00bb de Swiss Medical Group.<\/p>\n<p style=\"text-align: justify;\">Misiones estuvo representada por la Secretaria Adjunta de UDPM,Stella Maris Leverberg y Rub\u00e9n \u00abGrillo\u00bb Caballero,Secretario Gral de la CTA de Misiones;SUTECO de Corrientes con Fernando Ram\u00edrez y Gerardo Marturet; Patricia Arga\u00f1araz de ADP-Salta ;Mario S\u00e1nchez d<span class=\"text_exposed_show\">e ATECA, Catamarca y Luis Branchi,Secretario General de ADF junto a Mirta Marquez, Secretaria Adjunta.<\/span><\/p>\n<div class=\"text_exposed_show\">\n<p style=\"text-align: justify;\"><img loading=\"lazy\" decoding=\"async\" class=\"wp-image-4198 size-medium alignright\" src=\"https:\/\/adfformosa.com.ar\/wp-content\/uploads\/2016\/04\/luis-placa-e1466773849604-247x300.jpg\" width=\"247\" height=\"300\" srcset=\"https:\/\/adfformosa.com.ar\/wp-content\/uploads\/2016\/04\/luis-placa-e1466773849604-247x300.jpg 247w, https:\/\/adfformosa.com.ar\/wp-content\/uploads\/2016\/04\/luis-placa-e1466773849604.jpg 499w\" sizes=\"auto, (max-width: 247px) 100vw, 247px\" \/>Las actividades programadas para este encuentro de Secretarios Generales de la regi\u00f3n en Formosa,comenz\u00f3 en horas de la ma\u00f1ana con la presentaci\u00f3n del \u00abPrograma de Salud Docente\u00bb de la compa\u00f1\u00eda Swiss Medical Group.<\/p>\n<p style=\"text-align: justify;\">La bienvenida a las compa\u00f1eras y compa\u00f1eros de la regi\u00f3n estuvo a cargo de Maril\u00fa Leverberg quien se\u00f1al\u00f3 \u201cestamos fortaleciendo el norte argentino desde la CTERA,construyendo la correlaci\u00f3n de fuerzas que permita consolidar una nueva Ley de Financiamiento Educativo para la educaci\u00f3n p\u00fablica\u00bb.<\/p>\n<p style=\"text-align: justify;\"><img loading=\"lazy\" decoding=\"async\" class=\"wp-image-4199 size-medium alignleft\" src=\"https:\/\/adfformosa.com.ar\/wp-content\/uploads\/2016\/04\/swiis-e1466773802802-267x300.jpg\" width=\"267\" height=\"300\" srcset=\"https:\/\/adfformosa.com.ar\/wp-content\/uploads\/2016\/04\/swiis-e1466773802802-267x300.jpg 267w, https:\/\/adfformosa.com.ar\/wp-content\/uploads\/2016\/04\/swiis-e1466773802802.jpg 434w\" sizes=\"auto, (max-width: 267px) 100vw, 267px\" \/>Leverberg a\u00f1adi\u00f3 que \u00abtrabajar en conjunto posibilita poder gestionar medidas que garanticen la calidad educativa y los derechos tanto de nuestros docentes como tambi\u00e9n de los educandos\u201d.<\/p>\n<p style=\"text-align: justify;\">M\u00e1s adelante en nombre de la UDPM realiz\u00f3 la entrega de una placa a Luis Branchi en reconocimiento a la trayectoria sindical y su lucha constante en defensa de la Educaci\u00f3n P\u00fablica y el Derecho de los Trabajadores.<\/p>\n<p style=\"text-align: justify;\">Seguidamente,Leonardo Castagna,Gerente Comercial de Interior de SMG Seguros brind\u00f3 un amplio informe sobre la cobertura y el sistema de seguro accesible hoy para el docente formose\u00f1o.<\/p>\n<\/div>\n","protected":false},"excerpt":{"rendered":"<p>Los gremialistas fueron convocados para analizar la nueva Ley de Financiamiento Educativo y la presentaci\u00f3n del \u00abPlan de Salud Docente\u00bb de Swiss Medical Group. Misiones estuvo representada por la Secretaria&#8230; <span class=\"meta-more\"><a href=\"https:\/\/adfformosa.com.ar\/?p=4196\">Leer mas &raquo;<\/a><\/span><\/p>\n","protected":false},"author":3,"featured_media":4197,"comment_status":"open","ping_status":"closed","sticky":false,"template":"","format":"standard","meta":{"footnotes":""},"categories":[2],"tags":[],"class_list":["post-4196","post","type-post","status-publish","format-standard","has-post-thumbnail","hentry","category-prensa-adf","even alt"],"_links":{"self":[{"href":"https:\/\/adfformosa.com.ar\/index.php?rest_route=\/wp\/v2\/posts\/4196","targetHints":{"allow":["GET"]}}],"collection":[{"href":"https:\/\/adfformosa.com.ar\/index.php?rest_route=\/wp\/v2\/posts"}],"about":[{"href":"https:\/\/adfformosa.com.ar\/index.php?rest_route=\/wp\/v2\/types\/post"}],"author":[{"embeddable":true,"href":"https:\/\/adfformosa.com.ar\/index.php?rest_route=\/wp\/v2\/users\/3"}],"replies":[{"embeddable":true,"href":"https:\/\/adfformosa.com.ar\/index.php?rest_route=%2Fwp%2Fv2%2Fcomments&post=4196"}],"version-history":[{"count":3,"href":"https:\/\/adfformosa.com.ar\/index.php?rest_route=\/wp\/v2\/posts\/4196\/revisions"}],"predecessor-version":[{"id":4382,"href":"https:\/\/adfformosa.com.ar\/index.php?rest_route=\/wp\/v2\/posts\/4196\/revisions\/4382"}],"wp:featuredmedia":[{"embeddable":true,"href":"https:\/\/adfformosa.com.ar\/index.php?rest_route=\/wp\/v2\/media\/4197"}],"wp:attachment":[{"href":"https:\/\/adfformosa.com.ar\/index.php?rest_route=%2Fwp%2Fv2%2Fmedia&parent=4196"}],"wp:term":[{"taxonomy":"category","embeddable":true,"href":"https:\/\/adfformosa.com.ar\/index.php?rest_route=%2Fwp%2Fv2%2Fcategories&post=4196"},{"taxonomy":"post_tag","embeddable":true,"href":"https:\/\/adfformosa.com.ar\/index.php?rest_route=%2Fwp%2Fv2%2Ftags&post=4196"}],"curies":[{"name":"wp","href":"https:\/\/api.w.org\/{rel}","templated":true}]}}