{"id":4192,"date":"2016-04-04T16:25:22","date_gmt":"2016-04-04T19:25:22","guid":{"rendered":"http:\/\/adfformosa.com.ar\/?p=4192"},"modified":"2016-06-24T10:14:35","modified_gmt":"2016-06-24T13:14:35","slug":"luis-branchi-el-acatamiento-del-paro-en-formosa-fue-del-95","status":"publish","type":"post","link":"https:\/\/adfformosa.com.ar\/?p=4192","title":{"rendered":"Luis Branchi \u00bb El acatamiento del paro en Formosa fue del 95%\u00bb"},"content":{"rendered":"<div id=\"s-share-buttons\" class=\"horizontal-w-c-r-border s-share-w-c\"><a href=\"http:\/\/www.facebook.com\/sharer.php?u=https:\/\/adfformosa.com.ar\/?p=4192\" target=\"_blank\" title=\"Share to Facebook\" class=\"s3-facebook hint--top\"><\/a><a href=\"http:\/\/twitter.com\/intent\/tweet?text=Luis Branchi \u00bb El acatamiento del paro en Formosa fue del 95%\u00bb&url=https:\/\/adfformosa.com.ar\/?p=4192\" target=\"_blank\"  title=\"Share to Twitter\" class=\"s3-twitter hint--top\"><\/a><a href=\"https:\/\/plus.google.com\/share?url=https:\/\/adfformosa.com.ar\/?p=4192\" target=\"_blank\"  title=\"Share to Google Plus\" class=\"s3-google-plus hint--top\"><\/a><a href=\"http:\/\/www.digg.com\/submit?url=https:\/\/adfformosa.com.ar\/?p=4192\" target=\"_blank\"  title=\"Share to Digg\" class=\"s3-digg hint--top\"><\/a><a href=\"http:\/\/www.tumblr.com\/share\/link?url=https%3A%2F%2Fadfformosa.com.ar%2F%3Fp%3D4192&name=Luis+Branchi+%C2%BB+El+acatamiento+del+paro+en+Formosa+fue+del+95%25%C2%BB\" target=\"_blank\" title=\"Share to Tumblr\" class=\"s3-tumblr hint--top\"><\/a><a href=\"mailto:?Subject=Luis%20Branchi%20\u00bb%20El%20acatamiento%20del%20paro%20en%20Formosa%20fue%20del%2095%\u00bb&Body=Here%20is%20the%20link%20to%20the%20article:%20https:\/\/adfformosa.com.ar\/?p=4192\" title=\"Email this article\" class=\"s3-email hint--top\"><\/a><\/div><p style=\"text-align: justify;\"><img loading=\"lazy\" decoding=\"async\" class=\"wp-image-4193 size-full aligncenter\" src=\"https:\/\/adfformosa.com.ar\/wp-content\/uploads\/2016\/04\/SEIS-ADF-e1461612449666.jpg\" alt=\"\" width=\"600\" height=\"338\" \/><\/p>\n<p style=\"text-align: justify;\">El secretario general de la Agremiaci\u00f3n del Docente Formose\u00f1o (ADF), Luis Branchi, dialog\u00f3 con Radio Nacional Formosa, acerca del paro nacional llevado adelante el d\u00eda lunes en todo el pa\u00eds, y arroj\u00f3 datos sobre el acatamiento<\/p>\n<p style=\"text-align: justify;\">\u201cFue un paro con muy alto nivel de acatamiento, tanto en la provincia c\u00f3mo\u00a0 en el pa\u00eds. Verdaderamente\u00a0 creemos que esto va a marcar el camino para que podamos sentarnos a discutir, \u00a0a dialogar y de nuevo discutir pol\u00edticas que hab\u00edamos discutido en paritarias, \u00a0pero que hoy no se est\u00e1n llevando adelante, no se est\u00e1n cumpliendo\u201d dijo Branchi.<\/p>\n<p style=\"text-align: justify;\">Sobre los informes de un dispar acatamiento al paro,\u00a0 el titular de ADF manifest\u00f3 que \u201cla medici\u00f3n en nuestra provincia es arriba del 95 % y en el pa\u00eds es\u00a0 exactamente igual, esto es algo que est\u00e1 mostrando con su contundencia que estamos haciendo un reclamo leg\u00edtimo y que queremos sentarnos a discutir\u201d.<\/p>\n<p style=\"text-align: justify;\">Al hacer referencia sobre la continuidad de los distintos planes que dependen de la Naci\u00f3n, Branchi afirm\u00f3 que \u201chemos firmado un acuerdo paritario que en el punto tres habla de la continuidad del fondo compensador y del piso M\u00ednimo Vital y M\u00f3vil desde el mes de febrero, esto no se ha cumplido\u201d y agreg\u00f3 que \u201cel otro punto\u00a0 que tambi\u00e9n es sustancial es la continuidad de los planes socio- educativos como\u00a0 el programa Conectar Igualdad \u00a0y el Plan FINES que son programas que ellos siguen diciendo que contin\u00faan, \u00a0pero que en realidad no se renovaron contratos que se hicieron el 31 de diciembre pasado y en muchas provincias no hay \u00a0transferencia para estos. La situaci\u00f3n en Formosa es que los compa\u00f1eros no est\u00e1n cobrando\u201d, acot\u00f3.<\/p>\n<p style=\"text-align: justify;\">\u201cNosotros queremos sentarnos con el gobierno nacional, \u00a0con el Ministerio de Educaci\u00f3n y decirles que renueven los contratos de los compa\u00f1eros y transfieran los fondos. Lo mismo con relaci\u00f3n a la mejora salarial, \u00a0que era a partir de febrero y no de marzo como ellos est\u00e1n diciendo. Queremos renovar el dialogo con el ministro de Educaci\u00f3n de la Naci\u00f3n, (Esteban) Bullrich y mostrar que hay un posicionamiento que no es \u00fanicamente la ocurrencia de seis dirigentes sino que la docencia de todo el pa\u00eds acompa\u00f1a este reclamo\u201d, finaliz\u00f3 Luis Branchi.<\/p>\n<p style=\"text-align: justify;\">Fuente: Radio Nacional Formosa<\/p>\n","protected":false},"excerpt":{"rendered":"<p>El secretario general de la Agremiaci\u00f3n del Docente Formose\u00f1o (ADF), Luis Branchi, dialog\u00f3 con Radio Nacional Formosa, acerca del paro nacional llevado adelante el d\u00eda lunes en todo el pa\u00eds,&#8230; <span class=\"meta-more\"><a href=\"https:\/\/adfformosa.com.ar\/?p=4192\">Leer mas &raquo;<\/a><\/span><\/p>\n","protected":false},"author":3,"featured_media":4193,"comment_status":"open","ping_status":"closed","sticky":false,"template":"","format":"standard","meta":{"footnotes":""},"categories":[2],"tags":[],"class_list":["post-4192","post","type-post","status-publish","format-standard","has-post-thumbnail","hentry","category-prensa-adf","even alt"],"_links":{"self":[{"href":"https:\/\/adfformosa.com.ar\/index.php?rest_route=\/wp\/v2\/posts\/4192","targetHints":{"allow":["GET"]}}],"collection":[{"href":"https:\/\/adfformosa.com.ar\/index.php?rest_route=\/wp\/v2\/posts"}],"about":[{"href":"https:\/\/adfformosa.com.ar\/index.php?rest_route=\/wp\/v2\/types\/post"}],"author":[{"embeddable":true,"href":"https:\/\/adfformosa.com.ar\/index.php?rest_route=\/wp\/v2\/users\/3"}],"replies":[{"embeddable":true,"href":"https:\/\/adfformosa.com.ar\/index.php?rest_route=%2Fwp%2Fv2%2Fcomments&post=4192"}],"version-history":[{"count":2,"href":"https:\/\/adfformosa.com.ar\/index.php?rest_route=\/wp\/v2\/posts\/4192\/revisions"}],"predecessor-version":[{"id":4385,"href":"https:\/\/adfformosa.com.ar\/index.php?rest_route=\/wp\/v2\/posts\/4192\/revisions\/4385"}],"wp:featuredmedia":[{"embeddable":true,"href":"https:\/\/adfformosa.com.ar\/index.php?rest_route=\/wp\/v2\/media\/4193"}],"wp:attachment":[{"href":"https:\/\/adfformosa.com.ar\/index.php?rest_route=%2Fwp%2Fv2%2Fmedia&parent=4192"}],"wp:term":[{"taxonomy":"category","embeddable":true,"href":"https:\/\/adfformosa.com.ar\/index.php?rest_route=%2Fwp%2Fv2%2Fcategories&post=4192"},{"taxonomy":"post_tag","embeddable":true,"href":"https:\/\/adfformosa.com.ar\/index.php?rest_route=%2Fwp%2Fv2%2Ftags&post=4192"}],"curies":[{"name":"wp","href":"https:\/\/api.w.org\/{rel}","templated":true}]}}