{"id":4184,"date":"2016-04-05T16:10:41","date_gmt":"2016-04-05T19:10:41","guid":{"rendered":"http:\/\/adfformosa.com.ar\/?p=4184"},"modified":"2016-06-24T10:13:48","modified_gmt":"2016-06-24T13:13:48","slug":"adf-en-la-marcha-nacional-docente-realizada-en-buenos-aires-el-dia-4-de-abril","status":"publish","type":"post","link":"https:\/\/adfformosa.com.ar\/?p=4184","title":{"rendered":"ADF en la \u00abMarcha Nacional Docente\u00bb realizada en Buenos Aires el d\u00eda 4 de abril"},"content":{"rendered":"<div id=\"s-share-buttons\" class=\"horizontal-w-c-r-border s-share-w-c\"><a href=\"http:\/\/www.facebook.com\/sharer.php?u=https:\/\/adfformosa.com.ar\/?p=4184\" target=\"_blank\" title=\"Share to Facebook\" class=\"s3-facebook hint--top\"><\/a><a href=\"http:\/\/twitter.com\/intent\/tweet?text=ADF en la \u00abMarcha Nacional Docente\u00bb realizada en Buenos Aires el d\u00eda 4 de abril&url=https:\/\/adfformosa.com.ar\/?p=4184\" target=\"_blank\"  title=\"Share to Twitter\" class=\"s3-twitter hint--top\"><\/a><a href=\"https:\/\/plus.google.com\/share?url=https:\/\/adfformosa.com.ar\/?p=4184\" target=\"_blank\"  title=\"Share to Google Plus\" class=\"s3-google-plus hint--top\"><\/a><a href=\"http:\/\/www.digg.com\/submit?url=https:\/\/adfformosa.com.ar\/?p=4184\" target=\"_blank\"  title=\"Share to Digg\" class=\"s3-digg hint--top\"><\/a><a href=\"http:\/\/www.tumblr.com\/share\/link?url=https%3A%2F%2Fadfformosa.com.ar%2F%3Fp%3D4184&name=ADF+en+la+%C2%ABMarcha+Nacional+Docente%C2%BB+realizada+en+Buenos+Aires+el+d%C3%ADa+4+de+abril\" target=\"_blank\" title=\"Share to Tumblr\" class=\"s3-tumblr hint--top\"><\/a><a href=\"mailto:?Subject=ADF%20en%20la%20\u00abMarcha%20Nacional%20Docente\u00bb%20realizada%20en%20Buenos%20Aires%20el%20d\u00eda%204%20de%20abril&Body=Here%20is%20the%20link%20to%20the%20article:%20https:\/\/adfformosa.com.ar\/?p=4184\" title=\"Email this article\" class=\"s3-email hint--top\"><\/a><\/div><p><img loading=\"lazy\" decoding=\"async\" class=\"wp-image-4185 size-full aligncenter\" src=\"https:\/\/adfformosa.com.ar\/wp-content\/uploads\/2016\/04\/CINCO-PORTADA-e1461612081108.jpg\" alt=\"Luis Branchi- Secretario General de ADF en la &quot;Marcha Nacional Docente&quot; abril 2016,Bs.As.\" width=\"600\" height=\"338\" \/><\/p>\n<p style=\"text-align: justify;\">DISCURSO DE SONIA ALESSO &#8211; SECRETARIA GENERAL DE CTERA &#8211; PARO Y MOVILIZACI\u00d3N DEL 4 DE ABRIL DE 2016.<\/p>\n<p style=\"text-align: justify;\">\u00abBuenos d\u00edas compa\u00f1eros y compa\u00f1eras:<br \/>\nSaludar a todos los compa\u00f1eros y compa\u00f1eras de todo el pa\u00eds que hoy est\u00e1n aqu\u00ed, del norte al sur de nuestra querida Patria, a los compa\u00f1eros de SADOP, que nos acompa\u00f1an, a los compa\u00f1eros universitarios, a los compa\u00f1eros de Ate Capital, a los bancarios y de la CTA.<\/p>\n<p style=\"text-align: justify;\">Recordar en este d\u00eda a dos queridas compa\u00f1eras que andar\u00e1n haciendo marchas y asambleas por alg\u00fan lado, a Stella Maldonado y a Mary S\u00e1nchez.<\/p>\n<p style=\"text-align: justify;\">Quiero comenzar recordando a Rodolfo Walsh :<br \/>\nEl dec\u00eda con absoluta claridad:<\/p>\n<p style=\"text-align: justify;\">\u201cNuestras clases dominantes han procurado siempre que los trabajadores no tengan historia, no tengan doctrina, no tengan h\u00e9roes y m\u00e1rtires. Cada lucha debe empezar de nuevo, separada de las luchas anteriores: la experiencia colectiva se pierde, las lecciones se olvidan. La historia parece as\u00ed como propiedad privada cuyos due\u00f1os son los due\u00f1os de todas las otras cosas\u201d.<\/p>\n<p style=\"text-align: justify;\">Estamos aqu\u00ed porque estamos orgullosos de la historia de CTERA, estamos aqu\u00ed porque no olvidamos las lecciones, porque hace 19 a\u00f1os, pon\u00edamos la Carpa Blanca de la dignidad, exigiendo una Ley de Financiamiento Educativo y por la Derogaci\u00f3n de la Ley Federal de Educaci\u00f3n, cuando el pa\u00eds era un mar de conflictos provinciales, y sufr\u00edamos un brutal ajuste sobre los sectores populares.<\/p>\n<p style=\"text-align: justify;\">No olvidamos las lecciones porque sabemos lo que es ver a los maestros sin cobrar y a nuestros pibes morirse de hambre.<\/p>\n<p style=\"text-align: justify;\">Estamos aqu\u00ed porque para nosotros no hay h\u00e9roes individuales, sino h\u00e9roes colectivos, porque sabemos que la \u00fanica lucha destinada a triunfar, es la que damos en UNIDAD con el conjunto de la clase trabajadora.<\/p>\n<p style=\"text-align: justify;\">Estamos aqu\u00ed porque no queremos retroceder ni un palmo en nuestras conquistas, en nuestros derechos.<br \/>\nEstamos aqu\u00ed llevando adelante este paro nacional de CTERA porque decimos NO A LA IMPUNIDAD.<\/p>\n<p style=\"text-align: justify;\">Porque venimos a exigir JUSTICIA COMPLETA por Carlos Fuentealba, porque para nosotros la muerte de un maestro es un l\u00edmite que no vamos a tolerar.<\/p>\n<p style=\"text-align: justify;\">Porque es un asesinato perpetrado por el estado, que no prescribe, como no prescribe nuestra memoria.<br \/>\nPorque Carlos est\u00e1 en cada escuela, en cada acto, en los murales, en los carteles de los maestros y maestras de todo el pa\u00eds.<\/p>\n<p style=\"text-align: justify;\">Nos han criticado que este paro sea para pedir justicia por Carlos Fuentealba, nos han pedido que fu\u00e9ramos creativos, mientras nos pretenden cerrar la causa y consagrar la impunidad. Yo les pregunto: Hubieran hablado los medios nacionales y provinciales de Carlos, sin este paro nacional ?<\/p>\n<p style=\"text-align: justify;\">Molesta la MEMORIA, molesta que no nos resignemos, molesta la persistencia de la lucha de los docentes para que haya JUSTICIA.<\/p>\n<p style=\"text-align: justify;\">Porque decimos no a la IMPUNIDAD, a la de ayer y a la de HOY .<\/p>\n<p style=\"text-align: justify;\">Porque hoy pretenden CRIMINALIZAR LA PROTESTA SOCIAL.<\/p>\n<p style=\"text-align: justify;\">Porque el segundo de Patricia Bulrich, la autora del Protocolo de Seguridad , es Eugenio Burzaco, asesor de Sobisch en Neuqu\u00e9n cuando se asesin\u00f3 a Carlos Fuentealba.<\/p>\n<p style=\"text-align: justify;\">Porque claramente ese protocolo est\u00e1 dise\u00f1ado para acallar las luchas y la protesta social que va a crecer con estas medidas econ\u00f3micas.<\/p>\n<p style=\"text-align: justify;\">Estamos aqu\u00ed porque todav\u00eda hay conflictos provinciales sin resolver, Mendoza, Santiago del Estero, Jujuy, Santa Cruz , Tierra del Fuego.<\/p>\n<p style=\"text-align: justify;\">Estamos aqu\u00ed porque se pretende instalar un nuevo ajuste, no como en los 90, distinto, m\u00e1s complejo y sofisticado, se pretende imponer un presentismo en Mendoza llamado ITEM AULA, una nueva forma de ajuste, violando nuestros derechos.<\/p>\n<p style=\"text-align: justify;\">Porque en Santiago del Estero, y a pesar de las marchas, actos y paros, no se ha llamado a los docentes a discutir, a mejorar el salario, a cumplir con la paritaria.<\/p>\n<p style=\"text-align: justify;\">Estamos aqu\u00ed porque se pretendi\u00f3 poner techo a las paritarias provinciales, ya lo dec\u00edamos en marzo, donde se ponga techo a las paritarias va a ver conflicto: ah\u00ed lo tenemos Mendoza, Santiago del Estero, Jujuy, Santa Cruz y Tierra del Fuego con conflictos.<\/p>\n<p style=\"text-align: justify;\">Exigimos al gobierno nacional y a los gobiernos provinciales, que resuelvan estos conflictos.<\/p>\n<p style=\"text-align: justify;\">Estamos aqu\u00ed porque mientras discutimos aumentos en las provincias y a nivel nacional, el gobierno lleva adelante una feroz trasferencia de recursos a los sectores de poder concentrado, PAGO A LOS FONDOS BUITRES, tarifazos , aumentos del trasporte, la luz, el gas, los alimentos.<\/p>\n<p style=\"text-align: justify;\">De que paritaria pueden hablarnos a los trabajadores cuando vemos que mientras discutimos salarios y paritarias, los aumentos de la canasta familiar hacen que no lleguemos a fin de mes.<\/p>\n<p style=\"text-align: justify;\">Hoy en todo el pa\u00eds vemos como nuestros ni\u00f1os y ni\u00f1as , vuelven a los comedores escolares, desgarra, duele, son cifras que alarman, pero eso no lo veremos por televisi\u00f3n , ni en los grandes diarios.<\/p>\n<p style=\"text-align: justify;\">Esta verdad se oculta, como se oculta el aumento de enfermedades que pueden ser prevenidas, al mismo tiempo que se despide trabajadores que se desempe\u00f1an en esas \u00e1reas.<\/p>\n<p style=\"text-align: justify;\">Vemos como despiden trabajadores estatales fuertemente vinculados a la tarea educativa, Salud, Derechos Humanos, Museos, Tecn\u00f3polis, Biblioteca Nacional, quieren expropiarnos hasta la historia , compa\u00f1eros y compa\u00f1eras.<\/p>\n<p style=\"text-align: justify;\">Estamos aqu\u00ed defendiendo los planes nacionales socio educativos, porque para nosotros los planes CONECTAR IGUALDAD, FINES, CAJ, CAI, ORQUESTAS Y COROS INFANTILES, RADIOS COMUNITARIAS y ESCOLARES, no son solo puestos de trabajo que vamos a defender , sino tambi\u00e9n son formas de igualdad educativa, de soberan\u00eda tecnol\u00f3gica.<\/p>\n<p style=\"text-align: justify;\">Porque significan el acceso a la alfabetizaci\u00f3n digital, al arte, a la comunicaci\u00f3n.<\/p>\n<p style=\"text-align: justify;\">Porque es intransferible la experiencia de un ni\u00f1o o joven que puede tocar un viol\u00edn , o un oboe en una escuela rural, de isla, de monta\u00f1a, de la periferia de cualquiera de nuestras ciudades.<\/p>\n<p style=\"text-align: justify;\">Porque cuando discutimos Conectar Igualdad tambi\u00e9n discutimos soberan\u00eda tecnol\u00f3gica, software libre y no negocios para unos pocos.<\/p>\n<p style=\"text-align: justify;\">Jos\u00e9 Mart\u00ed dec\u00eda : Solo la educaci\u00f3n los har\u00e1 libres, por eso peleamos por la mejor educaci\u00f3n para nuestros ni\u00f1os, ni\u00f1as, j\u00f3venes y adultos, por eso estamos reclamando una LEY DE FINANCIAMIENTO EDUCATIVO, que lleve el presupuesto del 6 al 10 por ciento del PBI, necesitamos esa ley, necesitamos que se trate en el Congreso Nacional, necesitamos el compromiso de toda la docencia exigiendo a sus legisladores provinciales y nacionales que apoyen esa ley.<\/p>\n<p style=\"text-align: justify;\">Como va a haber educaci\u00f3n de calidad, sin presupuestos, sin edificios escolares dignos, sin Jornada Extendida o Ampliada, sin netbook , sin orquestas, sin radios escolares.<\/p>\n<p style=\"text-align: justify;\">Como va a haber educaci\u00f3n de calidad, cuando nuestros gobernantes dialogan en Dubai o EEUU, con los magnates de las empresas multinacionales que hoy ven a la educaci\u00f3n como un gran negocio.<\/p>\n<p style=\"text-align: justify;\">Hay que correr el velo de tanta mentira, hay que ver el verdadero proyecto educativo del gobierno. Hay que disputar el sentido de la ESCUELA QUE QUEREMOS.<\/p>\n<p style=\"text-align: justify;\">Nos hablan de calidad, qui\u00e9n sino nosotros, los maestros y profesores de la Argentina peleamos por la MEJOR EDUCACI\u00d3N, quienes peleamos por la LEY DE EDUCACI\u00d3N TECNICA, LA NUEVA LEY DE EDUCACI\u00d3N, LA LEY DE FINANCIAMIENTO EDUCATIVO, LA LEY DE EDUCACI\u00d3N SEXUAL INTEGRAL ?<\/p>\n<p style=\"text-align: justify;\">Qui\u00e9nes sino nosotros reclamamos todos los d\u00edas cuando se cae el techo de una escuela, cuando no hay transporte para llegar al medio de una escuelita rural, o una lancha para llegar a la escuela de islas ?<\/p>\n<p style=\"text-align: justify;\">Qui\u00e9nes sino nosotros , nos preocupamos cuando un ni\u00f1o no viene a la escuela, o es maltratado o abusado ?<\/p>\n<p style=\"text-align: justify;\">Qui\u00e9nes sino nosotros juntamos plata para que puedan ver una obra de teatro, o viajar, o ir de campamento.<\/p>\n<p style=\"text-align: justify;\">Por todo eso compa\u00f1eros y compa\u00f1eras, a defender lo que construimos, a pelear por lo que falta !!!!<\/p>\n<p style=\"text-align: justify;\">Que no nos roben la alegr\u00eda de ense\u00f1ar ! Que no nos roben el deber de indignarnos ante la injusticia , como dec\u00eda Isauro Arancibia .<\/p>\n<p style=\"text-align: justify;\">La Madres y Abuelas nos ense\u00f1aron que \u00fanica lucha que se pierde es la que se abandona , por eso JUSTICIA COMPLETA POR CARLOS FUENTEALBA !!!<\/p>\n<p style=\"text-align: justify;\">Fuerza compa\u00f1eros y compa\u00f1eras , por los pibes, por la Escuela P\u00fablica , porque estamos orgullosos de nuestra historia, NUNCA MENOS !!!!\u00bb<\/p>\n<p style=\"text-align: justify;\">Sonia Alesso<br \/>\nSecretaria General<br \/>\nCTERA<br \/>\n4 de abril 2016<\/p>\n<p><strong>Galer\u00eda de Fotos<\/strong><\/p>\n<p><img loading=\"lazy\" decoding=\"async\" class=\"aligncenter wp-image-4189 size-full\" src=\"https:\/\/adfformosa.com.ar\/wp-content\/uploads\/2016\/04\/CUATRO-ADF-e1466773963640.jpg\" width=\"600\" height=\"338\" \/><\/p>\n<p><img loading=\"lazy\" decoding=\"async\" class=\"aligncenter wp-image-4188 size-full\" src=\"https:\/\/adfformosa.com.ar\/wp-content\/uploads\/2016\/04\/TRES-ADF-e1466773980671.jpg\" width=\"600\" height=\"338\" \/><\/p>\n<p><img loading=\"lazy\" decoding=\"async\" class=\"aligncenter wp-image-4187 size-full\" src=\"https:\/\/adfformosa.com.ar\/wp-content\/uploads\/2016\/04\/DOS-ADF-e1466773992240.jpg\" width=\"600\" height=\"338\" \/><\/p>\n<p><img loading=\"lazy\" decoding=\"async\" class=\"aligncenter wp-image-4186 size-full\" src=\"https:\/\/adfformosa.com.ar\/wp-content\/uploads\/2016\/04\/UNO-ADF-e1466774004630.jpg\" width=\"600\" height=\"338\" \/><\/p>\n","protected":false},"excerpt":{"rendered":"<p>DISCURSO DE SONIA ALESSO &#8211; SECRETARIA GENERAL DE CTERA &#8211; PARO Y MOVILIZACI\u00d3N DEL 4 DE ABRIL DE 2016. \u00abBuenos d\u00edas compa\u00f1eros y compa\u00f1eras: Saludar a todos los compa\u00f1eros y&#8230; <span class=\"meta-more\"><a href=\"https:\/\/adfformosa.com.ar\/?p=4184\">Leer mas &raquo;<\/a><\/span><\/p>\n","protected":false},"author":3,"featured_media":4186,"comment_status":"open","ping_status":"closed","sticky":false,"template":"","format":"standard","meta":{"footnotes":""},"categories":[2],"tags":[],"class_list":["post-4184","post","type-post","status-publish","format-standard","has-post-thumbnail","hentry","category-prensa-adf","even alt"],"_links":{"self":[{"href":"https:\/\/adfformosa.com.ar\/index.php?rest_route=\/wp\/v2\/posts\/4184","targetHints":{"allow":["GET"]}}],"collection":[{"href":"https:\/\/adfformosa.com.ar\/index.php?rest_route=\/wp\/v2\/posts"}],"about":[{"href":"https:\/\/adfformosa.com.ar\/index.php?rest_route=\/wp\/v2\/types\/post"}],"author":[{"embeddable":true,"href":"https:\/\/adfformosa.com.ar\/index.php?rest_route=\/wp\/v2\/users\/3"}],"replies":[{"embeddable":true,"href":"https:\/\/adfformosa.com.ar\/index.php?rest_route=%2Fwp%2Fv2%2Fcomments&post=4184"}],"version-history":[{"count":3,"href":"https:\/\/adfformosa.com.ar\/index.php?rest_route=\/wp\/v2\/posts\/4184\/revisions"}],"predecessor-version":[{"id":4384,"href":"https:\/\/adfformosa.com.ar\/index.php?rest_route=\/wp\/v2\/posts\/4184\/revisions\/4384"}],"wp:featuredmedia":[{"embeddable":true,"href":"https:\/\/adfformosa.com.ar\/index.php?rest_route=\/wp\/v2\/media\/4186"}],"wp:attachment":[{"href":"https:\/\/adfformosa.com.ar\/index.php?rest_route=%2Fwp%2Fv2%2Fmedia&parent=4184"}],"wp:term":[{"taxonomy":"category","embeddable":true,"href":"https:\/\/adfformosa.com.ar\/index.php?rest_route=%2Fwp%2Fv2%2Fcategories&post=4184"},{"taxonomy":"post_tag","embeddable":true,"href":"https:\/\/adfformosa.com.ar\/index.php?rest_route=%2Fwp%2Fv2%2Ftags&post=4184"}],"curies":[{"name":"wp","href":"https:\/\/api.w.org\/{rel}","templated":true}]}}