{"id":4178,"date":"2016-03-28T17:19:42","date_gmt":"2016-03-28T20:19:42","guid":{"rendered":"http:\/\/adfformosa.com.ar\/?p=4178"},"modified":"2016-06-24T10:18:48","modified_gmt":"2016-06-24T13:18:48","slug":"fuentealba-ii-un-crimen-de-estado-una-grave-violacion-a-los-derechos-humanos","status":"publish","type":"post","link":"https:\/\/adfformosa.com.ar\/?p=4178","title":{"rendered":"FUENTEALBA II UN CRIMEN DE ESTADO, UNA GRAVE VIOLACI\u00d3N A LOS DERECHOS HUMANOS"},"content":{"rendered":"<div id=\"s-share-buttons\" class=\"horizontal-w-c-r-border s-share-w-c\"><a href=\"http:\/\/www.facebook.com\/sharer.php?u=https:\/\/adfformosa.com.ar\/?p=4178\" target=\"_blank\" title=\"Share to Facebook\" class=\"s3-facebook hint--top\"><\/a><a href=\"http:\/\/twitter.com\/intent\/tweet?text=FUENTEALBA II UN CRIMEN DE ESTADO, UNA GRAVE VIOLACI\u00d3N A LOS DERECHOS HUMANOS&url=https:\/\/adfformosa.com.ar\/?p=4178\" target=\"_blank\"  title=\"Share to Twitter\" class=\"s3-twitter hint--top\"><\/a><a href=\"https:\/\/plus.google.com\/share?url=https:\/\/adfformosa.com.ar\/?p=4178\" target=\"_blank\"  title=\"Share to Google Plus\" class=\"s3-google-plus hint--top\"><\/a><a href=\"http:\/\/www.digg.com\/submit?url=https:\/\/adfformosa.com.ar\/?p=4178\" target=\"_blank\"  title=\"Share to Digg\" class=\"s3-digg hint--top\"><\/a><a href=\"http:\/\/www.tumblr.com\/share\/link?url=https%3A%2F%2Fadfformosa.com.ar%2F%3Fp%3D4178&name=FUENTEALBA+II+UN+CRIMEN+DE+ESTADO%2C+UNA+GRAVE+VIOLACI%C3%93N+A+LOS+DERECHOS+HUMANOS\" target=\"_blank\" title=\"Share to Tumblr\" class=\"s3-tumblr hint--top\"><\/a><a href=\"mailto:?Subject=FUENTEALBA%20II%20UN%20CRIMEN%20DE%20ESTADO,%20UNA%20GRAVE%20VIOLACI\u00d3N%20A%20LOS%20DERECHOS%20HUMANOS&Body=Here%20is%20the%20link%20to%20the%20article:%20https:\/\/adfformosa.com.ar\/?p=4178\" title=\"Email this article\" class=\"s3-email hint--top\"><\/a><\/div><p style=\"text-align: justify;\"><img loading=\"lazy\" decoding=\"async\" class=\"wp-image-4179  alignleft\" src=\"https:\/\/adfformosa.com.ar\/wp-content\/uploads\/2016\/03\/d94fe96e80f20bc3c3bb3c5d861e22c8_XL-e1459369452936.jpg\" alt=\"\" width=\"241\" height=\"268\" \/>En la Causa Fuentealba II, buscamos impulsar la investigaci\u00f3n en la b\u00fasqueda de Justicia Completa, para dar con los autores ideol\u00f3gicos o mediatos del asesinato de Carlos Fuentealba: quienes idearon, supervisaron y ejecutaron el plan dise\u00f1ado para matar. Es decir investigar, lo que es sin lugar a dudas, UN CRIMEN DE ESTADO, UNA GRAVE VIOLACI\u00d3N A LOS DERECHOS HUMANOS.<\/p>\n<p style=\"text-align: justify;\">Durante estos casi nueve a\u00f1os hemos estado luchando para conseguir que se avanzara en la investigaci\u00f3n, logramos la condena ejemplar al ex cabo de la polic\u00eda neuquina Dar\u00edo Poblete, a prisi\u00f3n perpetua.<\/p>\n<p style=\"text-align: justify;\">Sin embargo en la causa Fuentealba II se han presentado serios obst\u00e1culos judiciales y pol\u00edticos, para avanzar en la investigaci\u00f3n. El Ministerio P\u00fablico Fiscal oper\u00f3 como un agente de la defensa, cuando no asumi\u00f3 directamente el rol de defensa con argumentos propios de los imputados. La Fiscal\u00eda omiti\u00f3 producir pruebas o acompa\u00f1ar al querellante, y se est\u00f3 hasta el momento se torn\u00f3 un obst\u00e1culo dif\u00edcil de franquear. La fiscal\u00eda sostiene que la polic\u00eda durante el operativo que culmin\u00f3 con el intento de encubrir el fusilamiento de Carlos Fuentealba, actu\u00f3 de forma acorde, que no hubo excesos y que la represi\u00f3n estaba justificada, pretendiendo invertir la situaci\u00f3n, y pr\u00e1cticamente culpando a las maestras.<\/p>\n<p style=\"text-align: justify;\">Sin el acompa\u00f1amiento fiscal se torna muy dif\u00edcil avanzar en la investigaci\u00f3n,\u00a0 para saber cu\u00e1les fueron las comunicaciones de ese d\u00eda entre los funcionarios pol\u00edticos y policiales presentes en el lugar, con el ex gobernador Sobisch, con que contenido. O por ejemplo saber porque ese d\u00eda hubo presencia de los m\u00e1s altos jefes policiales y el secretario de seguridad en el \u201cOperativo Arroyito\u201d; que justific\u00f3 la concentraci\u00f3n de todos los grupos especiales de la polic\u00eda de la provincia; porqu\u00e9 se realiz\u00f3 la mayor concentraci\u00f3n de efectivos uniformados y de civil, nunca antes vista; con una gran cantidad de veh\u00edculos policiales identificados y no identificados, con una in\u00e9dita cantidad de pertrechos; con ambulancias previstas; porque las tres olas de represi\u00f3n , y la formaci\u00f3n que permite a Poblete desprenderse y ponerse en posici\u00f3n de disparo, y luego encubrirlo por 36 hs. Estos, y otros interrogantes, no tienen respuesta judicial porque no se investigaron.<\/p>\n<p style=\"text-align: justify;\">El 4 de abril de 2007 en Arroyito existi\u00f3 un plan para matar, se cometi\u00f3 UN CRIMEN DE ESTADO y como tal NO PRESCRIBE<\/p>\n<h3 style=\"text-align: justify;\"><span style=\"text-decoration: underline;\">Aqu\u00ed una s\u00edntesis de los \u00faltimos eventos en la justicia.<\/span><\/h3>\n<p style=\"text-align: justify;\">* <span style=\"text-decoration: underline;\">\u00a0<strong style=\"font-weight: 600;\">5 de Septiembre de 2014\u00a0<\/strong><\/span><\/p>\n<p style=\"text-align: justify;\">La juez de garant\u00edas,\u00a0<strong style=\"font-weight: 600;\">SOBRESEY\u00d3<\/strong>\u00a0a los 15 imputados (a la fecha Sobisch no est\u00e1 imputado, la justicia sistem\u00e1ticamente rechaz\u00f3 o cuando menos entorpeci\u00f3 los planteos respecto del ex gobernador. Desde la querella se le atribuye al ex Gobernador Jorge Sobisch la siguiente \u00a0calificaci\u00f3n jur\u00eddica<strong style=\"font-weight: 600;\">\u00a0\u00ab&#8230;<em>El hecho debe ser calificado como delito de\u00a0Homicidio Culposo\u00a0en perjuicio de Carlos Fuentealba\u00a0en car\u00e1cter de\u00a0coautor\u2026\u201d\u00a0<\/em><\/strong>).\u00a0<strong style=\"font-weight: 600;\">La querella apel\u00f3<\/strong><\/p>\n<p style=\"text-align: justify;\">*\u00a0<span style=\"text-decoration: underline;\"><strong style=\"font-weight: 600;\">22 de abril de 2015<\/strong><\/span><\/p>\n<p style=\"text-align: justify;\">El Tribunal de Impugnaci\u00f3n en un fallo dividido\u00a0<strong style=\"font-weight: 600;\">REVOC\u00d3 esos SOBRESEIMIENTOS<\/strong>.<\/p>\n<p style=\"text-align: justify;\"><strong style=\"font-weight: 600;\">Las DEFENSAS DE LOS IMPUTADOS APELARON ante el TSJ<\/strong><\/p>\n<p style=\"text-align: justify;\">*<span style=\"text-decoration: underline;\">\u00a0<strong style=\"font-weight: 600;\">7 \u00a0septiembre de 2015<\/strong>\u00a0\u00a0<\/span><\/p>\n<p style=\"text-align: justify;\">El Tribunal Superior de Justicia del Neuqu\u00e9n rechaza todos los planteos realizados por las defensas. Pasados los diez d\u00edas h\u00e1biles la resoluci\u00f3n del TSj qued\u00f3 firme porque\u00a0<strong style=\"font-weight: 600;\">las defensas NO plantearon ning\u00fan Recurso Extraordinario Federal<\/strong><\/p>\n<p style=\"text-align: justify;\"><strong style=\"font-weight: 600;\">*<span style=\"text-decoration: underline;\">10 de diciembre de 2015<\/span>\u00a0<\/strong><\/p>\n<p style=\"text-align: justify;\"><strong style=\"font-weight: 600;\">La querella solicita la\u00a0audiencia de formulaci\u00f3n de cargos.<\/strong>\u00a0Para esta Audiencia los querellantes Palmieri y Menda\u00f1a le atribuyen a cada uno de los imputados conductas vinculadas al asesinato de Carlos Fuentealba, con una importante NOVEDAD: al EX GOBERNADOR SOBISCH SE LO INCLUYE EN LAS ACUSACIONES atribuy\u00e9ndole\u00a0<strong style=\"font-weight: 600;\">\u00a0\u00ab&#8230;<em>\u00a0El hecho debe ser provisionalmente calificado como delito de\u00a0Homicidio Culposo\u00a0en perjuicio de Carlos Fuentealba\u00a0en car\u00e1cter de\u00a0coautor,\u00a0conforme art. 84 y 45 del C\u00f3digo Penal&#8230;<\/em>\u00ab<\/strong><\/p>\n<p style=\"text-align: justify;\"><strong style=\"font-weight: 600;\">*\u00a0<\/strong><span style=\"text-decoration: underline;\">El d\u00eda lunes\u00a0<strong style=\"font-weight: 600;\">22 de febrero\u00a0 DE 2016<\/strong><\/span>, se realiz\u00f3 una audiencia en la que se debatieron nuevamente los planteos de SOBRESEIMIENTO de la Fiscal\u00eda y los de Formulaci\u00f3n de Cargos de la querella. Casi un a\u00f1o despu\u00e9s de la fallida audiencia (27\/02\/15) en la que se deb\u00eda resolver, si en la Causa F II hab\u00edan operado los plazos razonables o no, (Fallo Malvido). Finalmente este tema se resolvi\u00f3 en el TSJ en septiembre de 2015 que rechaz\u00f3 todos los planteos de las defensas y de la Fiscal\u00eda, que operan como un bloque \u00fanico de resguardo de los intereses jur\u00eddicos del ex Gobernador Sobisch.<\/p>\n<p style=\"text-align: justify;\"><strong style=\"font-weight: 600;\">El 25 de febrero de 2016, se conoci\u00f3 el resultado, que fue el de sobreseer a todos los imputados. ESTE FALLO FUE APELADO ANTE EL TRIBUNJAL DE IMPUGNACI\u00d3N DEL NEUQU\u00c9N<\/strong>.<\/p>\n<p style=\"text-align: justify;\">LA CAUSA FUENTEALBA II LLEG\u00d3 EN varias oportunidades ante el Tribunal Superior de Justicia del Neuqu\u00e9n. Y parece que va a llegar nuevamente.<\/p>\n<p style=\"text-align: justify;\">FUENTEALBA II<\/p>\n<p style=\"text-align: justify;\">UN CRIMEN DE ESTADO NO PRESCRIBE, UNA GRAVE VIOLACI\u00d3N A LOS DERECHOS HUMANOS, TAMPOCO<\/p>\n<p style=\"text-align: justify;\">Juicio y castigo a todos los responsables del fusilamiento p\u00fablico de Carlos Fuentealba<\/p>\n<p style=\"text-align: justify;\">C\u00e1rcel a Sobisch<\/p>\n<p style=\"text-align: justify;\">Neuqu\u00e9n 28 de marzo de 2016.<\/p>\n","protected":false},"excerpt":{"rendered":"<p>En la Causa Fuentealba II, buscamos impulsar la investigaci\u00f3n en la b\u00fasqueda de Justicia Completa, para dar con los autores ideol\u00f3gicos o mediatos del asesinato de Carlos Fuentealba: quienes idearon,&#8230; <span class=\"meta-more\"><a href=\"https:\/\/adfformosa.com.ar\/?p=4178\">Leer mas &raquo;<\/a><\/span><\/p>\n","protected":false},"author":3,"featured_media":4166,"comment_status":"open","ping_status":"closed","sticky":false,"template":"","format":"standard","meta":{"footnotes":""},"categories":[2],"tags":[],"class_list":["post-4178","post","type-post","status-publish","format-standard","has-post-thumbnail","hentry","category-prensa-adf","even alt"],"_links":{"self":[{"href":"https:\/\/adfformosa.com.ar\/index.php?rest_route=\/wp\/v2\/posts\/4178","targetHints":{"allow":["GET"]}}],"collection":[{"href":"https:\/\/adfformosa.com.ar\/index.php?rest_route=\/wp\/v2\/posts"}],"about":[{"href":"https:\/\/adfformosa.com.ar\/index.php?rest_route=\/wp\/v2\/types\/post"}],"author":[{"embeddable":true,"href":"https:\/\/adfformosa.com.ar\/index.php?rest_route=\/wp\/v2\/users\/3"}],"replies":[{"embeddable":true,"href":"https:\/\/adfformosa.com.ar\/index.php?rest_route=%2Fwp%2Fv2%2Fcomments&post=4178"}],"version-history":[{"count":3,"href":"https:\/\/adfformosa.com.ar\/index.php?rest_route=\/wp\/v2\/posts\/4178\/revisions"}],"predecessor-version":[{"id":4391,"href":"https:\/\/adfformosa.com.ar\/index.php?rest_route=\/wp\/v2\/posts\/4178\/revisions\/4391"}],"wp:featuredmedia":[{"embeddable":true,"href":"https:\/\/adfformosa.com.ar\/index.php?rest_route=\/wp\/v2\/media\/4166"}],"wp:attachment":[{"href":"https:\/\/adfformosa.com.ar\/index.php?rest_route=%2Fwp%2Fv2%2Fmedia&parent=4178"}],"wp:term":[{"taxonomy":"category","embeddable":true,"href":"https:\/\/adfformosa.com.ar\/index.php?rest_route=%2Fwp%2Fv2%2Fcategories&post=4178"},{"taxonomy":"post_tag","embeddable":true,"href":"https:\/\/adfformosa.com.ar\/index.php?rest_route=%2Fwp%2Fv2%2Ftags&post=4178"}],"curies":[{"name":"wp","href":"https:\/\/api.w.org\/{rel}","templated":true}]}}