{"id":4169,"date":"2016-03-29T17:10:16","date_gmt":"2016-03-29T20:10:16","guid":{"rendered":"http:\/\/adfformosa.com.ar\/?p=4169"},"modified":"2016-06-24T10:19:05","modified_gmt":"2016-06-24T13:19:05","slug":"cteraacto-homenaje-a-los-docentes-detenidosdesaparecidos-y-asesinados","status":"publish","type":"post","link":"https:\/\/adfformosa.com.ar\/?p=4169","title":{"rendered":"CTERA: ACTO HOMENAJE A LOS DOCENTES DETENIDOS,DESAPARECIDOS Y ASESINADOS"},"content":{"rendered":"<div id=\"s-share-buttons\" class=\"horizontal-w-c-r-border s-share-w-c\"><a href=\"http:\/\/www.facebook.com\/sharer.php?u=https:\/\/adfformosa.com.ar\/?p=4169\" target=\"_blank\" title=\"Share to Facebook\" class=\"s3-facebook hint--top\"><\/a><a href=\"http:\/\/twitter.com\/intent\/tweet?text=CTERA: ACTO HOMENAJE A LOS DOCENTES DETENIDOS,DESAPARECIDOS Y ASESINADOS&url=https:\/\/adfformosa.com.ar\/?p=4169\" target=\"_blank\"  title=\"Share to Twitter\" class=\"s3-twitter hint--top\"><\/a><a href=\"https:\/\/plus.google.com\/share?url=https:\/\/adfformosa.com.ar\/?p=4169\" target=\"_blank\"  title=\"Share to Google Plus\" class=\"s3-google-plus hint--top\"><\/a><a href=\"http:\/\/www.digg.com\/submit?url=https:\/\/adfformosa.com.ar\/?p=4169\" target=\"_blank\"  title=\"Share to Digg\" class=\"s3-digg hint--top\"><\/a><a href=\"http:\/\/www.tumblr.com\/share\/link?url=https%3A%2F%2Fadfformosa.com.ar%2F%3Fp%3D4169&name=CTERA%3A+ACTO+HOMENAJE+A+LOS+DOCENTES+DETENIDOS%2CDESAPARECIDOS+Y+ASESINADOS\" target=\"_blank\" title=\"Share to Tumblr\" class=\"s3-tumblr hint--top\"><\/a><a href=\"mailto:?Subject=CTERA:%20ACTO%20HOMENAJE%20A%20LOS%20DOCENTES%20DETENIDOS,DESAPARECIDOS%20Y%20ASESINADOS&Body=Here%20is%20the%20link%20to%20the%20article:%20https:\/\/adfformosa.com.ar\/?p=4169\" title=\"Email this article\" class=\"s3-email hint--top\"><\/a><\/div><p style=\"text-align: justify;\"><img loading=\"lazy\" decoding=\"async\" class=\"wp-image-4170  alignleft\" src=\"https:\/\/adfformosa.com.ar\/wp-content\/uploads\/2016\/03\/desaparecidos-ctera-e1459368795968.jpg\" alt=\"CTERA ACTO HOMENAJE A LOS DOCENTES DESAPARECIDOS\" width=\"351\" height=\"234\" \/><\/p>\n<p style=\"text-align: justify;\">Este 29 de marzo, en el sal\u00f3n auditorio Isauro Arancibia de la Confederaci\u00f3n de Trabajadores de la Educaci\u00f3n de la Republica Argentina, se descubri\u00f3 la placa en homenaje a los compa\u00f1eros detenidos-desaparecidos y asesinados por el terrorismo de estado, a 40 a\u00f1os de la dictadura C\u00edvico-Militar.<\/p>\n<p style=\"text-align: justify;\">En un emotivo acto la Secretaria General, Sonia Alesso, el Secretario de Derechos Humanos, Rogelio De Leonardi y los miembros de la Junta Ejecutiva de CTERA rindieron homenaje a los compa\u00f1eros que siguen vivos en la memoria de los trabajadores de la educaci\u00f3n.<\/p>\n<p style=\"text-align: justify;\">Cont\u00f3 con la presencia de representantes de organismos de derechos humanos, compa\u00f1eros de los sindicatos de base de todo el pa\u00eds y militantes de todas las edades que se fundieron en un sentido aplauso para recordar la historia de vida y lucha de los m\u00e1s de 600 docentes detenidos-desaparecidos y asesinados durante la etapa mas cruenta de la historia argentina.<\/p>\n<h3 style=\"text-align: center;\">\u00a0<span style=\"text-decoration: underline;\"><span style=\"color: #800080;\"><strong>Texto de la Placa<\/strong><\/span><\/span><\/h3>\n<blockquote>\n<p style=\"text-align: center;\">\u00a0<span style=\"color: #800080;\"><strong style=\"font-weight: 600;\"><em>\u00abAl cumplirse 40 a\u00f1os del golpe c\u00edvico-militar genocida de 1976, la Confederaci\u00f3n de Trabajadores de la Educaci\u00f3n de la Rep\u00fablica Argentina honra la memoria de los\/las docentes detenidos\/as desaparecidos\/as y asesinados\/as por el terrorismo de Estado. Su ausencia junto a otros miles de todo el pa\u00eds, est\u00e1 presente en nuestra memoria y en el reclamo de justicia\u00bb<\/em><\/strong><\/span><\/p>\n<p style=\"text-align: center;\"><img loading=\"lazy\" decoding=\"async\" class=\"wp-image-4171 size-full aligncenter\" src=\"https:\/\/adfformosa.com.ar\/wp-content\/uploads\/2016\/03\/1-e1459368854613.jpg\" alt=\"\" width=\"600\" height=\"400\" \/><\/p>\n<\/blockquote>\n<p>Alejandro Demichelis\u00a0\u00a0\u00a0\u00a0\u00a0\u00a0\u00a0\u00a0\u00a0\u00a0\u00a0\u00a0\u00a0\u00a0\u00a0\u00a0\u00a0\u00a0\u00a0\u00a0 Rogelio De Leonardi \u00a0 \u00a0 \u00a0 \u00a0 \u00a0 \u00a0 \u00a0 \u00a0 \u00a0 \u00a0 \u00a0 \u00a0 \u00a0 \u00a0 \u00a0 \u00a0 \u00a0 \u00a0 \u00a0 \u00a0 \u00a0 <strong>\u00a0Sonia Alesso<\/strong><\/p>\n<p>Sec. de Prensa \u00a0 \u00a0 \u00a0 \u00a0 \u00a0 \u00a0 \u00a0 \u00a0 \u00a0 \u00a0 \u00a0 \u00a0 \u00a0 \u00a0 \u00a0 Sec. de Derechos Humanos \u00a0 \u00a0 \u00a0 \u00a0 \u00a0 \u00a0 \u00a0 \u00a0 \u00a0 \u00a0 \u00a0 \u00a0 \u00a0 \u00a0 \u00a0 <strong>Secretaria\u00a0 General<\/strong><\/p>\n","protected":false},"excerpt":{"rendered":"<p>Este 29 de marzo, en el sal\u00f3n auditorio Isauro Arancibia de la Confederaci\u00f3n de Trabajadores de la Educaci\u00f3n de la Republica Argentina, se descubri\u00f3 la placa en homenaje a los&#8230; <span class=\"meta-more\"><a href=\"https:\/\/adfformosa.com.ar\/?p=4169\">Leer mas &raquo;<\/a><\/span><\/p>\n","protected":false},"author":3,"featured_media":4171,"comment_status":"open","ping_status":"closed","sticky":false,"template":"","format":"standard","meta":{"footnotes":""},"categories":[2],"tags":[],"class_list":["post-4169","post","type-post","status-publish","format-standard","has-post-thumbnail","hentry","category-prensa-adf","even alt"],"_links":{"self":[{"href":"https:\/\/adfformosa.com.ar\/index.php?rest_route=\/wp\/v2\/posts\/4169","targetHints":{"allow":["GET"]}}],"collection":[{"href":"https:\/\/adfformosa.com.ar\/index.php?rest_route=\/wp\/v2\/posts"}],"about":[{"href":"https:\/\/adfformosa.com.ar\/index.php?rest_route=\/wp\/v2\/types\/post"}],"author":[{"embeddable":true,"href":"https:\/\/adfformosa.com.ar\/index.php?rest_route=\/wp\/v2\/users\/3"}],"replies":[{"embeddable":true,"href":"https:\/\/adfformosa.com.ar\/index.php?rest_route=%2Fwp%2Fv2%2Fcomments&post=4169"}],"version-history":[{"count":4,"href":"https:\/\/adfformosa.com.ar\/index.php?rest_route=\/wp\/v2\/posts\/4169\/revisions"}],"predecessor-version":[{"id":4392,"href":"https:\/\/adfformosa.com.ar\/index.php?rest_route=\/wp\/v2\/posts\/4169\/revisions\/4392"}],"wp:featuredmedia":[{"embeddable":true,"href":"https:\/\/adfformosa.com.ar\/index.php?rest_route=\/wp\/v2\/media\/4171"}],"wp:attachment":[{"href":"https:\/\/adfformosa.com.ar\/index.php?rest_route=%2Fwp%2Fv2%2Fmedia&parent=4169"}],"wp:term":[{"taxonomy":"category","embeddable":true,"href":"https:\/\/adfformosa.com.ar\/index.php?rest_route=%2Fwp%2Fv2%2Fcategories&post=4169"},{"taxonomy":"post_tag","embeddable":true,"href":"https:\/\/adfformosa.com.ar\/index.php?rest_route=%2Fwp%2Fv2%2Ftags&post=4169"}],"curies":[{"name":"wp","href":"https:\/\/api.w.org\/{rel}","templated":true}]}}