{"id":4164,"date":"2016-03-30T13:03:47","date_gmt":"2016-03-30T16:03:47","guid":{"rendered":"http:\/\/adfformosa.com.ar\/?p=4164"},"modified":"2016-06-24T10:17:07","modified_gmt":"2016-06-24T13:17:07","slug":"ctera-ratifico-el-paro-nacional-docente-para-el-lunes-4-de-abril","status":"publish","type":"post","link":"https:\/\/adfformosa.com.ar\/?p=4164","title":{"rendered":"Ctera ratific\u00f3 el paro nacional docente para el lunes 4 de abril"},"content":{"rendered":"<div id=\"s-share-buttons\" class=\"horizontal-w-c-r-border s-share-w-c\"><a href=\"http:\/\/www.facebook.com\/sharer.php?u=https:\/\/adfformosa.com.ar\/?p=4164\" target=\"_blank\" title=\"Share to Facebook\" class=\"s3-facebook hint--top\"><\/a><a href=\"http:\/\/twitter.com\/intent\/tweet?text=Ctera ratific\u00f3 el paro nacional docente para el lunes 4 de abril&url=https:\/\/adfformosa.com.ar\/?p=4164\" target=\"_blank\"  title=\"Share to Twitter\" class=\"s3-twitter hint--top\"><\/a><a href=\"https:\/\/plus.google.com\/share?url=https:\/\/adfformosa.com.ar\/?p=4164\" target=\"_blank\"  title=\"Share to Google Plus\" class=\"s3-google-plus hint--top\"><\/a><a href=\"http:\/\/www.digg.com\/submit?url=https:\/\/adfformosa.com.ar\/?p=4164\" target=\"_blank\"  title=\"Share to Digg\" class=\"s3-digg hint--top\"><\/a><a href=\"http:\/\/www.tumblr.com\/share\/link?url=https%3A%2F%2Fadfformosa.com.ar%2F%3Fp%3D4164&name=Ctera+ratific%C3%B3+el+paro+nacional+docente+para+el+lunes+4+de+abril\" target=\"_blank\" title=\"Share to Tumblr\" class=\"s3-tumblr hint--top\"><\/a><a href=\"mailto:?Subject=Ctera%20ratific\u00f3%20el%20paro%20nacional%20docente%20para%20el%20lunes%204%20de%20abril&Body=Here%20is%20the%20link%20to%20the%20article:%20https:\/\/adfformosa.com.ar\/?p=4164\" title=\"Email this article\" class=\"s3-email hint--top\"><\/a><\/div><p style=\"text-align: justify;\"><img loading=\"lazy\" decoding=\"async\" class=\"wp-image-4165 size-full aligncenter\" src=\"https:\/\/adfformosa.com.ar\/wp-content\/uploads\/2016\/03\/12932692_1707377986170801_3255805606552747781_n-e1459368516653.jpg\" alt=\"\" width=\"600\" height=\"464\" \/><\/p>\n<p style=\"text-align: justify;\">La titular de Ctera, Sonia Alesso, acompa\u00f1ada por los dirigentes gremiales de las provincias que integran la Junta Directiva de la organizaci\u00f3n gremial confirm\u00f3 que el lunes 4 realizar\u00e1n un paro nacional con movilizaci\u00f3n en\u00a0Callao y Corrientes lugar donde se encuentra ubicada la Casa de Mendoza en Capital Federal.<\/p>\n<p style=\"text-align: justify;\"><strong>\u00abNosotros estamos parando porque exigimos la continuidad de la causa por el asesinato de Carlos Fuentealba,<\/strong> del cual el lunes se cumplen nueve a\u00f1os, porque la justicia de Neuqu\u00e9n pretende cerrar la causa\u00bb, destac\u00f3.<\/p>\n<p style=\"text-align: justify;\">En ese sentido dijo que \u00abno se puede tener una sociedad democr\u00e1tica si no hay justicia con el asesinato de un maestro y para toda la docencia argentina esto es un l\u00edmite que no estamos dispuestos a permitir y adem\u00e1s se agrava toda con el Protocolo de Seguridad, ideado por la ministra Patricia Bullrich\u00bb. Asimismo a\u00f1adi\u00f3 Alesso que \u00ablos otros temas que respaldan la medida de fuerza convocada, tienen que ver con el incumplimiento de la paritaria nacional porque todav\u00eda hay conflictos provinciales que no se han cerrado\u00bb.<\/p>\n<p style=\"text-align: justify;\">\u00abEstamos tambi\u00e9n -agreg\u00f3- advirtiendo el intento de cierre de la paritaria docente en Mendoza por decreto con un nuevo sistema de presentismo\u00bb. Alesso tambi\u00e9n denunci\u00f3 el \u00abconflicto muy grave en Santiago del Estero, donde los maestros cobran menos de lo que estipul\u00f3 la paritaria nacional, los problemas en las provincia de Santa Cruz y Tierra del Fuego y las dificultades y despidos en el plan Conectar Igualdad\u00bb.<\/p>\n<p style=\"text-align: justify;\">Finalmente, la dirigente docente manifest\u00f3 que \u00abnos oponemos a los despidos y defendemos los puestos de trabajo. Vamos a movilizarnos el lunes a las 11.30 en Callao y Corrientes frente a las puertas de la Casa de Mendoza\u00bb, una de las provincias en las que contin\u00faa el conflicto salarial docente como en Santiago del Estero y Santa Cruz.<\/p>\n<p style=\"text-align: justify;\">Fuente: Mendoza Al D\u00eda.<\/p>\n<p style=\"text-align: justify;\"><img loading=\"lazy\" decoding=\"async\" class=\"wp-image-4166 size-full aligncenter\" src=\"https:\/\/adfformosa.com.ar\/wp-content\/uploads\/2016\/03\/Cez1UdSWEAAqDuk.jpg\" alt=\"\" width=\"600\" height=\"424\" srcset=\"https:\/\/adfformosa.com.ar\/wp-content\/uploads\/2016\/03\/Cez1UdSWEAAqDuk.jpg 600w, https:\/\/adfformosa.com.ar\/wp-content\/uploads\/2016\/03\/Cez1UdSWEAAqDuk-300x212.jpg 300w\" sizes=\"auto, (max-width: 600px) 100vw, 600px\" \/><\/p>\n","protected":false},"excerpt":{"rendered":"<p>La titular de Ctera, Sonia Alesso, acompa\u00f1ada por los dirigentes gremiales de las provincias que integran la Junta Directiva de la organizaci\u00f3n gremial confirm\u00f3 que el lunes 4 realizar\u00e1n un&#8230; <span class=\"meta-more\"><a href=\"https:\/\/adfformosa.com.ar\/?p=4164\">Leer mas &raquo;<\/a><\/span><\/p>\n","protected":false},"author":3,"featured_media":4165,"comment_status":"open","ping_status":"closed","sticky":false,"template":"","format":"standard","meta":{"footnotes":""},"categories":[2],"tags":[],"class_list":["post-4164","post","type-post","status-publish","format-standard","has-post-thumbnail","hentry","category-prensa-adf","even alt"],"_links":{"self":[{"href":"https:\/\/adfformosa.com.ar\/index.php?rest_route=\/wp\/v2\/posts\/4164","targetHints":{"allow":["GET"]}}],"collection":[{"href":"https:\/\/adfformosa.com.ar\/index.php?rest_route=\/wp\/v2\/posts"}],"about":[{"href":"https:\/\/adfformosa.com.ar\/index.php?rest_route=\/wp\/v2\/types\/post"}],"author":[{"embeddable":true,"href":"https:\/\/adfformosa.com.ar\/index.php?rest_route=\/wp\/v2\/users\/3"}],"replies":[{"embeddable":true,"href":"https:\/\/adfformosa.com.ar\/index.php?rest_route=%2Fwp%2Fv2%2Fcomments&post=4164"}],"version-history":[{"count":2,"href":"https:\/\/adfformosa.com.ar\/index.php?rest_route=\/wp\/v2\/posts\/4164\/revisions"}],"predecessor-version":[{"id":4387,"href":"https:\/\/adfformosa.com.ar\/index.php?rest_route=\/wp\/v2\/posts\/4164\/revisions\/4387"}],"wp:featuredmedia":[{"embeddable":true,"href":"https:\/\/adfformosa.com.ar\/index.php?rest_route=\/wp\/v2\/media\/4165"}],"wp:attachment":[{"href":"https:\/\/adfformosa.com.ar\/index.php?rest_route=%2Fwp%2Fv2%2Fmedia&parent=4164"}],"wp:term":[{"taxonomy":"category","embeddable":true,"href":"https:\/\/adfformosa.com.ar\/index.php?rest_route=%2Fwp%2Fv2%2Fcategories&post=4164"},{"taxonomy":"post_tag","embeddable":true,"href":"https:\/\/adfformosa.com.ar\/index.php?rest_route=%2Fwp%2Fv2%2Ftags&post=4164"}],"curies":[{"name":"wp","href":"https:\/\/api.w.org\/{rel}","templated":true}]}}