{"id":4160,"date":"2016-03-30T13:53:39","date_gmt":"2016-03-30T16:53:39","guid":{"rendered":"http:\/\/adfformosa.com.ar\/?p=4160"},"modified":"2016-06-24T10:14:57","modified_gmt":"2016-06-24T13:14:57","slug":"ctera-ratifico-el-paro-nacional-docente-para-el-dia-lunes-4-de-abril","status":"publish","type":"post","link":"https:\/\/adfformosa.com.ar\/?p=4160","title":{"rendered":"CTERA ratific\u00f3 el paro nacional docente para el d\u00eda lunes 4 de abril"},"content":{"rendered":"<div id=\"s-share-buttons\" class=\"horizontal-w-c-r-border s-share-w-c\"><a href=\"http:\/\/www.facebook.com\/sharer.php?u=https:\/\/adfformosa.com.ar\/?p=4160\" target=\"_blank\" title=\"Share to Facebook\" class=\"s3-facebook hint--top\"><\/a><a href=\"http:\/\/twitter.com\/intent\/tweet?text=CTERA ratific\u00f3 el paro nacional docente para el d\u00eda lunes 4 de abril&url=https:\/\/adfformosa.com.ar\/?p=4160\" target=\"_blank\"  title=\"Share to Twitter\" class=\"s3-twitter hint--top\"><\/a><a href=\"https:\/\/plus.google.com\/share?url=https:\/\/adfformosa.com.ar\/?p=4160\" target=\"_blank\"  title=\"Share to Google Plus\" class=\"s3-google-plus hint--top\"><\/a><a href=\"http:\/\/www.digg.com\/submit?url=https:\/\/adfformosa.com.ar\/?p=4160\" target=\"_blank\"  title=\"Share to Digg\" class=\"s3-digg hint--top\"><\/a><a href=\"http:\/\/www.tumblr.com\/share\/link?url=https%3A%2F%2Fadfformosa.com.ar%2F%3Fp%3D4160&name=CTERA+ratific%C3%B3+el+paro+nacional+docente+para+el+d%C3%ADa+lunes+4+de+abril\" target=\"_blank\" title=\"Share to Tumblr\" class=\"s3-tumblr hint--top\"><\/a><a href=\"mailto:?Subject=CTERA%20ratific\u00f3%20el%20paro%20nacional%20docente%20para%20el%20d\u00eda%20lunes%204%20de%20abril&Body=Here%20is%20the%20link%20to%20the%20article:%20https:\/\/adfformosa.com.ar\/?p=4160\" title=\"Email this article\" class=\"s3-email hint--top\"><\/a><\/div><p><span style=\"color: #ff0000;\">En la ma\u00f1ana de hoy CTERA realiz\u00f3 una conferencia de prensa donde anunci\u00f3 <span style=\"text-decoration: underline;\">PARO NACIONAL<\/span> con movilizaci\u00f3n para el d\u00eda lunes 4 de abril<\/span><\/p>\n<p><img loading=\"lazy\" decoding=\"async\" class=\"wp-image-4161 size-full aligncenter\" src=\"https:\/\/adfformosa.com.ar\/wp-content\/uploads\/2016\/03\/10649463_1707953722779894_4292379346734940995_n-e1459367918360.jpg\" alt=\"Luis Branchi, Secretario de Acci\u00f3n Social de CTERA en conferencia de prensa presidida por Sonia Alesso.\" width=\"600\" height=\"364\" \/><\/p>\n<p style=\"text-align: justify;\">La conferencia de prensa estuvo encabezada por Sonia Alesso, Secretaria General de CTERA, miembros de la Junta Ejecutiva Nacional de CTERA, delegados de los programas nacionales socioeducativos: Plan Fines, Administradores en Red, CAJ, CAI, \u00a0Conectar Igualdad, Coros Infantiles y Orquestas Infantiles.<\/p>\n<p style=\"text-align: justify;\">Sonia Alesso expres\u00f3: \u00ab<em>CTERA sigue exigiendo justica por Carlos Fuentealba, no se puede pretender una sociedad democr\u00e1tica sino hay justicia frente al asesinato de un maestro.\u00a0 Creemos que esto se agrava, \u00a0con el protocolo de seguridad que ha redactado la Ministra Bullrich para perseguir a los que luchan.\u00a0 Eugenio Burzaco quien fuera asesor de seguridad de Sobisch, cuando asesinaron a Carlos Fuentealba, hoy es el Secretario de Seguridad de la Naci\u00f3n. Vamos a seguir adelante con la pelea judicial por justicia completa por Carlos Fuentealba.<\/em><\/p>\n<p style=\"text-align: justify;\"><em>Otro de los motivos de la convocatoria es por el incumplimiento de la paritaria nacional en tres puntos:\u00a0\u00a0<\/em><\/p>\n<p style=\"text-align: justify;\"><em> 1 \u2013 Todav\u00eda hay conflictos provinciales que no se han cerrado. Nosotros le exigimos al gobierno nacional la intervenci\u00f3n para resolver estos conflictos a\u00fan abiertos.<\/em><\/p>\n<p style=\"text-align: justify;\"><em>\u00a02 \u2013 Planteamos tambi\u00e9n el intento de cierre por decreto de la paritaria en la provincia de Mendoza con un nuevo presentismo que le han puesto el nombre de \u201c\u00edtem aula\u201d que en realidad viola los derechos laborales de los trabajadores de la provincia de Mendoza. Hemos estado movilizados en la provincia, planteando que no se puede cerrar por decreto de manera unilateral la paritaria.<\/em><\/p>\n<p style=\"text-align: justify;\"><em>En la provincia de Santiago del Estero denunciamos un incumplimiento por parte del gobierno provincial sobre la paritaria nacional. Los docentes est\u00e1n cobrando menos de lo que fija la paritaria nacional docente, una parte importante del salario est\u00e1 conformado por sumas no remunerativas. Los docentes est\u00e1n protagonizando hist\u00f3ricas pelean en la provincia, que nosotros hemos acompa\u00f1ado desde CTERA que han sido invisibilizadas por los medios nacionales.<\/em><\/p>\n<p style=\"text-align: justify;\"><em>Adem\u00e1s tenemos conflictos por el incumplimiento de la paritaria nacional con respecto al fondo compensador que afecta directamente a las 7 provincias que lo reciben. Por otro lado tenemos conflictos no resueltos en Santa Cruz, Tierra del Fuego que tienen que ser resueltos, apelamos tanto a los gobiernos provinciales como al gobierno nacional para que soluciones estos temas.<\/em><\/p>\n<p style=\"text-align: justify;\"><em>\u00a03 &#8211; Est\u00e1n participando de la conferencia los compa\u00f1eros\/as delegados\/as de los programas socioeducativos nacionales, Fines, Administradores de Red, Conectar Igualdad, CAJ, CAI, Orquestas y Coros Infantiles. Desde CTERA exigimos la continuidad como est\u00e1 planteado en la paritaria de todos los trabajadores de los programas. Exigimos no solo la continuidad laboral sino la defensa del proyecto pedag\u00f3gico que dio origen a estos planes nacionales que tienen que ver con la inclusi\u00f3n, con el acceso a la alfabetizaci\u00f3n, para que nuestros ni\u00f1os y j\u00f3venes puedan acceder a las nuevas tecnolog\u00edas, al arte. El gobierno expresa que va a continuar con estos programas pero por otro lado despide a trabajadores.<\/em><\/p>\n<p style=\"text-align: justify;\"><em>Queremos expresar fuertemente que nos oponemos a los despidos y que vamos a defender junto a nuestros compa\u00f1eros de ATE, la continuidad de los trabajadores, no creemos en un estado peque\u00f1o sino en un estado que brinde derechos.<\/em><\/p>\n<p style=\"text-align: justify;\"><em>Por \u00faltimo vamos a pelear en contra de la criminalizaci\u00f3n de la protesta. Vamos a defender la educaci\u00f3n, el derecho a nuestros ni\u00f1os y j\u00f3venes a la inclusi\u00f3n.<\/em><\/p>\n<p style=\"text-align: justify;\"><em>Desde CTERA convocamos a parar el 4 de abril en todo el pa\u00eds. \u00ab<\/em><\/p>\n<p><em>\u00a0<\/em><\/p>\n<p>Alejandro Demichelis \u00a0 \u00a0 \u00a0 \u00a0 \u00a0 \u00a0 \u00a0 \u00a0 \u00a0 \u00a0 \u00a0 \u00a0 \u00a0 \u00a0 \u00a0 \u00a0 \u00a0 \u00a0 \u00a0 \u00a0 \u00a0 \u00a0 \u00a0 \u00a0 \u00a0 \u00a0 \u00a0 \u00a0 \u00a0 \u00a0 \u00a0 \u00a0 \u00a0 \u00a0 \u00a0 \u00a0 \u00a0 \u00a0 \u00a0 <strong>\u00a0 Sonia Alesso<\/strong><\/p>\n<p>Secretario de Prensa \u00a0 \u00a0 \u00a0 \u00a0 \u00a0 \u00a0 \u00a0 \u00a0 \u00a0 \u00a0 \u00a0 \u00a0 \u00a0 \u00a0 \u00a0 \u00a0 \u00a0 \u00a0 \u00a0 \u00a0 \u00a0 \u00a0 \u00a0 \u00a0 \u00a0 \u00a0 \u00a0 \u00a0 \u00a0 \u00a0 \u00a0 \u00a0 \u00a0 \u00a0 \u00a0 \u00a0 \u00a0 \u00a0 <strong>\u00a0Secretaria General\u00a0\u00a0\u00a0<\/strong><\/p>\n<p>&nbsp;<\/p>\n","protected":false},"excerpt":{"rendered":"<p>En la ma\u00f1ana de hoy CTERA realiz\u00f3 una conferencia de prensa donde anunci\u00f3 PARO NACIONAL con movilizaci\u00f3n para el d\u00eda lunes 4 de abril La conferencia de prensa estuvo encabezada&#8230; <span class=\"meta-more\"><a href=\"https:\/\/adfformosa.com.ar\/?p=4160\">Leer mas &raquo;<\/a><\/span><\/p>\n","protected":false},"author":3,"featured_media":4161,"comment_status":"open","ping_status":"closed","sticky":false,"template":"","format":"standard","meta":{"footnotes":""},"categories":[2],"tags":[],"class_list":["post-4160","post","type-post","status-publish","format-standard","has-post-thumbnail","hentry","category-prensa-adf","even alt"],"_links":{"self":[{"href":"https:\/\/adfformosa.com.ar\/index.php?rest_route=\/wp\/v2\/posts\/4160","targetHints":{"allow":["GET"]}}],"collection":[{"href":"https:\/\/adfformosa.com.ar\/index.php?rest_route=\/wp\/v2\/posts"}],"about":[{"href":"https:\/\/adfformosa.com.ar\/index.php?rest_route=\/wp\/v2\/types\/post"}],"author":[{"embeddable":true,"href":"https:\/\/adfformosa.com.ar\/index.php?rest_route=\/wp\/v2\/users\/3"}],"replies":[{"embeddable":true,"href":"https:\/\/adfformosa.com.ar\/index.php?rest_route=%2Fwp%2Fv2%2Fcomments&post=4160"}],"version-history":[{"count":2,"href":"https:\/\/adfformosa.com.ar\/index.php?rest_route=\/wp\/v2\/posts\/4160\/revisions"}],"predecessor-version":[{"id":4386,"href":"https:\/\/adfformosa.com.ar\/index.php?rest_route=\/wp\/v2\/posts\/4160\/revisions\/4386"}],"wp:featuredmedia":[{"embeddable":true,"href":"https:\/\/adfformosa.com.ar\/index.php?rest_route=\/wp\/v2\/media\/4161"}],"wp:attachment":[{"href":"https:\/\/adfformosa.com.ar\/index.php?rest_route=%2Fwp%2Fv2%2Fmedia&parent=4160"}],"wp:term":[{"taxonomy":"category","embeddable":true,"href":"https:\/\/adfformosa.com.ar\/index.php?rest_route=%2Fwp%2Fv2%2Fcategories&post=4160"},{"taxonomy":"post_tag","embeddable":true,"href":"https:\/\/adfformosa.com.ar\/index.php?rest_route=%2Fwp%2Fv2%2Ftags&post=4160"}],"curies":[{"name":"wp","href":"https:\/\/api.w.org\/{rel}","templated":true}]}}