{"id":4157,"date":"2016-03-23T18:17:10","date_gmt":"2016-03-23T21:17:10","guid":{"rendered":"http:\/\/adfformosa.com.ar\/?p=4157"},"modified":"2016-06-24T10:20:20","modified_gmt":"2016-06-24T13:20:20","slug":"informacion-pago-diferencia-de-fonid-y-fondo-compensador","status":"publish","type":"post","link":"https:\/\/adfformosa.com.ar\/?p=4157","title":{"rendered":"Informaci\u00f3n: Pago diferencia de FONID y Fondo Compensador"},"content":{"rendered":"<div id=\"s-share-buttons\" class=\"horizontal-w-c-r-border s-share-w-c\"><a href=\"http:\/\/www.facebook.com\/sharer.php?u=https:\/\/adfformosa.com.ar\/?p=4157\" target=\"_blank\" title=\"Share to Facebook\" class=\"s3-facebook hint--top\"><\/a><a href=\"http:\/\/twitter.com\/intent\/tweet?text=Informaci\u00f3n: Pago diferencia de FONID y Fondo Compensador&url=https:\/\/adfformosa.com.ar\/?p=4157\" target=\"_blank\"  title=\"Share to Twitter\" class=\"s3-twitter hint--top\"><\/a><a href=\"https:\/\/plus.google.com\/share?url=https:\/\/adfformosa.com.ar\/?p=4157\" target=\"_blank\"  title=\"Share to Google Plus\" class=\"s3-google-plus hint--top\"><\/a><a href=\"http:\/\/www.digg.com\/submit?url=https:\/\/adfformosa.com.ar\/?p=4157\" target=\"_blank\"  title=\"Share to Digg\" class=\"s3-digg hint--top\"><\/a><a href=\"http:\/\/www.tumblr.com\/share\/link?url=https%3A%2F%2Fadfformosa.com.ar%2F%3Fp%3D4157&name=Informaci%C3%B3n%3A+Pago+diferencia+de+FONID+y+Fondo+Compensador\" target=\"_blank\" title=\"Share to Tumblr\" class=\"s3-tumblr hint--top\"><\/a><a href=\"mailto:?Subject=Informaci\u00f3n:%20Pago%20diferencia%20de%20FONID%20y%20Fondo%20Compensador&Body=Here%20is%20the%20link%20to%20the%20article:%20https:\/\/adfformosa.com.ar\/?p=4157\" title=\"Email this article\" class=\"s3-email hint--top\"><\/a><\/div><div class=\"_2cuy _3dgx _2vxa\" style=\"text-align: right;\"><img loading=\"lazy\" decoding=\"async\" class=\"wp-image-4158 size-full alignleft\" src=\"https:\/\/adfformosa.com.ar\/wp-content\/uploads\/2016\/03\/descarga-1.jpeg\" alt=\"\" width=\"216\" height=\"162\" \/><\/div>\n<div class=\"_2cuy _3dgx _2vxa\" style=\"text-align: justify;\">Formosa, 23 de marzo de 2016.<\/div>\n<div class=\"_2cuy _3dgx _2vxa\" style=\"text-align: justify;\"><\/div>\n<div class=\"_2cuy _3dgx _2vxa\" style=\"text-align: justify;\"><span style=\"text-decoration: underline;\">Compa\u00f1eros<\/span>:<\/div>\n<div class=\"_2cuy _3dgx _2vxa\" style=\"text-align: justify;\"><\/div>\n<div class=\"_2cuy _3dgx _2vxa\" style=\"text-align: justify;\">La Agremiaci\u00f3n del Docente Formose\u00f1o, informa que con fecha 23 de marzo el gobierno nacional envi\u00f3 a todas las provincias los fondos que corresponden a la diferencia del FONID del mes de febrero,monto logrado en la paritaria nacional.<\/div>\n<div class=\"_2cuy _3dgx _2vxa\" style=\"text-align: justify;\"><\/div>\n<div class=\"_2cuy _3dgx _2vxa\" style=\"text-align: justify;\">En este caso,corresponden 400 pesos por cargo (Se paga hasta dos cargos).<\/div>\n<div class=\"_2cuy _3dgx _2vxa\" style=\"text-align: justify;\"><\/div>\n<div class=\"_2cuy _3dgx _2vxa\" style=\"text-align: justify;\">Por otra parte, sobre el FONDO COMPENSADOR, como fija el Art\u00edculo 3\u00b0 de dicho acuerdo NO fue depositado.<\/div>\n<div class=\"_2cuy _3dgx _2vxa\" style=\"text-align: justify;\"><\/div>\n<div class=\"_2cuy _3dgx _2vxa\" style=\"text-align: justify;\">El argumento de naci\u00f3n es que los $945 rigen reci\u00e9n a partir del mes de marzo cosa que desde la CTERA y las entidades de base RECHAZAMOS y DENUNCIAMOS como INCUMPLIMIENTO DEL ACUERDO PARITARIO.<\/div>\n<div class=\"_2cuy _3dgx _2vxa\" style=\"text-align: justify;\"><\/div>\n<div class=\"_2cuy _3dgx _2vxa\" style=\"text-align: justify;\">Por este y otros motivos tambi\u00e9n de gravedad como la inestabilidad laboral,la criminalizaci\u00f3n de la protesta, el cierre de programas nacionales, etc.el pr\u00f3ximo 4 de abril aniversario del asesinato del compa\u00f1ero Fuentealba y reafirmando el pedido de juicio y castigo a los culpables,se determin\u00f3 un PARO NACIONAL y MOVILIZACI\u00d3N en Capital Federal.<\/div>\n<div class=\"_2cuy _3dgx _2vxa\" style=\"text-align: justify;\"><\/div>\n<div class=\"_2cuy _3dgx _2vxa\" style=\"text-align: justify;\">Junta Ejecutiva de ADF<\/div>\n","protected":false},"excerpt":{"rendered":"<p>Formosa, 23 de marzo de 2016. Compa\u00f1eros: La Agremiaci\u00f3n del Docente Formose\u00f1o, informa que con fecha 23 de marzo el gobierno nacional envi\u00f3 a todas las provincias los fondos que&#8230; <span class=\"meta-more\"><a href=\"https:\/\/adfformosa.com.ar\/?p=4157\">Leer mas &raquo;<\/a><\/span><\/p>\n","protected":false},"author":3,"featured_media":4158,"comment_status":"open","ping_status":"closed","sticky":false,"template":"","format":"standard","meta":{"footnotes":""},"categories":[2],"tags":[],"class_list":["post-4157","post","type-post","status-publish","format-standard","has-post-thumbnail","hentry","category-prensa-adf","even alt"],"_links":{"self":[{"href":"https:\/\/adfformosa.com.ar\/index.php?rest_route=\/wp\/v2\/posts\/4157","targetHints":{"allow":["GET"]}}],"collection":[{"href":"https:\/\/adfformosa.com.ar\/index.php?rest_route=\/wp\/v2\/posts"}],"about":[{"href":"https:\/\/adfformosa.com.ar\/index.php?rest_route=\/wp\/v2\/types\/post"}],"author":[{"embeddable":true,"href":"https:\/\/adfformosa.com.ar\/index.php?rest_route=\/wp\/v2\/users\/3"}],"replies":[{"embeddable":true,"href":"https:\/\/adfformosa.com.ar\/index.php?rest_route=%2Fwp%2Fv2%2Fcomments&post=4157"}],"version-history":[{"count":2,"href":"https:\/\/adfformosa.com.ar\/index.php?rest_route=\/wp\/v2\/posts\/4157\/revisions"}],"predecessor-version":[{"id":4395,"href":"https:\/\/adfformosa.com.ar\/index.php?rest_route=\/wp\/v2\/posts\/4157\/revisions\/4395"}],"wp:featuredmedia":[{"embeddable":true,"href":"https:\/\/adfformosa.com.ar\/index.php?rest_route=\/wp\/v2\/media\/4158"}],"wp:attachment":[{"href":"https:\/\/adfformosa.com.ar\/index.php?rest_route=%2Fwp%2Fv2%2Fmedia&parent=4157"}],"wp:term":[{"taxonomy":"category","embeddable":true,"href":"https:\/\/adfformosa.com.ar\/index.php?rest_route=%2Fwp%2Fv2%2Fcategories&post=4157"},{"taxonomy":"post_tag","embeddable":true,"href":"https:\/\/adfformosa.com.ar\/index.php?rest_route=%2Fwp%2Fv2%2Ftags&post=4157"}],"curies":[{"name":"wp","href":"https:\/\/api.w.org\/{rel}","templated":true}]}}