{"id":4152,"date":"2016-03-09T13:11:19","date_gmt":"2016-03-09T16:11:19","guid":{"rendered":"http:\/\/adfformosa.com.ar\/?p=4152"},"modified":"2016-03-25T13:16:54","modified_gmt":"2016-03-25T16:16:54","slug":"las-mujeres-del-interior-del-pais-fueron-homenajeadas-en-el-senado","status":"publish","type":"post","link":"https:\/\/adfformosa.com.ar\/?p=4152","title":{"rendered":"Las mujeres del interior del pa\u00eds fueron homenajeadas en el Senado"},"content":{"rendered":"<div id=\"s-share-buttons\" class=\"horizontal-w-c-r-border s-share-w-c\"><a href=\"http:\/\/www.facebook.com\/sharer.php?u=https:\/\/adfformosa.com.ar\/?p=4152\" target=\"_blank\" title=\"Share to Facebook\" class=\"s3-facebook hint--top\"><\/a><a href=\"http:\/\/twitter.com\/intent\/tweet?text=Las mujeres del interior del pa\u00eds fueron homenajeadas en el Senado&url=https:\/\/adfformosa.com.ar\/?p=4152\" target=\"_blank\"  title=\"Share to Twitter\" class=\"s3-twitter hint--top\"><\/a><a href=\"https:\/\/plus.google.com\/share?url=https:\/\/adfformosa.com.ar\/?p=4152\" target=\"_blank\"  title=\"Share to Google Plus\" class=\"s3-google-plus hint--top\"><\/a><a href=\"http:\/\/www.digg.com\/submit?url=https:\/\/adfformosa.com.ar\/?p=4152\" target=\"_blank\"  title=\"Share to Digg\" class=\"s3-digg hint--top\"><\/a><a href=\"http:\/\/www.tumblr.com\/share\/link?url=https%3A%2F%2Fadfformosa.com.ar%2F%3Fp%3D4152&name=Las+mujeres+del+interior+del+pa%C3%ADs+fueron+homenajeadas+en+el+Senado\" target=\"_blank\" title=\"Share to Tumblr\" class=\"s3-tumblr hint--top\"><\/a><a href=\"mailto:?Subject=Las%20mujeres%20del%20interior%20del%20pa\u00eds%20fueron%20homenajeadas%20en%20el%20Senado&Body=Here%20is%20the%20link%20to%20the%20article:%20https:\/\/adfformosa.com.ar\/?p=4152\" title=\"Email this article\" class=\"s3-email hint--top\"><\/a><\/div><div class=\"_2cuy _3dgx _2vxa\" style=\"text-align: justify;\">\n<div id=\"attachment_4154\" style=\"width: 610px\" class=\"wp-caption aligncenter\"><img loading=\"lazy\" decoding=\"async\" aria-describedby=\"caption-attachment-4154\" class=\"wp-image-4154 size-full\" src=\"https:\/\/adfformosa.com.ar\/wp-content\/uploads\/2016\/03\/971440_1702651813311772_1124677062964534397_n-e1458922489735.jpg\" alt=\"\" width=\"600\" height=\"400\" \/><p id=\"caption-attachment-4154\" class=\"wp-caption-text\">Gabina Ocampo- Formosa<\/p><\/div>\n<p>La Comisi\u00f3n Banca de la Mujer del Senado de la Naci\u00f3n premi\u00f3 el trabajo de personalidades destacadas en la promoci\u00f3n y protecci\u00f3n de los Derechos Humanos de las mujeres. Entre ellas, dos mujeres formose\u00f1as fueron distinguidas por su reconocida trayectoria en la provincia por su labor en esas tem\u00e1ticas.<\/p><\/div>\n<div class=\"_2cuy _3dgx _2vxa\" style=\"text-align: justify;\">Se trata de Gabina Ocampo e Irma Lottero.<\/div>\n<div class=\"_2cuy _3dgx _2vxa\" style=\"text-align: justify;\"><\/div>\n<div class=\"_2cuy _3dgx _2vxa\">\n<div class=\"_2cuy _3dgx _2vxa\" style=\"text-align: justify;\">En su cuenta de Facebook, Gabina Ocampo escribi\u00f3 la nota que comparto a continuaci\u00f3n:<\/div>\n<div class=\"_2cuy _3dgx _2vxa\" style=\"text-align: justify;\"><\/div>\n<div class=\"_2cuy _3dgx _2vxa\" style=\"text-align: justify;\">Formosa, 19 de marzo de 2016<\/div>\n<div class=\"_2cuy _3dgx _2vxa\" style=\"text-align: justify;\"><\/div>\n<div class=\"_2cuy _3dgx _2vxa\" style=\"text-align: justify;\">Queridos colegas docentes, a los compa\u00f1eros de lucha de pueblos originarios del CEAPI (Consejo Aut\u00f3nomo de Pueblos Ind\u00edgenas y ENOTPO (Encuentro Nacional de Organizaciones Territoriales de Pueblos Originarios), a los compa\u00f1eros docentes de ADF (Agremiaci\u00f3n del Docente Formose\u00f1o- base CTERA) a los hermanos y hermanas del pueblo wichi, qom y pilaga de Formosa, a los miembros de la Comisi\u00f3n Directiva y asociados de nuestra querida Organizaci\u00f3n \u201cEducadores Originarios\u201d ubicada en la comunidad Nam Qom, expreso a trav\u00e9s de este medio para agradecerle profundamente a la Senadora Nacional Graciela de la Rosa como as\u00ed a las autoridades del Ministerio de Educaci\u00f3n y Cultura y del Gobierno Provincial por el reconocimiento a nuestra tarea como promotores de los derechos humanos mediante una distinci\u00f3n desde la Comisi\u00f3n Banca de la Mujer del Senado de la Naci\u00f3n en la fecha jueves 17 de marzo de 2016. Realmente no esperaba esta menci\u00f3n de gran prestigio que con emoci\u00f3n lo he recibido y expresado en pocas palabras porque el acto de entrega de los diplomas as\u00ed lo requer\u00eda, ahora, tengo tiempo para expresar lo que siento frente a una computadora y compartir con ustedes si as\u00ed lo quieran leer en estas humildes l\u00edneas.<\/div>\n<div class=\"_2cuy _3dgx _2vxa\" style=\"text-align: justify;\"><\/div>\n<div class=\"_2cuy _3dgx _2vxa\" style=\"text-align: justify;\">Decir en primer lugar que es una distinci\u00f3n por la tarea en la organizaci\u00f3n Educadores Originarios. Y, contarles seguidamente que mi compromiso con las comunidades de pueblos originarios, lo he sentido desde que egres\u00e9 del nivel primario, hoy d\u00eda puedo decir que estoy agradecida a esta profesi\u00f3n que me toc\u00f3 como docente y perteneciente al pueblo qom para fortalecer y visibilizar nuestra identidad.<\/div>\n<div class=\"_2cuy _3dgx _2vxa\" style=\"text-align: justify;\"><\/div>\n<div class=\"_2cuy _3dgx _2vxa\" style=\"text-align: justify;\">Con mucha fortaleza, cada d\u00eda se afianza mi convicci\u00f3n que nuestro pueblo posee lo m\u00e1s valioso del ser humano como es la \u201ccooperaci\u00f3n\u201d, esta costumbre ancestral, vive en la actualidad, tal vez con peque\u00f1os cambios pero sigue presente en cada uno de los sentimientos de cada hermano y hermana. Por eso, hace treinta a\u00f1os, veo que en nuestra provincia se da un lugar de excelencia a la EBI (Educaci\u00f3n Biling\u00fce e Intercultural) o EIB (Educaci\u00f3n Intercultural y Biling\u00fce) donde los MEMA (Maestro Especial de la Modalidad Aborigen) junto con el docente de grado no originario, hacen lo posible para que esta educaci\u00f3n tenga sustentabilidad dentro del Sistema Educativo a trav\u00e9s de tareas \u00e1ulicas. Todo lo que se ha logrado durante estos a\u00f1os dentro del Sistema Educativo como el reconocimiento formal a la lengua y cultura, ha sido fortalecido por la presencia del MEMA, sea del pueblo wichi, qom o pilaga y reconocido por el r\u00e9gimen educativo. Al recibir esta distinci\u00f3n, siento la alegr\u00eda de haber contribuido a la lucha de aquellas personas que buscaron el di\u00e1logo ante las autoridades del estado; a algunos les toc\u00f3 viajar eternamente o un tiempo largo con la esperanza que los dem\u00e1s a\u00fan de pie, generen esperanzas de ser respetados como personas. Desde esta mirada, su tarea no ser\u00e1 en vano porque me animo a decir que somos la continuidad de aquellos que ya no est\u00e1n f\u00edsicamente pero siguen espiritualmente en cada una de las acciones que realizamos para la visibilizaci\u00f3n de los pueblos originarios como \u201csujetos de derechos\u201d reconocidos en la Constituci\u00f3n Nacional en calidad de pre-existentes y depende de nosotros, los hijos de aquellos luchadores para expresar c\u00f3mo abordar nuestra tarea haciendo uso de los marcos legales conquistados.<\/div>\n<div class=\"_2cuy _3dgx _2vxa\" style=\"text-align: justify;\"><\/div>\n<div class=\"_2cuy _3dgx _2vxa\" style=\"text-align: justify;\">Asumo mi compromiso una vez m\u00e1s y con fuerza contando con el apoyo de mi compa\u00f1ero de vida Crisanto, mi hijo de coraz\u00f3n Benyi, mi hermana Isabelina, mis sobrinos Silvio, Broly, Cristian, Mauro, Sebas y Anto, mis padres que espiritualmente los llevo en mi coraz\u00f3n, mis colegas de la organizaci\u00f3n Educadores Originarios. Desde esta organizaci\u00f3n, desarrollamos acciones como la elaboraci\u00f3n de materiales bibliogr\u00e1ficos y did\u00e1cticos que contribuyan un aporte a las tareas diarias para el colega docente y MEMA como as\u00ed el apoyo de asesoramiento a los hermanos y hermanas que nos conf\u00edan y continuar colaborando para alcanzar los objetivos y metas que nos propusimos como organizaci\u00f3n.<\/div>\n<div class=\"_2cuy _3dgx _2vxa\" style=\"text-align: justify;\"><\/div>\n<div class=\"_2cuy _3dgx _2vxa\" style=\"text-align: justify;\">Me comprometo en continuar esta tarea hasta que sienta que ya no puedo aportar nada o que mi cuerpo o mi cabeza digan basta!, hasta ese momento, que ojal\u00e1 sea lejano, cuenten conmigo para todo, all\u00ed estar\u00e9 apoy\u00e1ndolos en nuevos emprendimientos y nuevos desaf\u00edos con la esperanza de una mejor convivencia para un mundo mejor!<\/div>\n<\/div>\n","protected":false},"excerpt":{"rendered":"<p>La Comisi\u00f3n Banca de la Mujer del Senado de la Naci\u00f3n premi\u00f3 el trabajo de personalidades destacadas en la promoci\u00f3n y protecci\u00f3n de los Derechos Humanos de las mujeres. Entre&#8230; <span class=\"meta-more\"><a href=\"https:\/\/adfformosa.com.ar\/?p=4152\">Leer mas &raquo;<\/a><\/span><\/p>\n","protected":false},"author":3,"featured_media":4154,"comment_status":"open","ping_status":"closed","sticky":false,"template":"","format":"standard","meta":{"footnotes":""},"categories":[2],"tags":[],"class_list":["post-4152","post","type-post","status-publish","format-standard","has-post-thumbnail","hentry","category-prensa-adf","even alt"],"_links":{"self":[{"href":"https:\/\/adfformosa.com.ar\/index.php?rest_route=\/wp\/v2\/posts\/4152","targetHints":{"allow":["GET"]}}],"collection":[{"href":"https:\/\/adfformosa.com.ar\/index.php?rest_route=\/wp\/v2\/posts"}],"about":[{"href":"https:\/\/adfformosa.com.ar\/index.php?rest_route=\/wp\/v2\/types\/post"}],"author":[{"embeddable":true,"href":"https:\/\/adfformosa.com.ar\/index.php?rest_route=\/wp\/v2\/users\/3"}],"replies":[{"embeddable":true,"href":"https:\/\/adfformosa.com.ar\/index.php?rest_route=%2Fwp%2Fv2%2Fcomments&post=4152"}],"version-history":[{"count":1,"href":"https:\/\/adfformosa.com.ar\/index.php?rest_route=\/wp\/v2\/posts\/4152\/revisions"}],"predecessor-version":[{"id":4155,"href":"https:\/\/adfformosa.com.ar\/index.php?rest_route=\/wp\/v2\/posts\/4152\/revisions\/4155"}],"wp:featuredmedia":[{"embeddable":true,"href":"https:\/\/adfformosa.com.ar\/index.php?rest_route=\/wp\/v2\/media\/4154"}],"wp:attachment":[{"href":"https:\/\/adfformosa.com.ar\/index.php?rest_route=%2Fwp%2Fv2%2Fmedia&parent=4152"}],"wp:term":[{"taxonomy":"category","embeddable":true,"href":"https:\/\/adfformosa.com.ar\/index.php?rest_route=%2Fwp%2Fv2%2Fcategories&post=4152"},{"taxonomy":"post_tag","embeddable":true,"href":"https:\/\/adfformosa.com.ar\/index.php?rest_route=%2Fwp%2Fv2%2Ftags&post=4152"}],"curies":[{"name":"wp","href":"https:\/\/api.w.org\/{rel}","templated":true}]}}