{"id":4140,"date":"2016-03-24T12:50:38","date_gmt":"2016-03-24T15:50:38","guid":{"rendered":"http:\/\/adfformosa.com.ar\/?p=4140"},"modified":"2016-06-24T10:19:57","modified_gmt":"2016-06-24T13:19:57","slug":"a-40-anos-del-golpe-civico-militarhoy-como-ayer-decimos-nunca-mas","status":"publish","type":"post","link":"https:\/\/adfformosa.com.ar\/?p=4140","title":{"rendered":"A 40 a\u00f1os del golpe c\u00edvico militar,hoy como ayer decimos \u00a1NUNCA M\u00c1S!"},"content":{"rendered":"<div id=\"s-share-buttons\" class=\"horizontal-w-c-r-border s-share-w-c\"><a href=\"http:\/\/www.facebook.com\/sharer.php?u=https:\/\/adfformosa.com.ar\/?p=4140\" target=\"_blank\" title=\"Share to Facebook\" class=\"s3-facebook hint--top\"><\/a><a href=\"http:\/\/twitter.com\/intent\/tweet?text=A 40 a\u00f1os del golpe c\u00edvico militar,hoy como ayer decimos \u00a1NUNCA M\u00c1S!&url=https:\/\/adfformosa.com.ar\/?p=4140\" target=\"_blank\"  title=\"Share to Twitter\" class=\"s3-twitter hint--top\"><\/a><a href=\"https:\/\/plus.google.com\/share?url=https:\/\/adfformosa.com.ar\/?p=4140\" target=\"_blank\"  title=\"Share to Google Plus\" class=\"s3-google-plus hint--top\"><\/a><a href=\"http:\/\/www.digg.com\/submit?url=https:\/\/adfformosa.com.ar\/?p=4140\" target=\"_blank\"  title=\"Share to Digg\" class=\"s3-digg hint--top\"><\/a><a href=\"http:\/\/www.tumblr.com\/share\/link?url=https%3A%2F%2Fadfformosa.com.ar%2F%3Fp%3D4140&name=A+40+a%C3%B1os+del+golpe+c%C3%ADvico+militar%2Choy+como+ayer+decimos+%C2%A1NUNCA+M%C3%81S%21\" target=\"_blank\" title=\"Share to Tumblr\" class=\"s3-tumblr hint--top\"><\/a><a href=\"mailto:?Subject=A%2040%20a\u00f1os%20del%20golpe%20c\u00edvico%20militar,hoy%20como%20ayer%20decimos%20\u00a1NUNCA%20M\u00c1S!&Body=Here%20is%20the%20link%20to%20the%20article:%20https:\/\/adfformosa.com.ar\/?p=4140\" title=\"Email this article\" class=\"s3-email hint--top\"><\/a><\/div><p><img loading=\"lazy\" decoding=\"async\" class=\"wp-image-4142 size-full aligncenter\" src=\"https:\/\/adfformosa.com.ar\/wp-content\/uploads\/2016\/03\/6148_1705382319703701_1852111313417955793_n-e1458921475569.jpg\" alt=\"\" width=\"600\" height=\"450\" \/><\/p>\n<p style=\"text-align: justify;\">Por \u00abMemoria,Verdad y Justicia\u00bb<\/p>\n<p style=\"text-align: justify;\">Marcha hacia Plaza de Mayo con el objetivo com\u00fan de reafirmar el sentimiento de \u00abNunca M\u00e1s\u00bb a la \u00faltima dictadura c\u00edvico-militar.<\/p>\n<p style=\"text-align: justify;\">El 24 de marzo de 1976, la Junta de Comandantes, liderada por el general Jorge Rafael Videla, depuso a Estela Mart\u00ednez de Per\u00f3n, instalando la dictadura m\u00e1s brutal del siglo 20 en Argentina.<\/p>\n<p style=\"text-align: justify;\">Hoy se recuerda el aniversario 40 del zarpazo castrense que sumi\u00f3 a este pa\u00eds en 1976 en siete a\u00f1os de terrorismo de Estado en el que desaparecieron 30 mil personas.<\/p>\n<p style=\"text-align: justify;\">Por Isauro Arancibio,Marina Vilte,EduardoRequena, por los seiscientos docentes desaparecidos y los treinta mil.<\/p>\n<p style=\"text-align: justify;\">Por \u00abMemoria,Verdad y Justicia\u00bb, CTERA en una jornada hist\u00f3rica, 24 de marzo 2016.<\/p>\n<p style=\"text-align: justify;\"><img loading=\"lazy\" decoding=\"async\" class=\"wp-image-4143 size-full aligncenter\" src=\"https:\/\/adfformosa.com.ar\/wp-content\/uploads\/2016\/03\/922737_1705380379703895_708185984585106988_n-e1458921522984.jpg\" alt=\"\" width=\"600\" height=\"450\" \/><\/p>\n","protected":false},"excerpt":{"rendered":"<p>Por \u00abMemoria,Verdad y Justicia\u00bb Marcha hacia Plaza de Mayo con el objetivo com\u00fan de reafirmar el sentimiento de \u00abNunca M\u00e1s\u00bb a la \u00faltima dictadura c\u00edvico-militar. El 24 de marzo de&#8230; <span class=\"meta-more\"><a href=\"https:\/\/adfformosa.com.ar\/?p=4140\">Leer mas &raquo;<\/a><\/span><\/p>\n","protected":false},"author":3,"featured_media":4143,"comment_status":"open","ping_status":"closed","sticky":false,"template":"","format":"standard","meta":{"footnotes":""},"categories":[2],"tags":[],"class_list":["post-4140","post","type-post","status-publish","format-standard","has-post-thumbnail","hentry","category-prensa-adf","even alt"],"_links":{"self":[{"href":"https:\/\/adfformosa.com.ar\/index.php?rest_route=\/wp\/v2\/posts\/4140","targetHints":{"allow":["GET"]}}],"collection":[{"href":"https:\/\/adfformosa.com.ar\/index.php?rest_route=\/wp\/v2\/posts"}],"about":[{"href":"https:\/\/adfformosa.com.ar\/index.php?rest_route=\/wp\/v2\/types\/post"}],"author":[{"embeddable":true,"href":"https:\/\/adfformosa.com.ar\/index.php?rest_route=\/wp\/v2\/users\/3"}],"replies":[{"embeddable":true,"href":"https:\/\/adfformosa.com.ar\/index.php?rest_route=%2Fwp%2Fv2%2Fcomments&post=4140"}],"version-history":[{"count":2,"href":"https:\/\/adfformosa.com.ar\/index.php?rest_route=\/wp\/v2\/posts\/4140\/revisions"}],"predecessor-version":[{"id":4394,"href":"https:\/\/adfformosa.com.ar\/index.php?rest_route=\/wp\/v2\/posts\/4140\/revisions\/4394"}],"wp:featuredmedia":[{"embeddable":true,"href":"https:\/\/adfformosa.com.ar\/index.php?rest_route=\/wp\/v2\/media\/4143"}],"wp:attachment":[{"href":"https:\/\/adfformosa.com.ar\/index.php?rest_route=%2Fwp%2Fv2%2Fmedia&parent=4140"}],"wp:term":[{"taxonomy":"category","embeddable":true,"href":"https:\/\/adfformosa.com.ar\/index.php?rest_route=%2Fwp%2Fv2%2Fcategories&post=4140"},{"taxonomy":"post_tag","embeddable":true,"href":"https:\/\/adfformosa.com.ar\/index.php?rest_route=%2Fwp%2Fv2%2Ftags&post=4140"}],"curies":[{"name":"wp","href":"https:\/\/api.w.org\/{rel}","templated":true}]}}