{"id":4136,"date":"2016-03-21T12:44:06","date_gmt":"2016-03-21T15:44:06","guid":{"rendered":"http:\/\/adfformosa.com.ar\/?p=4136"},"modified":"2016-06-24T10:21:41","modified_gmt":"2016-06-24T13:21:41","slug":"ctera-confirmo-paro-nacional-para-el-4-de-abril","status":"publish","type":"post","link":"https:\/\/adfformosa.com.ar\/?p=4136","title":{"rendered":"CTERA confirm\u00f3 paro nacional para el 4 de abril"},"content":{"rendered":"<div id=\"s-share-buttons\" class=\"horizontal-w-c-r-border s-share-w-c\"><a href=\"http:\/\/www.facebook.com\/sharer.php?u=https:\/\/adfformosa.com.ar\/?p=4136\" target=\"_blank\" title=\"Share to Facebook\" class=\"s3-facebook hint--top\"><\/a><a href=\"http:\/\/twitter.com\/intent\/tweet?text=CTERA confirm\u00f3 paro nacional para el 4 de abril&url=https:\/\/adfformosa.com.ar\/?p=4136\" target=\"_blank\"  title=\"Share to Twitter\" class=\"s3-twitter hint--top\"><\/a><a href=\"https:\/\/plus.google.com\/share?url=https:\/\/adfformosa.com.ar\/?p=4136\" target=\"_blank\"  title=\"Share to Google Plus\" class=\"s3-google-plus hint--top\"><\/a><a href=\"http:\/\/www.digg.com\/submit?url=https:\/\/adfformosa.com.ar\/?p=4136\" target=\"_blank\"  title=\"Share to Digg\" class=\"s3-digg hint--top\"><\/a><a href=\"http:\/\/www.tumblr.com\/share\/link?url=https%3A%2F%2Fadfformosa.com.ar%2F%3Fp%3D4136&name=CTERA+confirm%C3%B3+paro+nacional+para+el+4+de+abril\" target=\"_blank\" title=\"Share to Tumblr\" class=\"s3-tumblr hint--top\"><\/a><a href=\"mailto:?Subject=CTERA%20confirm\u00f3%20paro%20nacional%20para%20el%204%20de%20abril&Body=Here%20is%20the%20link%20to%20the%20article:%20https:\/\/adfformosa.com.ar\/?p=4136\" title=\"Email this article\" class=\"s3-email hint--top\"><\/a><\/div><p style=\"text-align: center;\"><img loading=\"lazy\" decoding=\"async\" class=\"wp-image-4137  alignleft\" src=\"https:\/\/adfformosa.com.ar\/wp-content\/uploads\/2016\/03\/47637_1703566396551960_2320996016261595415_n-e1458920801607.jpg\" alt=\"\" width=\"390\" height=\"259\" \/><\/p>\n<p style=\"text-align: justify;\"><span style=\"color: #3366ff;\">4 DE ABRIL PARO NACIONAL DE CTERA LO ANUNCI\u00d3 SONIA ALESSO EN EL PARO Y LA MOVILIZACI\u00d3N MULTITUDINARIA DEL SUTE &#8211; MENDOZA<\/span><\/p>\n<p style=\"text-align: justify;\">Sonia Alesso &#8211; Sec. Gral. de CTERA -:\u00bbEl d\u00eda 4 de abril realizaremos un PARO Nacional como lo resolvi\u00f3 el Congreso de CTERA. Por los distintos conflictos provinciales que a\u00fan no est\u00e1n resueltos; por el cumplimiento efectivo de la paritaria; por el intento de la justicia neuquina de cerrar la Causa Fuetealba II; en contra de la impunidad; para repudiar la criminalizaci\u00f3n de la protesta social; por el protocolo que anunci\u00f3 la Ministra de Seguridad Patricia Bullrich, que design\u00f3 a Eugenio Burzaco, quien fuera asesor de seguridad del exgobernador Jorge Sobisch cuando asesinaron en Arroyito, provincia de Neuqu\u00e9n, a nuestro compa\u00f1ero Carlos Fuentealba.\u00bb<\/p>\n<p style=\"text-align: justify;\">CTERA ACOMPA\u00d1ANDO LA LUCHA DE LOS DOCENTES DE MENDOZA<\/p>\n<p style=\"text-align: justify;\">En el marco del paro y movilizaci\u00f3n realizado hoy por el SUTE, con un acatamiento superior al 90% se llevo a cabo otra jornada masiva de lucha. Unos 8 mil docentes se movilizaron hasta la Casa de Gobierno.<\/p>\n<p style=\"text-align: justify;\">La CTERA estuve presente encabezada por su Secretaria General, Sonia Alesso, participando de la marcha de los docentes mendocinos. Adem\u00e1s estuvieron presentes miembros de la Junta Ejecutiva de CTERA, Sec. Generales, de las entidades de base de CTERA: de Entre R\u00edos, Fabi\u00e1n Pesin \u2013 Sec. General de Agmer, de Provincia de Buenos Aires, Roberto Baradel \u2013Sec. General Suteba; de La Rioja, Beatriz Mart\u00ednez \u2013 Comisi\u00f3n Directiva de AMP; de Ciudad de Buenos Aires, Guillermo Parodi \u2013 Sec. Gral Adjunto; de Neuqu\u00e9n, Marcelo Guagliardo \u2013 Sec. General de Aten; de Formosa, Luis Branchi \u2013 Sec. General de ADF; de San Luis y San Juan estuvieron presentes miembros de la comisi\u00f3n directiva provincial. Para exigirle al Gobierno provincial que d\u00e9 marcha atr\u00e1s con el decreto de aumento salarial y al \u201c\u00edtem aula\u201d.<img loading=\"lazy\" decoding=\"async\" class=\"wp-image-4138  alignright\" src=\"https:\/\/adfformosa.com.ar\/wp-content\/uploads\/2016\/03\/12809595_1703566536551946_193749557329850468_n-e1458920942759.jpg\" alt=\"\" width=\"350\" height=\"232\" \/><\/p>\n<p style=\"text-align: justify;\">La presi\u00f3n de la movilizaci\u00f3n provoc\u00f3 que Diputados decidiera postergar la sesi\u00f3n en la que se iba a tratar el Decreto de aumento salarial para el pr\u00f3ximo mi\u00e9rcoles.<\/p>\n<p style=\"text-align: justify;\">En el acto central hicieron uso de la palabra, Adrian Mateluna, Secretario General de SUTE y Sonia Alesso, Secretaria General de CTERA.<\/p>\n<p style=\"text-align: justify;\">Adri\u00e1n Mateluna, anunci\u00f3 que continuar\u00e1 la vigilia en la Legislatura hasta el mi\u00e9rcoles, d\u00eda este en el que sesionar\u00e1n en conjunto los Plenarios Seccionales de los 18 departamentos \u2013desde las 8 de la ma\u00f1ana- frente a la Casa de las Leyes- y el Plenario Provincial.<\/p>\n<p style=\"text-align: justify;\">Entre otros conceptos, Sonia Alesso expres\u00f3: \u00abEl d\u00eda 4 de abril realizaremos un PARO Nacional como lo resolvi\u00f3 el Congreso de CTERA. Por los distintos conflictos provinciales que a\u00fan no est\u00e1n resueltos; por el cumplimiento efectivo de la paritaria; por el intento de la justicia neuquina de cerrar la Causa Fuetealba II; en contra de la impunidad; para repudiar la criminalizaci\u00f3n de la protesta social; por el protocolo que anunci\u00f3 la Ministra de Seguridad Patricia Bullrich, que design\u00f3 a Eugenio Burzaco, quien fuera asesor de seguridad del exgobernador Jorge Sobisch cuando asesinaron en Arroyito, provincia de Neuqu\u00e9n, a nuestro compa\u00f1ero Carlos Fuentealba.\u00bb<\/p>\n<p style=\"text-align: center;\">Junta Ejecutiva de CTERA<\/p>\n","protected":false},"excerpt":{"rendered":"<p>4 DE ABRIL PARO NACIONAL DE CTERA LO ANUNCI\u00d3 SONIA ALESSO EN EL PARO Y LA MOVILIZACI\u00d3N MULTITUDINARIA DEL SUTE &#8211; MENDOZA Sonia Alesso &#8211; Sec. Gral. de CTERA -:\u00bbEl&#8230; <span class=\"meta-more\"><a href=\"https:\/\/adfformosa.com.ar\/?p=4136\">Leer mas &raquo;<\/a><\/span><\/p>\n","protected":false},"author":3,"featured_media":4137,"comment_status":"open","ping_status":"closed","sticky":false,"template":"","format":"standard","meta":{"footnotes":""},"categories":[2],"tags":[],"class_list":["post-4136","post","type-post","status-publish","format-standard","has-post-thumbnail","hentry","category-prensa-adf","even alt"],"_links":{"self":[{"href":"https:\/\/adfformosa.com.ar\/index.php?rest_route=\/wp\/v2\/posts\/4136","targetHints":{"allow":["GET"]}}],"collection":[{"href":"https:\/\/adfformosa.com.ar\/index.php?rest_route=\/wp\/v2\/posts"}],"about":[{"href":"https:\/\/adfformosa.com.ar\/index.php?rest_route=\/wp\/v2\/types\/post"}],"author":[{"embeddable":true,"href":"https:\/\/adfformosa.com.ar\/index.php?rest_route=\/wp\/v2\/users\/3"}],"replies":[{"embeddable":true,"href":"https:\/\/adfformosa.com.ar\/index.php?rest_route=%2Fwp%2Fv2%2Fcomments&post=4136"}],"version-history":[{"count":2,"href":"https:\/\/adfformosa.com.ar\/index.php?rest_route=\/wp\/v2\/posts\/4136\/revisions"}],"predecessor-version":[{"id":4397,"href":"https:\/\/adfformosa.com.ar\/index.php?rest_route=\/wp\/v2\/posts\/4136\/revisions\/4397"}],"wp:featuredmedia":[{"embeddable":true,"href":"https:\/\/adfformosa.com.ar\/index.php?rest_route=\/wp\/v2\/media\/4137"}],"wp:attachment":[{"href":"https:\/\/adfformosa.com.ar\/index.php?rest_route=%2Fwp%2Fv2%2Fmedia&parent=4136"}],"wp:term":[{"taxonomy":"category","embeddable":true,"href":"https:\/\/adfformosa.com.ar\/index.php?rest_route=%2Fwp%2Fv2%2Fcategories&post=4136"},{"taxonomy":"post_tag","embeddable":true,"href":"https:\/\/adfformosa.com.ar\/index.php?rest_route=%2Fwp%2Fv2%2Ftags&post=4136"}],"curies":[{"name":"wp","href":"https:\/\/api.w.org\/{rel}","templated":true}]}}