{"id":4128,"date":"2016-03-14T18:06:19","date_gmt":"2016-03-14T21:06:19","guid":{"rendered":"http:\/\/adfformosa.com.ar\/?p=4128"},"modified":"2016-06-24T10:22:37","modified_gmt":"2016-06-24T13:22:37","slug":"video-ctera-en-apoyo-y-solidaridad-al-programa-conectar-igualdad","status":"publish","type":"post","link":"https:\/\/adfformosa.com.ar\/?p=4128","title":{"rendered":"Video -CTERA EN APOYO Y SOLIDARIDAD AL PROGRAMA CONECTAR IGUALDAD"},"content":{"rendered":"<div id=\"s-share-buttons\" class=\"horizontal-w-c-r-border s-share-w-c\"><a href=\"http:\/\/www.facebook.com\/sharer.php?u=https:\/\/adfformosa.com.ar\/?p=4128\" target=\"_blank\" title=\"Share to Facebook\" class=\"s3-facebook hint--top\"><\/a><a href=\"http:\/\/twitter.com\/intent\/tweet?text=Video -CTERA EN APOYO Y SOLIDARIDAD AL PROGRAMA CONECTAR IGUALDAD&url=https:\/\/adfformosa.com.ar\/?p=4128\" target=\"_blank\"  title=\"Share to Twitter\" class=\"s3-twitter hint--top\"><\/a><a href=\"https:\/\/plus.google.com\/share?url=https:\/\/adfformosa.com.ar\/?p=4128\" target=\"_blank\"  title=\"Share to Google Plus\" class=\"s3-google-plus hint--top\"><\/a><a href=\"http:\/\/www.digg.com\/submit?url=https:\/\/adfformosa.com.ar\/?p=4128\" target=\"_blank\"  title=\"Share to Digg\" class=\"s3-digg hint--top\"><\/a><a href=\"http:\/\/www.tumblr.com\/share\/link?url=https%3A%2F%2Fadfformosa.com.ar%2F%3Fp%3D4128&name=Video+-CTERA+EN+APOYO+Y+SOLIDARIDAD+AL+PROGRAMA+CONECTAR+IGUALDAD\" target=\"_blank\" title=\"Share to Tumblr\" class=\"s3-tumblr hint--top\"><\/a><a href=\"mailto:?Subject=Video%20-CTERA%20EN%20APOYO%20Y%20SOLIDARIDAD%20AL%20PROGRAMA%20CONECTAR%20IGUALDAD&Body=Here%20is%20the%20link%20to%20the%20article:%20https:\/\/adfformosa.com.ar\/?p=4128\" title=\"Email this article\" class=\"s3-email hint--top\"><\/a><\/div><div class=\"itemIntroText\">\n<p style=\"text-align: center;\"><img loading=\"lazy\" decoding=\"async\" class=\"wp-image-4130 size-full aligncenter\" src=\"https:\/\/adfformosa.com.ar\/wp-content\/uploads\/2016\/03\/1459687_1698880833687183_1045281874422444170_n-e1458216497643.jpg\" alt=\"\" width=\"600\" height=\"400\" \/><\/p>\n<p style=\"text-align: center;\">ACTO FRENTE AL MINISTERIO DE EDUCACI\u00d3N DE LA NACI\u00d3N JUEVES 10 DE MARZO 2016.<\/p>\n<\/div>\n<div class=\"itemFullText\">\n<p style=\"text-align: justify;\"><span style=\"color: #ff0000;\">DISCURSO DE EDUARDO L\u00d3PEZ &#8211; SEC. GENERAL DE UTE Y SEC. GREMIAL DE CTERA<\/span><\/p>\n<p><iframe loading=\"lazy\" title=\"Eduardo L\u00f3pez frente al Ministerio de Educaci\u00f3n\" width=\"500\" height=\"281\" src=\"https:\/\/www.youtube.com\/embed\/xekHlDTwEjg?feature=oembed\" frameborder=\"0\" allow=\"accelerometer; autoplay; clipboard-write; encrypted-media; gyroscope; picture-in-picture; web-share\" referrerpolicy=\"strict-origin-when-cross-origin\" allowfullscreen><\/iframe><\/p>\n<\/div>\n","protected":false},"excerpt":{"rendered":"<p>ACTO FRENTE AL MINISTERIO DE EDUCACI\u00d3N DE LA NACI\u00d3N JUEVES 10 DE MARZO 2016. DISCURSO DE EDUARDO L\u00d3PEZ &#8211; SEC. GENERAL DE UTE Y SEC. GREMIAL DE CTERA<\/p>\n","protected":false},"author":3,"featured_media":4130,"comment_status":"open","ping_status":"closed","sticky":false,"template":"","format":"standard","meta":{"footnotes":""},"categories":[2],"tags":[],"class_list":["post-4128","post","type-post","status-publish","format-standard","has-post-thumbnail","hentry","category-prensa-adf","even alt"],"_links":{"self":[{"href":"https:\/\/adfformosa.com.ar\/index.php?rest_route=\/wp\/v2\/posts\/4128","targetHints":{"allow":["GET"]}}],"collection":[{"href":"https:\/\/adfformosa.com.ar\/index.php?rest_route=\/wp\/v2\/posts"}],"about":[{"href":"https:\/\/adfformosa.com.ar\/index.php?rest_route=\/wp\/v2\/types\/post"}],"author":[{"embeddable":true,"href":"https:\/\/adfformosa.com.ar\/index.php?rest_route=\/wp\/v2\/users\/3"}],"replies":[{"embeddable":true,"href":"https:\/\/adfformosa.com.ar\/index.php?rest_route=%2Fwp%2Fv2%2Fcomments&post=4128"}],"version-history":[{"count":2,"href":"https:\/\/adfformosa.com.ar\/index.php?rest_route=\/wp\/v2\/posts\/4128\/revisions"}],"predecessor-version":[{"id":4400,"href":"https:\/\/adfformosa.com.ar\/index.php?rest_route=\/wp\/v2\/posts\/4128\/revisions\/4400"}],"wp:featuredmedia":[{"embeddable":true,"href":"https:\/\/adfformosa.com.ar\/index.php?rest_route=\/wp\/v2\/media\/4130"}],"wp:attachment":[{"href":"https:\/\/adfformosa.com.ar\/index.php?rest_route=%2Fwp%2Fv2%2Fmedia&parent=4128"}],"wp:term":[{"taxonomy":"category","embeddable":true,"href":"https:\/\/adfformosa.com.ar\/index.php?rest_route=%2Fwp%2Fv2%2Fcategories&post=4128"},{"taxonomy":"post_tag","embeddable":true,"href":"https:\/\/adfformosa.com.ar\/index.php?rest_route=%2Fwp%2Fv2%2Ftags&post=4128"}],"curies":[{"name":"wp","href":"https:\/\/api.w.org\/{rel}","templated":true}]}}