{"id":4120,"date":"2016-03-09T19:53:21","date_gmt":"2016-03-09T22:53:21","guid":{"rendered":"http:\/\/adfformosa.com.ar\/?p=4120"},"modified":"2016-06-24T10:23:48","modified_gmt":"2016-06-24T13:23:48","slug":"la-ctera-presente-en-todas-las-luchas-del-pais","status":"publish","type":"post","link":"https:\/\/adfformosa.com.ar\/?p=4120","title":{"rendered":"La CTERA presente en todas las luchas del pa\u00eds"},"content":{"rendered":"<div id=\"s-share-buttons\" class=\"horizontal-w-c-r-border s-share-w-c\"><a href=\"http:\/\/www.facebook.com\/sharer.php?u=https:\/\/adfformosa.com.ar\/?p=4120\" target=\"_blank\" title=\"Share to Facebook\" class=\"s3-facebook hint--top\"><\/a><a href=\"http:\/\/twitter.com\/intent\/tweet?text=La CTERA presente en todas las luchas del pa\u00eds&url=https:\/\/adfformosa.com.ar\/?p=4120\" target=\"_blank\"  title=\"Share to Twitter\" class=\"s3-twitter hint--top\"><\/a><a href=\"https:\/\/plus.google.com\/share?url=https:\/\/adfformosa.com.ar\/?p=4120\" target=\"_blank\"  title=\"Share to Google Plus\" class=\"s3-google-plus hint--top\"><\/a><a href=\"http:\/\/www.digg.com\/submit?url=https:\/\/adfformosa.com.ar\/?p=4120\" target=\"_blank\"  title=\"Share to Digg\" class=\"s3-digg hint--top\"><\/a><a href=\"http:\/\/www.tumblr.com\/share\/link?url=https%3A%2F%2Fadfformosa.com.ar%2F%3Fp%3D4120&name=La+CTERA+presente+en+todas+las+luchas+del+pa%C3%ADs\" target=\"_blank\" title=\"Share to Tumblr\" class=\"s3-tumblr hint--top\"><\/a><a href=\"mailto:?Subject=La%20CTERA%20presente%20en%20todas%20las%20luchas%20del%20pa\u00eds&Body=Here%20is%20the%20link%20to%20the%20article:%20https:\/\/adfformosa.com.ar\/?p=4120\" title=\"Email this article\" class=\"s3-email hint--top\"><\/a><\/div><p><img loading=\"lazy\" decoding=\"async\" class=\"wp-image-4121 alignleft\" src=\"https:\/\/adfformosa.com.ar\/wp-content\/uploads\/2016\/03\/12821479_1698881770353756_1624813464856759374_n-e1458215734603.jpg\" alt=\"Luis Branchi Secretario de Acci\u00f3n Social de CTERA. Secretario General ADF\" width=\"350\" height=\"233\" \/><\/p>\n<p style=\"text-align: justify;\">CTERA CONCENTR\u00d3 EN LA CASA DE LA PROVINCIA DE MENDOZA Y EN LA CASA DE SANTIAGO DEL ESTERO.<\/p>\n<p style=\"text-align: justify;\">EN SOLIDARIDAD CON LOS RECLAMOS DE LOS DOCENTES MENDOCINOS: NO AL \u00cdTEM AULA.<\/p>\n<p style=\"text-align: justify;\">La CTERA se concentr\u00f3 hoy, mi\u00e9rcoles 9 de marzo, en la Casa de la Provincia de Mendoza en la Ciudad de Buenos Aires en solidaridad y apoyo con los reclamos salariales de los docentes mendocinos.<\/p>\n<p style=\"text-align: justify;\"><img loading=\"lazy\" decoding=\"async\" class=\"wp-image-4122 alignright\" src=\"https:\/\/adfformosa.com.ar\/wp-content\/uploads\/2016\/03\/1915209_1698880903687176_541693606207731761_n-e1458215915392.jpg\" alt=\"\" width=\"327\" height=\"218\" \/>El gobernador Alfredo Cornejo ha hecho una propuesta salarial no s\u00f3lo insuficiente sino que en ella contempla el \u00ab\u00edtem aula\u00bb rechazado por el SUTE y la CTERA.<\/p>\n<p style=\"text-align: justify;\">De la concentraci\u00f3n participaron miembros de la junta ejecutiva de CTERA; Eduardo L\u00f3pez, Roberto Baradel, Luis Branchi, Alejandro Demichelis y dirigentes y delegados de UTE &#8211; Ciudad de Buenos Aires &#8211;\u00a0 SUTEBA \u2013 provincia de Buenos Aires &#8211;\u00a0 SUTE \u2013 Mendoza -.<\/p>\n<p style=\"text-align: justify;\">Hicieron uso de la palabra; Susana Giordano, miembro de la Comisi\u00f3n Directiva de SUTE, Eduardo L\u00f3pez y compa\u00f1eros cesanteados de Conectar Igualdad.<\/p>\n<p style=\"text-align: justify;\">Parte de Prensa CTERA<\/p>\n","protected":false},"excerpt":{"rendered":"<p>CTERA CONCENTR\u00d3 EN LA CASA DE LA PROVINCIA DE MENDOZA Y EN LA CASA DE SANTIAGO DEL ESTERO. EN SOLIDARIDAD CON LOS RECLAMOS DE LOS DOCENTES MENDOCINOS: NO AL \u00cdTEM&#8230; <span class=\"meta-more\"><a href=\"https:\/\/adfformosa.com.ar\/?p=4120\">Leer mas &raquo;<\/a><\/span><\/p>\n","protected":false},"author":3,"featured_media":4121,"comment_status":"open","ping_status":"closed","sticky":false,"template":"","format":"standard","meta":{"footnotes":""},"categories":[2],"tags":[],"class_list":["post-4120","post","type-post","status-publish","format-standard","has-post-thumbnail","hentry","category-prensa-adf","even alt"],"_links":{"self":[{"href":"https:\/\/adfformosa.com.ar\/index.php?rest_route=\/wp\/v2\/posts\/4120","targetHints":{"allow":["GET"]}}],"collection":[{"href":"https:\/\/adfformosa.com.ar\/index.php?rest_route=\/wp\/v2\/posts"}],"about":[{"href":"https:\/\/adfformosa.com.ar\/index.php?rest_route=\/wp\/v2\/types\/post"}],"author":[{"embeddable":true,"href":"https:\/\/adfformosa.com.ar\/index.php?rest_route=\/wp\/v2\/users\/3"}],"replies":[{"embeddable":true,"href":"https:\/\/adfformosa.com.ar\/index.php?rest_route=%2Fwp%2Fv2%2Fcomments&post=4120"}],"version-history":[{"count":4,"href":"https:\/\/adfformosa.com.ar\/index.php?rest_route=\/wp\/v2\/posts\/4120\/revisions"}],"predecessor-version":[{"id":4403,"href":"https:\/\/adfformosa.com.ar\/index.php?rest_route=\/wp\/v2\/posts\/4120\/revisions\/4403"}],"wp:featuredmedia":[{"embeddable":true,"href":"https:\/\/adfformosa.com.ar\/index.php?rest_route=\/wp\/v2\/media\/4121"}],"wp:attachment":[{"href":"https:\/\/adfformosa.com.ar\/index.php?rest_route=%2Fwp%2Fv2%2Fmedia&parent=4120"}],"wp:term":[{"taxonomy":"category","embeddable":true,"href":"https:\/\/adfformosa.com.ar\/index.php?rest_route=%2Fwp%2Fv2%2Fcategories&post=4120"},{"taxonomy":"post_tag","embeddable":true,"href":"https:\/\/adfformosa.com.ar\/index.php?rest_route=%2Fwp%2Fv2%2Ftags&post=4120"}],"curies":[{"name":"wp","href":"https:\/\/api.w.org\/{rel}","templated":true}]}}