{"id":4087,"date":"2016-02-28T13:25:27","date_gmt":"2016-02-28T16:25:27","guid":{"rendered":"http:\/\/adfformosa.com.ar\/?p=4087"},"modified":"2016-06-24T10:25:15","modified_gmt":"2016-06-24T13:25:15","slug":"documento-gremial-emanado-del-congreso-de-ctera","status":"publish","type":"post","link":"https:\/\/adfformosa.com.ar\/?p=4087","title":{"rendered":"DOCUMENTO GREMIAL EMANADO DEL CONGRESO DE CTERA"},"content":{"rendered":"<div id=\"s-share-buttons\" class=\"horizontal-w-c-r-border s-share-w-c\"><a href=\"http:\/\/www.facebook.com\/sharer.php?u=https:\/\/adfformosa.com.ar\/?p=4087\" target=\"_blank\" title=\"Share to Facebook\" class=\"s3-facebook hint--top\"><\/a><a href=\"http:\/\/twitter.com\/intent\/tweet?text=DOCUMENTO GREMIAL EMANADO DEL CONGRESO DE CTERA&url=https:\/\/adfformosa.com.ar\/?p=4087\" target=\"_blank\"  title=\"Share to Twitter\" class=\"s3-twitter hint--top\"><\/a><a href=\"https:\/\/plus.google.com\/share?url=https:\/\/adfformosa.com.ar\/?p=4087\" target=\"_blank\"  title=\"Share to Google Plus\" class=\"s3-google-plus hint--top\"><\/a><a href=\"http:\/\/www.digg.com\/submit?url=https:\/\/adfformosa.com.ar\/?p=4087\" target=\"_blank\"  title=\"Share to Digg\" class=\"s3-digg hint--top\"><\/a><a href=\"http:\/\/www.tumblr.com\/share\/link?url=https%3A%2F%2Fadfformosa.com.ar%2F%3Fp%3D4087&name=DOCUMENTO+GREMIAL+EMANADO+DEL+CONGRESO+DE+CTERA\" target=\"_blank\" title=\"Share to Tumblr\" class=\"s3-tumblr hint--top\"><\/a><a href=\"mailto:?Subject=DOCUMENTO%20GREMIAL%20EMANADO%20DEL%20CONGRESO%20DE%20CTERA&Body=Here%20is%20the%20link%20to%20the%20article:%20https:\/\/adfformosa.com.ar\/?p=4087\" title=\"Email this article\" class=\"s3-email hint--top\"><\/a><\/div><p style=\"text-align: justify;\"><img loading=\"lazy\" decoding=\"async\" class=\"wp-image-4089  alignleft\" src=\"https:\/\/adfformosa.com.ar\/wp-content\/uploads\/2016\/02\/10437465_1695504504024816_1442377382937223749_n.jpg\" alt=\"\" width=\"400\" height=\"225\" srcset=\"https:\/\/adfformosa.com.ar\/wp-content\/uploads\/2016\/02\/10437465_1695504504024816_1442377382937223749_n.jpg 480w, https:\/\/adfformosa.com.ar\/wp-content\/uploads\/2016\/02\/10437465_1695504504024816_1442377382937223749_n-300x169.jpg 300w\" sizes=\"auto, (max-width: 400px) 100vw, 400px\" \/>La Paritaria Nacional Docente es la herramienta de lucha m\u00e1s valiosa que tenemos los trabajadores de la educaci\u00f3n en el contexto actual y que hoy asumimos como un derecho ganado y consolidado gracias a la lucha hist\u00f3rica que lleva adelante la CTERA, desde la Marcha Blanca de 1988, hasta actualidad.<\/p>\n<p style=\"text-align: justify;\">Esta paritaria es el reflejo del acumulado hist\u00f3rico de nuestra organizaci\u00f3n, en la que se sintetiza la expresi\u00f3n y la fuerza de la clase trabajadora al momento de discutir y pelear por los derechos laborales frente a la patronal.<\/p>\n<p style=\"text-align: justify;\">La paritaria es la instancia en la que se expresa con toda claridad la lucha de clases y es por eso que desde CTERA no s\u00f3lo la valoramos como herramienta de lucha sino que adem\u00e1s exigimos que se garantice su continuidad para seguir planteando la discusi\u00f3n por salarios dignos, como as\u00ed tambi\u00e9n por mejores condiciones laborales, por formaci\u00f3n permanente, gratuita y en ejercicio y por una carrera docente jerarquizada en el marco de la construcci\u00f3n de los convenios colectivos de trabajo.<\/p>\n<p style=\"text-align: justify;\">El valor de esta herramienta de lucha hoy se potencia m\u00e1s que nunca, frente a las claras intenciones de un Gobierno de derecha que lo primero que sali\u00f3 a manifestar es su decisi\u00f3n de imponer un techo a las negociaciones salariales en las provincias y limitarse a tratar de resolver s\u00f3lo el piso salarial a nivel nacional.<\/p>\n<p style=\"text-align: justify;\">En este mismo contexto, los trabajadores organizados en CTERA no vamos a aceptar ni las presiones ni las extorsiones de un Gobierno que no solo pretende negociar salarios a la baja, sino que adem\u00e1s da sobradas muestras de querer disciplinar a la clase trabajadora para avanzar con el ajuste que necesita imponer este modelo econ\u00f3mico que hoy se est\u00e1 instalando en Argentina.<\/p>\n<p style=\"text-align: justify;\">Hoy m\u00e1s que nunca los trabajadores necesitamos demostrar a la patronal que no vamos a permitir ning\u00fan tipo de atropellos, y que vamos a seguir reclamando y denunciado las pol\u00edticas de despidos, flexibilizaci\u00f3n laboral y persecuci\u00f3n ideol\u00f3gica que se est\u00e1n llevando a cabo sobre los trabajadores y trabajadoras del Estado y del sector privado, con quienes nos solidarizamos desde una posici\u00f3n de clase trabajadora.<\/p>\n<p style=\"text-align: justify;\">Como as\u00ed tampoco vamos a permitir cualquier intento de intimidaci\u00f3n que se quiera hacer a la CTERA, a sus dirigentes o los luchadores populares; y actuaremos en consecuencia continuando con las acciones iniciadas para determinar las responsabilidades pol\u00edticas frente a estos hechos. En esta l\u00ednea, denunciamos todo intento de criminalizaci\u00f3n de la lucha social, exigimos c\u00e1rcel efectiva a Jos\u00e9 Pedraza condenado por el crimen del Compa\u00f1ero Mariano Ferreyra y rechazamos terminantemente el protocolo de seguridad impulsado por la Ministra Patricia Bullrich.<\/p>\n<p style=\"text-align: justify;\">A menos de un mes de cumplirse 40 a\u00f1os del Golpe de Estado c\u00edvico-militar del 76, planteamos la necesidad de continuar con firmeza los juicios a los genocidas y avanzar con el juzgamiento de los civiles involucrados con el proceso de la dictadura. Y convocamos a todos los docentes y a la ciudadan\u00eda en pleno a participar del acto del pr\u00f3ximo 24 de marzo por memoria, verdad, justica y castigo a los responsables militares y civiles por el terrorismo de Estado y repudiar la presencia para esa fecha del Presidente de los Estados Unidos, Barak Obama.<\/p>\n<p style=\"text-align: justify;\">Asimismo, refrendamos el compromiso de la participaci\u00f3n activa de la CTERA en la causa Fuentealba II y exigimos que se d\u00e9 marcha atr\u00e1s con la decisi\u00f3n del Poder Judicial de Neuqu\u00e9n que declara extinguida dicha causa y dispone el sobreseimiento total y definitivo de todos los imputados. \u00a1Exigimos Justicia completa para el compa\u00f1ero Carlos Fuentealba! y convocamos a la Jornada Nacional de Lucha a realizarse el pr\u00f3ximo el 4 de abril, en un nuevo aniversario del asesinato de nuestro Compa\u00f1ero.<\/p>\n<p style=\"text-align: justify;\">Como en todos nuestros congresos, desde la CTERA reafirmamos nuestro compromiso en la defensa del Derecho social a la Educaci\u00f3n P\u00fablica y, en esa trayectoria, hoy sumamos nuestro repudio a las decisiones econ\u00f3mico-financieras tomadas por este gobierno que no hacen m\u00e1s que restringir la disposici\u00f3n de fondos para la educaci\u00f3n, producto de la decisi\u00f3n de pagar a los fondos buitres en las peores condiciones y generando m\u00e1s deuda externa; las quitas de retenciones para los grupos m\u00e1s concentrados del poder econ\u00f3mico, las devaluaciones salvajes que no hacen m\u00e1s que depredar el poder adquisitivo de los trabajadores y la transferencias de recursos para los sectores m\u00e1s ricos y due\u00f1os de los medios de producci\u00f3n.<\/p>\n<p style=\"text-align: justify;\">En el mismo camino de la defensa de la educaci\u00f3n p\u00fablica, insistimos en la necesidad de mantener abierta la comisi\u00f3n pedag\u00f3gica en \u00e1mbito paritario, para seguir discutiendo las pol\u00edticas educativas de este gobierno, especialmente confrontando con aquellas iniciativas que evidencian un intento de retornar al pensamiento neoconservador y neoliberal en educaci\u00f3n como es el caso de la creaci\u00f3n del Instituto Nacional de Evaluaci\u00f3n de la Calidad y Equidad o del intento de volver a las pol\u00edticas del \u201cpresentismo\u201d como as\u00ed lo evidencia el \u201c\u00edtem aula\u201d de pago por premio, presentado en Mendoza a partir del cual se generar diferencias salariales entre la misma base de trabajadores, con criterios que lesionan los derechos ganados por los trabajadores.<\/p>\n<p style=\"text-align: justify;\">En este contexto, desde CTERA seguiremos luchando para conseguir una nueva Ley de Financiamiento Educativo que eleve el presupuesto del 6% al 10% del PBI para la educaci\u00f3n, combatiendo, a su vez, todo intento de avance privatizador y mercantilista. Es decir, pelearemos por un marco legal que permita asumir y garantizar por parte del Estado los nuevos desaf\u00edos en educaci\u00f3n, garantizando los principales derechos socio-educativos como la inclusi\u00f3n de todos los sectores que a\u00fan no forman parte de la educaci\u00f3n obligatoria; la generaci\u00f3n de dispositivos para garantizar la permanencia y egreso de los estudiantes de escuelas secundarias con aprendizajes significativos; la ampliaci\u00f3n de la escolaridad de jornada extendida\/completa; la creaci\u00f3n de cargos y de la infraestructura necesaria para sostener el crecimiento constante del sistema p\u00fablico de educaci\u00f3n; la continuidad y profundizaci\u00f3n del programa nacional de formaci\u00f3n permanente y en ejercicio, el mantenimiento de los programas socioeducativos, entre otros.<\/p>\n<p style=\"text-align: justify;\">Hoy ha quedado de manifiesto que la propuesta salarial que hemos conseguido es fruto de la fortaleza y la historia de CTERA y que, gracias a eso, hemos logrado romper con el techo salarial que el gobierno nacional pretend\u00eda imponer a los trabajadores.<\/p>\n<p style=\"text-align: justify;\">En tal sentido, sostenemos que la dilaci\u00f3n de la Paritaria del sector docente ha provocado que a\u00fan varias provincias no tengan propuestas salariales que mejoren el poder adquisitivo del salario. Por lo que exigimos que el Gobierno Nacional y los Gobiernos provinciales arbitren los medios necesarios para solucionar los conflictos jurisdiccionales abiertos por exclusiva responsabilidad de los mismos.<\/p>\n<p style=\"text-align: justify;\">Por todo esto, el Congreso de CTERA se declara en sesi\u00f3n permanente para convocar a un nuevo Congreso en caso de que\u00a0no haya r\u00e1pidas soluciones para los conflictos provinciales a\u00fan pendientes y convoca a una jornada nacional de protesta acompa\u00f1ando activamente a las acciones que se llevan adelante en cada provincia.<\/p>\n<p style=\"text-align: justify;\">Si no hay respuestas aceptables, el no inicio de las clases en algunas provincias ser\u00e1 pura y exclusiva responsabilidad de los Gobiernos, porque lo que hace la CTERA es pelear por los derechos laborales de los trabajadores de la Educaci\u00f3n, y cuando lo hace, est\u00e1 defendiendo, por sobre todas las cosas, el derecho social a una Educaci\u00f3n P\u00fablica, Popular, Democr\u00e1tica y de calidad para todos y todas, siempre.<\/p>\n<p style=\"text-align: justify;\">JUNTA EJECUTIVA DE CTERA, 26 de Febrero de 2016<\/p>\n","protected":false},"excerpt":{"rendered":"<p>La Paritaria Nacional Docente es la herramienta de lucha m\u00e1s valiosa que tenemos los trabajadores de la educaci\u00f3n en el contexto actual y que hoy asumimos como un derecho ganado&#8230; <span class=\"meta-more\"><a href=\"https:\/\/adfformosa.com.ar\/?p=4087\">Leer mas &raquo;<\/a><\/span><\/p>\n","protected":false},"author":3,"featured_media":4089,"comment_status":"open","ping_status":"closed","sticky":false,"template":"","format":"standard","meta":{"footnotes":""},"categories":[2],"tags":[],"class_list":["post-4087","post","type-post","status-publish","format-standard","has-post-thumbnail","hentry","category-prensa-adf","even alt"],"_links":{"self":[{"href":"https:\/\/adfformosa.com.ar\/index.php?rest_route=\/wp\/v2\/posts\/4087","targetHints":{"allow":["GET"]}}],"collection":[{"href":"https:\/\/adfformosa.com.ar\/index.php?rest_route=\/wp\/v2\/posts"}],"about":[{"href":"https:\/\/adfformosa.com.ar\/index.php?rest_route=\/wp\/v2\/types\/post"}],"author":[{"embeddable":true,"href":"https:\/\/adfformosa.com.ar\/index.php?rest_route=\/wp\/v2\/users\/3"}],"replies":[{"embeddable":true,"href":"https:\/\/adfformosa.com.ar\/index.php?rest_route=%2Fwp%2Fv2%2Fcomments&post=4087"}],"version-history":[{"count":2,"href":"https:\/\/adfformosa.com.ar\/index.php?rest_route=\/wp\/v2\/posts\/4087\/revisions"}],"predecessor-version":[{"id":4406,"href":"https:\/\/adfformosa.com.ar\/index.php?rest_route=\/wp\/v2\/posts\/4087\/revisions\/4406"}],"wp:featuredmedia":[{"embeddable":true,"href":"https:\/\/adfformosa.com.ar\/index.php?rest_route=\/wp\/v2\/media\/4089"}],"wp:attachment":[{"href":"https:\/\/adfformosa.com.ar\/index.php?rest_route=%2Fwp%2Fv2%2Fmedia&parent=4087"}],"wp:term":[{"taxonomy":"category","embeddable":true,"href":"https:\/\/adfformosa.com.ar\/index.php?rest_route=%2Fwp%2Fv2%2Fcategories&post=4087"},{"taxonomy":"post_tag","embeddable":true,"href":"https:\/\/adfformosa.com.ar\/index.php?rest_route=%2Fwp%2Fv2%2Ftags&post=4087"}],"curies":[{"name":"wp","href":"https:\/\/api.w.org\/{rel}","templated":true}]}}