{"id":4079,"date":"2016-02-26T19:11:52","date_gmt":"2016-02-26T22:11:52","guid":{"rendered":"http:\/\/adfformosa.com.ar\/?p=4079"},"modified":"2016-06-24T10:25:54","modified_gmt":"2016-06-24T13:25:54","slug":"el-congreso-de-ctera-aprobo-la-propuesta-emanada-de-la-paritaria-nacional-docente","status":"publish","type":"post","link":"https:\/\/adfformosa.com.ar\/?p=4079","title":{"rendered":"El congreso de CTERA aprob\u00f3 la propuesta emanada de la paritaria nacional docente"},"content":{"rendered":"<div id=\"s-share-buttons\" class=\"horizontal-w-c-r-border s-share-w-c\"><a href=\"http:\/\/www.facebook.com\/sharer.php?u=https:\/\/adfformosa.com.ar\/?p=4079\" target=\"_blank\" title=\"Share to Facebook\" class=\"s3-facebook hint--top\"><\/a><a href=\"http:\/\/twitter.com\/intent\/tweet?text=El congreso de CTERA aprob\u00f3 la propuesta emanada de la paritaria nacional docente&url=https:\/\/adfformosa.com.ar\/?p=4079\" target=\"_blank\"  title=\"Share to Twitter\" class=\"s3-twitter hint--top\"><\/a><a href=\"https:\/\/plus.google.com\/share?url=https:\/\/adfformosa.com.ar\/?p=4079\" target=\"_blank\"  title=\"Share to Google Plus\" class=\"s3-google-plus hint--top\"><\/a><a href=\"http:\/\/www.digg.com\/submit?url=https:\/\/adfformosa.com.ar\/?p=4079\" target=\"_blank\"  title=\"Share to Digg\" class=\"s3-digg hint--top\"><\/a><a href=\"http:\/\/www.tumblr.com\/share\/link?url=https%3A%2F%2Fadfformosa.com.ar%2F%3Fp%3D4079&name=El+congreso+de+CTERA+aprob%C3%B3+la+propuesta+emanada+de+la+paritaria+nacional+docente\" target=\"_blank\" title=\"Share to Tumblr\" class=\"s3-tumblr hint--top\"><\/a><a href=\"mailto:?Subject=El%20congreso%20de%20CTERA%20aprob\u00f3%20la%20propuesta%20emanada%20de%20la%20paritaria%20nacional%20docente&Body=Here%20is%20the%20link%20to%20the%20article:%20https:\/\/adfformosa.com.ar\/?p=4079\" title=\"Email this article\" class=\"s3-email hint--top\"><\/a><\/div><div class=\"_2cuy _3dgx _2vxa\" style=\"text-align: justify;\"><img loading=\"lazy\" decoding=\"async\" class=\"wp-image-4080 alignleft\" src=\"https:\/\/adfformosa.com.ar\/wp-content\/uploads\/2016\/02\/congreso-ctera-2016-dos-e1456791290877.jpg\" alt=\"\" width=\"350\" height=\"233\" \/>PARTE DE PRENSA DE CTERA<\/div>\n<div class=\"_2cuy _3dgx _2vxa\" style=\"text-align: justify;\">En el d\u00eda de la fecha, viernes 26 de febrero sesion\u00f3 el Congreso Nacional de CTERA, con la presencia de los congresales de CTERA de todo el pa\u00eds. En el inicio del mismo la Secretaria General Sonia Alesso brind\u00f3 un informe pormenorizado de las propuestas de la Paritaria Nacional Docente.<\/div>\n<div class=\"_2cuy _3dgx _2vxa\" style=\"text-align: justify;\"><\/div>\n<div class=\"_2cuy _3dgx _2vxa\" style=\"text-align: justify;\">\u201cEn el actual contexto esta propuesta salarial que hemos conseguido es fruto de la fortaleza y la historia de CTERA. En estos logros se ven reflejadas las jornadas hist\u00f3ricas de la Carpa Blanca, nuestra lucha incansable por una Ley de Financiamiento Educativo, por la defensa de la Paritaria Nacional Docente. Hemos logrado romper el techo salarial que el gobierno nacional pretend\u00eda imponer a los trabajadores. Sostenemos que la dilaci\u00f3n de la Paritaria del sector docente ha provocado que a\u00fan varias provincias no tengan propuestas salariales que mejoren el poder adquisitivo del salario. Desde CTERA vamos a exigir al Gobierno Nacional que intervenga con fondos para solucionar los conflictos y a los gobiernos provinciales que arbitren los medios para mejorar las propuestas salariales que hicieron a los sindicatos de base.\u201d<\/div>\n<div class=\"_2cuy _3dgx _2vxa\" style=\"text-align: justify;\"><\/div>\n<div class=\"_2cuy _3dgx _2vxa\" style=\"text-align: justify;\">El Congreso Nacional de CTERA resolvi\u00f3:<\/div>\n<div class=\"_2cuy _3dgx _2vxa\" style=\"text-align: justify;\"><\/div>\n<div class=\"_2cuy _3dgx _2vxa\" style=\"text-align: justify;\">1) Aprobaci\u00f3n de lo actuado por la Junta Ejecutiva de CTERA en la Paritaria Nacional Docente y la propuesta Paritaria emanada de la misma.<\/div>\n<div class=\"_2cuy _3dgx _2vxa\" style=\"text-align: justify;\"><\/div>\n<div class=\"_2cuy _3dgx _2vxa\" style=\"text-align: justify;\">2) CTERA manifiesta su solidaridad activa con todas las provincias en conflicto.<\/div>\n<div class=\"_2cuy _3dgx _2vxa\" style=\"text-align: justify;\">3) Exige al Gobierno Nacional su intervenci\u00f3n con fondos para solucionar todos los problemas.<\/div>\n<div class=\"_2cuy _3dgx _2vxa\" style=\"text-align: justify;\">-4) Declarar al Congreso de CTERA en sesi\u00f3n permanente para convocar a un nuevo Congreso en caso que no haya soluci\u00f3n a los conflictos provinciales y jornada nacional de protesta acompa\u00f1ando activamente a las provincias en conflicto.<\/div>\n<div class=\"_2cuy _3dgx _2vxa\" style=\"text-align: justify;\">5) Ratifica la petici\u00f3n para que todos los trabajadores de la educaci\u00f3n sean eximidos del pago del Impuesto a las Ganancias, solicitando que ellos sea incorporado en la reforma que impulsa el Gobierno Nacional.<\/div>\n<div class=\"_2cuy _3dgx _2vxa\" style=\"text-align: justify;\">6) Exigir al Gobierno Nacional que no se contabilice para el pago de ganancias del salario de los docentes los \u00edtems referidos a: zona Patag\u00f3nica, zona desfavorable, zona de frontera, ruralidad, material did\u00e1ctico, transporte, refrigerio.<\/div>\n<div class=\"_2cuy _3dgx _2vxa\" style=\"text-align: justify;\">7) Rechazar y repudiar el \u201c\u00edtem aula\u201d implementado por el gobierno de Mendoza.<\/div>\n<div class=\"_2cuy _3dgx _2vxa\" style=\"text-align: justify;\">8) Solidaridad con todos los trabajadores despedidos.<\/div>\n<div class=\"_2cuy _3dgx _2vxa\" style=\"text-align: justify;\">9) Solidaridad ante las intimidaciones sufridas por CTERA cuando polic\u00edas de civil ingresaron en nuestra sede<\/div>\n<div class=\"_2cuy _3dgx _2vxa\" style=\"text-align: justify;\">10) Apoyo al compa\u00f1ero Roberto Baradel y su familia ante las amenazas recibidas.<\/div>\n<div class=\"_2cuy _3dgx _2vxa\" style=\"text-align: justify;\">11) Repudiar el Protocolo de Seguridad y la criminalizaci\u00f3n de la protesta social.<\/div>\n<div class=\"_2cuy _3dgx _2vxa\" style=\"text-align: justify;\">12) Jornada Nacional de Lucha el 4 de abril en un nuevo aniversario del asesinato de nuestro Compa\u00f1ero Carlos Fuentealba y por la actuaci\u00f3n de la justicia neuquina de dar por extinguida la Causa Fuentealba II.<\/div>\n<div class=\"_2cuy _3dgx _2vxa\" style=\"text-align: justify;\">13)Repudiar las pol\u00edticas de ajuste y al pago a los fondos buitre.<\/div>\n<div class=\"_2cuy _3dgx _2vxa\" style=\"text-align: justify;\">14) Participar en el acto del 24 de marzo en un nuevo aniversario del golpe c\u00edvico militar. Seguir exigiendo juicio y castigo a los responsables militares y civiles por el terrorismo de Estado.<\/div>\n<div class=\"_2cuy _3dgx _2vxa\" style=\"text-align: justify;\">15) Exigir la libertad de trabajadores de la educaci\u00f3n de M\u00e9xico encarcelados injustamente por pelear por sus derechos.<\/div>\n<div class=\"_2cuy _3dgx _2vxa\" style=\"text-align: justify;\">16) Exigir c\u00e1rcel efectiva a Jos\u00e9 Pedraza condenado por el crimen del Compa\u00f1ero Mariano Ferreyra.<\/div>\n<div class=\"_2cuy _3dgx _2vxa\" style=\"text-align: justify;\">17) Repudiar la presencia del Presidente de Estados Unidos Barak Obama el pr\u00f3ximo 24 de marzo.<\/div>\n<div class=\"_2cuy _3dgx _2vxa\" style=\"text-align: justify;\"><\/div>\n<div class=\"_2cuy _3dgx _2vxa\" style=\"text-align: justify;\">Alejo Demichelis -Secretario de Prensa CTERA Sonia Alesso- Secretaria General CTERA<\/div>\n","protected":false},"excerpt":{"rendered":"<p>PARTE DE PRENSA DE CTERA En el d\u00eda de la fecha, viernes 26 de febrero sesion\u00f3 el Congreso Nacional de CTERA, con la presencia de los congresales de CTERA de&#8230; <span class=\"meta-more\"><a href=\"https:\/\/adfformosa.com.ar\/?p=4079\">Leer mas &raquo;<\/a><\/span><\/p>\n","protected":false},"author":3,"featured_media":4080,"comment_status":"open","ping_status":"closed","sticky":false,"template":"","format":"standard","meta":{"footnotes":""},"categories":[2],"tags":[],"class_list":["post-4079","post","type-post","status-publish","format-standard","has-post-thumbnail","hentry","category-prensa-adf","even alt"],"_links":{"self":[{"href":"https:\/\/adfformosa.com.ar\/index.php?rest_route=\/wp\/v2\/posts\/4079","targetHints":{"allow":["GET"]}}],"collection":[{"href":"https:\/\/adfformosa.com.ar\/index.php?rest_route=\/wp\/v2\/posts"}],"about":[{"href":"https:\/\/adfformosa.com.ar\/index.php?rest_route=\/wp\/v2\/types\/post"}],"author":[{"embeddable":true,"href":"https:\/\/adfformosa.com.ar\/index.php?rest_route=\/wp\/v2\/users\/3"}],"replies":[{"embeddable":true,"href":"https:\/\/adfformosa.com.ar\/index.php?rest_route=%2Fwp%2Fv2%2Fcomments&post=4079"}],"version-history":[{"count":2,"href":"https:\/\/adfformosa.com.ar\/index.php?rest_route=\/wp\/v2\/posts\/4079\/revisions"}],"predecessor-version":[{"id":4407,"href":"https:\/\/adfformosa.com.ar\/index.php?rest_route=\/wp\/v2\/posts\/4079\/revisions\/4407"}],"wp:featuredmedia":[{"embeddable":true,"href":"https:\/\/adfformosa.com.ar\/index.php?rest_route=\/wp\/v2\/media\/4080"}],"wp:attachment":[{"href":"https:\/\/adfformosa.com.ar\/index.php?rest_route=%2Fwp%2Fv2%2Fmedia&parent=4079"}],"wp:term":[{"taxonomy":"category","embeddable":true,"href":"https:\/\/adfformosa.com.ar\/index.php?rest_route=%2Fwp%2Fv2%2Fcategories&post=4079"},{"taxonomy":"post_tag","embeddable":true,"href":"https:\/\/adfformosa.com.ar\/index.php?rest_route=%2Fwp%2Fv2%2Ftags&post=4079"}],"curies":[{"name":"wp","href":"https:\/\/api.w.org\/{rel}","templated":true}]}}