{"id":4075,"date":"2016-02-25T19:07:39","date_gmt":"2016-02-25T22:07:39","guid":{"rendered":"http:\/\/adfformosa.com.ar\/?p=4075"},"modified":"2016-06-24T10:26:01","modified_gmt":"2016-06-24T13:26:01","slug":"paritaria-nacional-docente-hoy-sesiona-el-congreso-de-ctera","status":"publish","type":"post","link":"https:\/\/adfformosa.com.ar\/?p=4075","title":{"rendered":"PARITARIA NACIONAL DOCENTE: HOY SESIONA EL CONGRESO DE CTERA"},"content":{"rendered":"<div id=\"s-share-buttons\" class=\"horizontal-w-c-r-border s-share-w-c\"><a href=\"http:\/\/www.facebook.com\/sharer.php?u=https:\/\/adfformosa.com.ar\/?p=4075\" target=\"_blank\" title=\"Share to Facebook\" class=\"s3-facebook hint--top\"><\/a><a href=\"http:\/\/twitter.com\/intent\/tweet?text=PARITARIA NACIONAL DOCENTE: HOY SESIONA EL CONGRESO DE CTERA&url=https:\/\/adfformosa.com.ar\/?p=4075\" target=\"_blank\"  title=\"Share to Twitter\" class=\"s3-twitter hint--top\"><\/a><a href=\"https:\/\/plus.google.com\/share?url=https:\/\/adfformosa.com.ar\/?p=4075\" target=\"_blank\"  title=\"Share to Google Plus\" class=\"s3-google-plus hint--top\"><\/a><a href=\"http:\/\/www.digg.com\/submit?url=https:\/\/adfformosa.com.ar\/?p=4075\" target=\"_blank\"  title=\"Share to Digg\" class=\"s3-digg hint--top\"><\/a><a href=\"http:\/\/www.tumblr.com\/share\/link?url=https%3A%2F%2Fadfformosa.com.ar%2F%3Fp%3D4075&name=PARITARIA+NACIONAL+DOCENTE%3A+HOY+SESIONA+EL+CONGRESO+DE+CTERA\" target=\"_blank\" title=\"Share to Tumblr\" class=\"s3-tumblr hint--top\"><\/a><a href=\"mailto:?Subject=PARITARIA%20NACIONAL%20DOCENTE:%20HOY%20SESIONA%20EL%20CONGRESO%20DE%20CTERA&Body=Here%20is%20the%20link%20to%20the%20article:%20https:\/\/adfformosa.com.ar\/?p=4075\" title=\"Email this article\" class=\"s3-email hint--top\"><\/a><\/div><p style=\"text-align: justify;\"><img loading=\"lazy\" decoding=\"async\" class=\"wp-image-4076 size-full aligncenter\" src=\"https:\/\/adfformosa.com.ar\/wp-content\/uploads\/2016\/02\/12654272_1684808038427796_5878851851348110836_n-1-e1456791045179.jpg\" alt=\"\" width=\"600\" height=\"400\" \/><\/p>\n<p style=\"text-align: justify;\">El d\u00eda jueves 25 de febrero de 2016, finalmente se formaliz\u00f3 en el Ministerio de Trabajo de la Naci\u00f3n la propuesta de la Paritaria Nacional Docente.<\/p>\n<p style=\"text-align: justify;\">Los paritarios de CTERA estuvieron encabezados por Sonia Alesso \u2013 Secretaria General \u2013<\/p>\n<div class=\"text_exposed_show\">\n<p style=\"text-align: justify;\">Esta Acta Paritaria recepcionada en el d\u00eda de la fecha y que ser\u00e1 puesta a consideraci\u00f3n en el Congreso de CTERA el viernes 26 de febrero, muestra la fortaleza de los trabajadores de la educaci\u00f3n organizados en CTERA que han expresado desde el primer momento que no iban a aceptar techos en la discusi\u00f3n salarial.<\/p>\n<p style=\"text-align: justify;\">CTERA con su firmeza ha podido romper la intenci\u00f3n del Gobierno Nacional de encorsetar las discusiones salariales en torno al 25 %.<br \/>\nSeguiremos defendiendo el derecho social a la educaci\u00f3n y la escuela p\u00fablica luchando por mejores salarios, condiciones laborales y una Ley de Financiamiento Educativo que eleve el presupuesto del 6 al 10 % del PBI para educaci\u00f3n.<\/p>\n<p style=\"text-align: justify;\">Luego de arduas y prolongadas reuniones la propuesta es:<\/p>\n<p style=\"text-align: justify;\">&#8211; El salario m\u00ednimo inicial del docente que reci\u00e9n se inicia qued\u00f3 establecido en de $ 7800 \u00a0a partir de febrero un 28,7 % y $ 8500 a partir de julio un \u00a040,2 %<\/p>\n<p style=\"text-align: justify;\">&#8211; A partir de febrero el FONID ser\u00e1 de $ 910 \u00a0y en julio de $ 1210 \u00a0por cargo.<\/p>\n<p style=\"text-align: justify;\">&#8211; A partir de esta paritaria el salario de un docente ser\u00e1 siempre superior a un 20 % del salario m\u00ednimo vital y m\u00f3vil, sin perjuicio de lo que se acuerde en la paritaria salarial docente.<\/p>\n<p style=\"text-align: justify;\">&#8211; Se peticiona que en las pr\u00f3ximas sesiones del Congreso Nacional cuando se discuta el Impuesto a las Ganancias se exima a los docentes de dicho impuesto.<\/p>\n<p style=\"text-align: justify;\">&#8211; Se mantienen los Programas Socioeducativos con participaci\u00f3n en la discusi\u00f3n de los sindicatos docentes.<\/p>\n<p style=\"text-align: justify;\">&#8211; La Paritaria Nacional permanecer\u00e1 abierta todo el a\u00f1o para discutir: salario, Formaci\u00f3n Docente, Educaci\u00f3n de Calidad y Convenio Colectivo para el sector.<\/p>\n<p style=\"text-align: justify;\">&#8211; Contin\u00faa el Plan Nacional de Formaci\u00f3n Docente permanente, gratuito y en ejercicio.<\/p>\n<p style=\"text-align: justify;\">&#8211; La Naci\u00f3n invertir\u00e1 en las provincias $ 800 \u00a0millones para infraestructura escolar.<\/p>\n<p style=\"text-align: justify;\">Buenos Aires, jueves 25 de febrero de 2016<\/p>\n<p style=\"text-align: justify;\">Alejo Demichelis &#8211; Secretario de Prensa<br \/>\nSonia Alesso- Secretaria General<\/p>\n<\/div>\n","protected":false},"excerpt":{"rendered":"<p>El d\u00eda jueves 25 de febrero de 2016, finalmente se formaliz\u00f3 en el Ministerio de Trabajo de la Naci\u00f3n la propuesta de la Paritaria Nacional Docente. Los paritarios de CTERA&#8230; <span class=\"meta-more\"><a href=\"https:\/\/adfformosa.com.ar\/?p=4075\">Leer mas &raquo;<\/a><\/span><\/p>\n","protected":false},"author":3,"featured_media":4076,"comment_status":"open","ping_status":"closed","sticky":false,"template":"","format":"standard","meta":{"footnotes":""},"categories":[2],"tags":[],"class_list":["post-4075","post","type-post","status-publish","format-standard","has-post-thumbnail","hentry","category-prensa-adf","even alt"],"_links":{"self":[{"href":"https:\/\/adfformosa.com.ar\/index.php?rest_route=\/wp\/v2\/posts\/4075","targetHints":{"allow":["GET"]}}],"collection":[{"href":"https:\/\/adfformosa.com.ar\/index.php?rest_route=\/wp\/v2\/posts"}],"about":[{"href":"https:\/\/adfformosa.com.ar\/index.php?rest_route=\/wp\/v2\/types\/post"}],"author":[{"embeddable":true,"href":"https:\/\/adfformosa.com.ar\/index.php?rest_route=\/wp\/v2\/users\/3"}],"replies":[{"embeddable":true,"href":"https:\/\/adfformosa.com.ar\/index.php?rest_route=%2Fwp%2Fv2%2Fcomments&post=4075"}],"version-history":[{"count":2,"href":"https:\/\/adfformosa.com.ar\/index.php?rest_route=\/wp\/v2\/posts\/4075\/revisions"}],"predecessor-version":[{"id":4408,"href":"https:\/\/adfformosa.com.ar\/index.php?rest_route=\/wp\/v2\/posts\/4075\/revisions\/4408"}],"wp:featuredmedia":[{"embeddable":true,"href":"https:\/\/adfformosa.com.ar\/index.php?rest_route=\/wp\/v2\/media\/4076"}],"wp:attachment":[{"href":"https:\/\/adfformosa.com.ar\/index.php?rest_route=%2Fwp%2Fv2%2Fmedia&parent=4075"}],"wp:term":[{"taxonomy":"category","embeddable":true,"href":"https:\/\/adfformosa.com.ar\/index.php?rest_route=%2Fwp%2Fv2%2Fcategories&post=4075"},{"taxonomy":"post_tag","embeddable":true,"href":"https:\/\/adfformosa.com.ar\/index.php?rest_route=%2Fwp%2Fv2%2Ftags&post=4075"}],"curies":[{"name":"wp","href":"https:\/\/api.w.org\/{rel}","templated":true}]}}