{"id":4072,"date":"2016-02-29T19:02:56","date_gmt":"2016-02-29T22:02:56","guid":{"rendered":"http:\/\/adfformosa.com.ar\/?p=4072"},"modified":"2016-06-24T10:24:30","modified_gmt":"2016-06-24T13:24:30","slug":"incremento-salarial-para-el-escalafon-docente-2016","status":"publish","type":"post","link":"https:\/\/adfformosa.com.ar\/?p=4072","title":{"rendered":"Incremento salarial para el escalaf\u00f3n docente 2016"},"content":{"rendered":"<div id=\"s-share-buttons\" class=\"horizontal-w-c-r-border s-share-w-c\"><a href=\"http:\/\/www.facebook.com\/sharer.php?u=https:\/\/adfformosa.com.ar\/?p=4072\" target=\"_blank\" title=\"Share to Facebook\" class=\"s3-facebook hint--top\"><\/a><a href=\"http:\/\/twitter.com\/intent\/tweet?text=Incremento salarial para el escalaf\u00f3n docente 2016&url=https:\/\/adfformosa.com.ar\/?p=4072\" target=\"_blank\"  title=\"Share to Twitter\" class=\"s3-twitter hint--top\"><\/a><a href=\"https:\/\/plus.google.com\/share?url=https:\/\/adfformosa.com.ar\/?p=4072\" target=\"_blank\"  title=\"Share to Google Plus\" class=\"s3-google-plus hint--top\"><\/a><a href=\"http:\/\/www.digg.com\/submit?url=https:\/\/adfformosa.com.ar\/?p=4072\" target=\"_blank\"  title=\"Share to Digg\" class=\"s3-digg hint--top\"><\/a><a href=\"http:\/\/www.tumblr.com\/share\/link?url=https%3A%2F%2Fadfformosa.com.ar%2F%3Fp%3D4072&name=Incremento+salarial+para+el+escalaf%C3%B3n+docente+2016\" target=\"_blank\" title=\"Share to Tumblr\" class=\"s3-tumblr hint--top\"><\/a><a href=\"mailto:?Subject=Incremento%20salarial%20para%20el%20escalaf\u00f3n%20docente%202016&Body=Here%20is%20the%20link%20to%20the%20article:%20https:\/\/adfformosa.com.ar\/?p=4072\" title=\"Email this article\" class=\"s3-email hint--top\"><\/a><\/div><p style=\"text-align: justify;\"><img loading=\"lazy\" decoding=\"async\" class=\"wp-image-4073 size-full aligncenter\" src=\"https:\/\/adfformosa.com.ar\/wp-content\/uploads\/2016\/02\/12743942_1551116825200429_1536619643305126083_n-e1456790764207.png\" alt=\"\" width=\"600\" height=\"213\" \/>Compa\u00f1eros\/as:<\/p>\n<p style=\"text-align: justify;\">En la negociaci\u00f3n provincial hemos logrado el siguiente incremento salarial para el escalaf\u00f3n docente.<\/p>\n<p style=\"text-align: justify;\">La incorporaci\u00f3n al b\u00e1sico de los siguientes importes a partir de los periodos que se indican y el nuevo valor de punto \u00edndice resultante:<\/p>\n<div class=\"text_exposed_show\">\n<ul style=\"text-align: justify;\">\n<li>\u00a0Marzo: Se incorporan $ 600,00 correspondiente a la garant\u00eda salarial 2014, resultando el valor del punto \u00edndice en $ 17,9684.<\/li>\n<li>\u00a0Julio: Se incorporan los 300,00 de la garant\u00eda salarial 2014, resultando el valor del punto \u00edndice en $ 19,4759.<\/li>\n<li>\u00a0Octubre: Se incorporan $ 150,00 correspondiente a la garant\u00eda salarial 2015, resultando el valor del punto \u00edndice en $ 20,2297.<\/li>\n<\/ul>\n<p style=\"text-align: justify;\">Los incrementos se extienden a los agentes pasivos docentes de la Caja de Previsi\u00f3n Social.<\/p>\n<p style=\"text-align: justify;\">En el marco de la Paritaria Nacional Docente<\/p>\n<p style=\"text-align: justify;\">Hemos arribado al siguiente acuerdo salarial para el corriente a\u00f1o:<\/p>\n<ul style=\"text-align: justify;\">\n<li>La continuidad del cobro de los $ 460,00 otorgados en enero para equiparar nuestro salario con el salario m\u00ednimo vital y m\u00f3vil (con criterio FONID, es decir por cargo hasta un m\u00e1ximo de dos)<\/li>\n<li>A partir de febrero el monto de $ 945,00 en concepto de garant\u00eda 2016 (con criterio FONID, por cargo hasta un m\u00e1ximo de dos).<\/li>\n<li>\u00a0A partir de febrero un incremento del incentivo docente de $ 400,00 ( FONID).<\/li>\n<li>\u00a0A partir de julio un incremento de $ 300,00 del incentivo docente (FONID)<\/li>\n<\/ul>\n<p style=\"text-align: justify;\">Con estos incrementos el incentivo docente pasa de $ 510,00 en el mes de enero a $ 910,00 en el mes de febrero y a $ 1.210,00 desde el mes de julio en adelante.<\/p>\n<\/div>\n","protected":false},"excerpt":{"rendered":"<p>Compa\u00f1eros\/as: En la negociaci\u00f3n provincial hemos logrado el siguiente incremento salarial para el escalaf\u00f3n docente. La incorporaci\u00f3n al b\u00e1sico de los siguientes importes a partir de los periodos que se&#8230; <span class=\"meta-more\"><a href=\"https:\/\/adfformosa.com.ar\/?p=4072\">Leer mas &raquo;<\/a><\/span><\/p>\n","protected":false},"author":3,"featured_media":4073,"comment_status":"open","ping_status":"closed","sticky":false,"template":"","format":"standard","meta":{"footnotes":""},"categories":[2],"tags":[],"class_list":["post-4072","post","type-post","status-publish","format-standard","has-post-thumbnail","hentry","category-prensa-adf","even alt"],"_links":{"self":[{"href":"https:\/\/adfformosa.com.ar\/index.php?rest_route=\/wp\/v2\/posts\/4072","targetHints":{"allow":["GET"]}}],"collection":[{"href":"https:\/\/adfformosa.com.ar\/index.php?rest_route=\/wp\/v2\/posts"}],"about":[{"href":"https:\/\/adfformosa.com.ar\/index.php?rest_route=\/wp\/v2\/types\/post"}],"author":[{"embeddable":true,"href":"https:\/\/adfformosa.com.ar\/index.php?rest_route=\/wp\/v2\/users\/3"}],"replies":[{"embeddable":true,"href":"https:\/\/adfformosa.com.ar\/index.php?rest_route=%2Fwp%2Fv2%2Fcomments&post=4072"}],"version-history":[{"count":2,"href":"https:\/\/adfformosa.com.ar\/index.php?rest_route=\/wp\/v2\/posts\/4072\/revisions"}],"predecessor-version":[{"id":4405,"href":"https:\/\/adfformosa.com.ar\/index.php?rest_route=\/wp\/v2\/posts\/4072\/revisions\/4405"}],"wp:featuredmedia":[{"embeddable":true,"href":"https:\/\/adfformosa.com.ar\/index.php?rest_route=\/wp\/v2\/media\/4073"}],"wp:attachment":[{"href":"https:\/\/adfformosa.com.ar\/index.php?rest_route=%2Fwp%2Fv2%2Fmedia&parent=4072"}],"wp:term":[{"taxonomy":"category","embeddable":true,"href":"https:\/\/adfformosa.com.ar\/index.php?rest_route=%2Fwp%2Fv2%2Fcategories&post=4072"},{"taxonomy":"post_tag","embeddable":true,"href":"https:\/\/adfformosa.com.ar\/index.php?rest_route=%2Fwp%2Fv2%2Ftags&post=4072"}],"curies":[{"name":"wp","href":"https:\/\/api.w.org\/{rel}","templated":true}]}}