{"id":4068,"date":"2016-02-19T17:39:13","date_gmt":"2016-02-19T20:39:13","guid":{"rendered":"http:\/\/adfformosa.com.ar\/?p=4068"},"modified":"2016-06-24T10:26:42","modified_gmt":"2016-06-24T13:26:42","slug":"comunicado-de-ctera-no-vamos-a-permitir-que-el-gobierno-nacional-le-ponga-techo-a-los-salarios-de-los-docentes","status":"publish","type":"post","link":"https:\/\/adfformosa.com.ar\/?p=4068","title":{"rendered":"Comunicado de CTERA : \u00abNo vamos a permitir que el Gobierno Nacional le ponga techo a los salarios de los docentes\u00bb"},"content":{"rendered":"<div id=\"s-share-buttons\" class=\"horizontal-w-c-r-border s-share-w-c\"><a href=\"http:\/\/www.facebook.com\/sharer.php?u=https:\/\/adfformosa.com.ar\/?p=4068\" target=\"_blank\" title=\"Share to Facebook\" class=\"s3-facebook hint--top\"><\/a><a href=\"http:\/\/twitter.com\/intent\/tweet?text=Comunicado de CTERA : \u00abNo vamos a permitir que el Gobierno Nacional le ponga techo a los salarios de los docentes\u00bb&url=https:\/\/adfformosa.com.ar\/?p=4068\" target=\"_blank\"  title=\"Share to Twitter\" class=\"s3-twitter hint--top\"><\/a><a href=\"https:\/\/plus.google.com\/share?url=https:\/\/adfformosa.com.ar\/?p=4068\" target=\"_blank\"  title=\"Share to Google Plus\" class=\"s3-google-plus hint--top\"><\/a><a href=\"http:\/\/www.digg.com\/submit?url=https:\/\/adfformosa.com.ar\/?p=4068\" target=\"_blank\"  title=\"Share to Digg\" class=\"s3-digg hint--top\"><\/a><a href=\"http:\/\/www.tumblr.com\/share\/link?url=https%3A%2F%2Fadfformosa.com.ar%2F%3Fp%3D4068&name=Comunicado+de+CTERA+%3A+%C2%ABNo+vamos+a+permitir+que+el+Gobierno+Nacional+le+ponga+techo+a+los+salarios+de+los+docentes%C2%BB\" target=\"_blank\" title=\"Share to Tumblr\" class=\"s3-tumblr hint--top\"><\/a><a href=\"mailto:?Subject=Comunicado%20de%20CTERA%20:%20\u00abNo%20vamos%20a%20permitir%20que%20el%20Gobierno%20Nacional%20le%20ponga%20techo%20a%20los%20salarios%20de%20los%20docentes\u00bb&Body=Here%20is%20the%20link%20to%20the%20article:%20https:\/\/adfformosa.com.ar\/?p=4068\" title=\"Email this article\" class=\"s3-email hint--top\"><\/a><\/div><p><img loading=\"lazy\" decoding=\"async\" class=\"wp-image-4069 size-full aligncenter\" src=\"https:\/\/adfformosa.com.ar\/wp-content\/uploads\/2016\/02\/CTERA-e1455914265270.jpg\" alt=\"CTERA\" width=\"600\" height=\"399\" \/><\/p>\n<p style=\"text-align: justify;\">Buenos Aires, viernes 19 de febrero de 2016<\/p>\n<p style=\"text-align: justify;\">En una conferencia de prensa realizada en la sede de CTERA con la presencia de los cinco sindicatos nacionales, Sonia Alesso &#8211; Secretaria General de CTERA &#8211; expres\u00f3: \u00abNo vamos a permitir que el Gobierno Nacional le ponga techo a los salarios de los docentes\u00bb.<\/p>\n<div class=\"text_exposed_show\">\n<p style=\"text-align: justify;\">CON LA SUSPENSI\u00d3N DE LA FIRMA DE LA PROPUESTA SALARIAL EN EL MINISTERIO DE TRABAJO DE LA NACI\u00d3N, EL GOBIERNO NACIONAL PONE EN RIESGO EL INICIO DEL CICLO LECTIVO.<\/p>\n<p style=\"text-align: justify;\">Ante la nueva suspensi\u00f3n de la convocatoria al Ministerio de Trabajo en el d\u00eda de hoy a las 12 horas, para formalizar la firma de la propuesta salarial,<\/p>\n<p style=\"text-align: justify;\">La Junta Ejecutiva de CTERA expresa:<\/p>\n<p style=\"text-align: justify;\">1- Que, desde el Gobierno Nacional, se pretende dilatar la firma de la propuesta que fuera realizada a los cinco gremios docentes nacionales el d\u00eda 16 de febrero y hecha p\u00fablica por las propias autoridades del Ministerio de Educaci\u00f3n.<\/p>\n<p style=\"text-align: justify;\">2- Que la dilaci\u00f3n de la firma de la propuesta significa da\u00f1ar la buena fe en la negociaci\u00f3n Paritaria, y lesiona la discusi\u00f3n salarial en las provincias.<\/p>\n<p style=\"text-align: justify;\">3- Que a d\u00edas del inicio del ciclo lectivo, no hemos recibido la propuesta formalizada para que sea considerada en su Congreso Nacional y congresos y asambleas provinciales.<\/p>\n<p style=\"text-align: justify;\">4- Que CTERA entiende que esta demora es un intento de poner techo a las negociaciones salariales provinciales.<\/p>\n<p style=\"text-align: justify;\">5- Que en caso de no recibir en forma urgente la propuesta en el Ministerio de Trabajo de la Naci\u00f3n, el Gobierno pone en riesgo el inicio del ciclo lectivo.<\/p>\n<p style=\"text-align: justify;\">Por todo esto CTERA expresa su en\u00e9rgico rechazo a la suspensi\u00f3n de la formalizaci\u00f3n de la firma de la propuesta emanada de la Paritaria Nacional Docente, ya que esta decisi\u00f3n pone de manifiesto una evidente irresponsabilidad por parte del Gobierno Nacional que no tiene antecedentes en ninguna de las negociaciones paritarias anteriores.<\/p>\n<p style=\"text-align: justify;\">Que los docentes y sus organizaciones sindicales tienen que ser respetadas en su calidad de educadores y trabajadores.<\/p>\n<p style=\"text-align: justify;\">Por lo tanto CTERA declara el estado de alerta y movilizaci\u00f3n y exhorta a las autoridades nacionales a tener una actitud responsable ante los millones de alumnos y sus familias que esperan la soluci\u00f3n urgente de esta situaci\u00f3n.<\/p>\n<p style=\"text-align: justify;\">Alejo Demichelis -Secretario de Prensa<br \/>\nSonia Alesso -Secretaria General<\/p>\n<\/div>\n","protected":false},"excerpt":{"rendered":"<p>Buenos Aires, viernes 19 de febrero de 2016 En una conferencia de prensa realizada en la sede de CTERA con la presencia de los cinco sindicatos nacionales, Sonia Alesso &#8211;&#8230; <span class=\"meta-more\"><a href=\"https:\/\/adfformosa.com.ar\/?p=4068\">Leer mas &raquo;<\/a><\/span><\/p>\n","protected":false},"author":3,"featured_media":4069,"comment_status":"open","ping_status":"closed","sticky":false,"template":"","format":"standard","meta":{"footnotes":""},"categories":[2],"tags":[],"class_list":["post-4068","post","type-post","status-publish","format-standard","has-post-thumbnail","hentry","category-prensa-adf","even alt"],"_links":{"self":[{"href":"https:\/\/adfformosa.com.ar\/index.php?rest_route=\/wp\/v2\/posts\/4068","targetHints":{"allow":["GET"]}}],"collection":[{"href":"https:\/\/adfformosa.com.ar\/index.php?rest_route=\/wp\/v2\/posts"}],"about":[{"href":"https:\/\/adfformosa.com.ar\/index.php?rest_route=\/wp\/v2\/types\/post"}],"author":[{"embeddable":true,"href":"https:\/\/adfformosa.com.ar\/index.php?rest_route=\/wp\/v2\/users\/3"}],"replies":[{"embeddable":true,"href":"https:\/\/adfformosa.com.ar\/index.php?rest_route=%2Fwp%2Fv2%2Fcomments&post=4068"}],"version-history":[{"count":2,"href":"https:\/\/adfformosa.com.ar\/index.php?rest_route=\/wp\/v2\/posts\/4068\/revisions"}],"predecessor-version":[{"id":4410,"href":"https:\/\/adfformosa.com.ar\/index.php?rest_route=\/wp\/v2\/posts\/4068\/revisions\/4410"}],"wp:featuredmedia":[{"embeddable":true,"href":"https:\/\/adfformosa.com.ar\/index.php?rest_route=\/wp\/v2\/media\/4069"}],"wp:attachment":[{"href":"https:\/\/adfformosa.com.ar\/index.php?rest_route=%2Fwp%2Fv2%2Fmedia&parent=4068"}],"wp:term":[{"taxonomy":"category","embeddable":true,"href":"https:\/\/adfformosa.com.ar\/index.php?rest_route=%2Fwp%2Fv2%2Fcategories&post=4068"},{"taxonomy":"post_tag","embeddable":true,"href":"https:\/\/adfformosa.com.ar\/index.php?rest_route=%2Fwp%2Fv2%2Ftags&post=4068"}],"curies":[{"name":"wp","href":"https:\/\/api.w.org\/{rel}","templated":true}]}}