{"id":4061,"date":"2016-02-18T20:04:05","date_gmt":"2016-02-18T23:04:05","guid":{"rendered":"http:\/\/adfformosa.com.ar\/?p=4061"},"modified":"2016-06-24T10:27:25","modified_gmt":"2016-06-24T13:27:25","slug":"el-ministerio-de-educacion-ratifico-la-propuesta-salarial","status":"publish","type":"post","link":"https:\/\/adfformosa.com.ar\/?p=4061","title":{"rendered":"EL MINISTERIO DE EDUCACI\u00d3N RATIFIC\u00d3 LA PROPUESTA SALARIAL"},"content":{"rendered":"<div id=\"s-share-buttons\" class=\"horizontal-w-c-r-border s-share-w-c\"><a href=\"http:\/\/www.facebook.com\/sharer.php?u=https:\/\/adfformosa.com.ar\/?p=4061\" target=\"_blank\" title=\"Share to Facebook\" class=\"s3-facebook hint--top\"><\/a><a href=\"http:\/\/twitter.com\/intent\/tweet?text=EL MINISTERIO DE EDUCACI\u00d3N RATIFIC\u00d3 LA PROPUESTA SALARIAL&url=https:\/\/adfformosa.com.ar\/?p=4061\" target=\"_blank\"  title=\"Share to Twitter\" class=\"s3-twitter hint--top\"><\/a><a href=\"https:\/\/plus.google.com\/share?url=https:\/\/adfformosa.com.ar\/?p=4061\" target=\"_blank\"  title=\"Share to Google Plus\" class=\"s3-google-plus hint--top\"><\/a><a href=\"http:\/\/www.digg.com\/submit?url=https:\/\/adfformosa.com.ar\/?p=4061\" target=\"_blank\"  title=\"Share to Digg\" class=\"s3-digg hint--top\"><\/a><a href=\"http:\/\/www.tumblr.com\/share\/link?url=https%3A%2F%2Fadfformosa.com.ar%2F%3Fp%3D4061&name=EL+MINISTERIO+DE+EDUCACI%C3%93N+RATIFIC%C3%93+LA+PROPUESTA+SALARIAL\" target=\"_blank\" title=\"Share to Tumblr\" class=\"s3-tumblr hint--top\"><\/a><a href=\"mailto:?Subject=EL%20MINISTERIO%20DE%20EDUCACI\u00d3N%20RATIFIC\u00d3%20LA%20PROPUESTA%20SALARIAL&Body=Here%20is%20the%20link%20to%20the%20article:%20https:\/\/adfformosa.com.ar\/?p=4061\" title=\"Email this article\" class=\"s3-email hint--top\"><\/a><\/div><h4 style=\"text-align: justify;\"><img loading=\"lazy\" decoding=\"async\" class=\"aligncenter wp-image-3983 size-full\" src=\"https:\/\/adfformosa.com.ar\/wp-content\/uploads\/2015\/12\/1e92e29468d367fc231b76a078b7faaa_L-e1450905487899.jpg\" alt=\"\" width=\"300\" height=\"93\" \/><\/h4>\n<h4 style=\"text-align: justify;\"><span style=\"text-decoration: underline;\">Buenos Aires, mi\u00e9rcoles 17 de febrero de 2016<\/span><\/h4>\n<p>En el d\u00eda de la fecha se realiz\u00f3 una nueva reuni\u00f3n de la Paritaria Nacional Docente.<\/p>\n<p>El Ministro de Educaci\u00f3n ratific\u00f3 la propuesta salarial ofrecida en la Paritaria del 16 de febrero.<\/p>\n<p><span class=\"text_exposed_show\">El acta Paritaria se formalizar\u00e1 el viernes 19 de febrero en el Ministerio de Trabajo de la Naci\u00f3n.<\/span><\/p>\n<div class=\"text_exposed_show\">\n<p style=\"text-align: justify;\">Alejo Demichelis -Secretario de Prensa<br \/>\nSonia Alesso &#8211;\u00a0Secretaria General<\/p>\n<\/div>\n","protected":false},"excerpt":{"rendered":"<p>Buenos Aires, mi\u00e9rcoles 17 de febrero de 2016 En el d\u00eda de la fecha se realiz\u00f3 una nueva reuni\u00f3n de la Paritaria Nacional Docente. El Ministro de Educaci\u00f3n ratific\u00f3 la&#8230; <span class=\"meta-more\"><a href=\"https:\/\/adfformosa.com.ar\/?p=4061\">Leer mas &raquo;<\/a><\/span><\/p>\n","protected":false},"author":3,"featured_media":3983,"comment_status":"open","ping_status":"closed","sticky":false,"template":"","format":"standard","meta":{"footnotes":""},"categories":[2],"tags":[],"class_list":["post-4061","post","type-post","status-publish","format-standard","has-post-thumbnail","hentry","category-prensa-adf","even alt"],"_links":{"self":[{"href":"https:\/\/adfformosa.com.ar\/index.php?rest_route=\/wp\/v2\/posts\/4061","targetHints":{"allow":["GET"]}}],"collection":[{"href":"https:\/\/adfformosa.com.ar\/index.php?rest_route=\/wp\/v2\/posts"}],"about":[{"href":"https:\/\/adfformosa.com.ar\/index.php?rest_route=\/wp\/v2\/types\/post"}],"author":[{"embeddable":true,"href":"https:\/\/adfformosa.com.ar\/index.php?rest_route=\/wp\/v2\/users\/3"}],"replies":[{"embeddable":true,"href":"https:\/\/adfformosa.com.ar\/index.php?rest_route=%2Fwp%2Fv2%2Fcomments&post=4061"}],"version-history":[{"count":3,"href":"https:\/\/adfformosa.com.ar\/index.php?rest_route=\/wp\/v2\/posts\/4061\/revisions"}],"predecessor-version":[{"id":4412,"href":"https:\/\/adfformosa.com.ar\/index.php?rest_route=\/wp\/v2\/posts\/4061\/revisions\/4412"}],"wp:featuredmedia":[{"embeddable":true,"href":"https:\/\/adfformosa.com.ar\/index.php?rest_route=\/wp\/v2\/media\/3983"}],"wp:attachment":[{"href":"https:\/\/adfformosa.com.ar\/index.php?rest_route=%2Fwp%2Fv2%2Fmedia&parent=4061"}],"wp:term":[{"taxonomy":"category","embeddable":true,"href":"https:\/\/adfformosa.com.ar\/index.php?rest_route=%2Fwp%2Fv2%2Fcategories&post=4061"},{"taxonomy":"post_tag","embeddable":true,"href":"https:\/\/adfformosa.com.ar\/index.php?rest_route=%2Fwp%2Fv2%2Ftags&post=4061"}],"curies":[{"name":"wp","href":"https:\/\/api.w.org\/{rel}","templated":true}]}}