{"id":4057,"date":"2016-02-16T20:59:39","date_gmt":"2016-02-16T23:59:39","guid":{"rendered":"http:\/\/adfformosa.com.ar\/?p=4057"},"modified":"2016-06-24T10:27:46","modified_gmt":"2016-06-24T13:27:46","slug":"paritarias-el-gobierno-oferto-7800-a-partir-de-febrero-y-8500-a-partir-de-julio","status":"publish","type":"post","link":"https:\/\/adfformosa.com.ar\/?p=4057","title":{"rendered":"Paritarias: El gobierno ofert\u00f3 $7800 a partir de febrero y $ 8500 a partir de julio"},"content":{"rendered":"<div id=\"s-share-buttons\" class=\"horizontal-w-c-r-border s-share-w-c\"><a href=\"http:\/\/www.facebook.com\/sharer.php?u=https:\/\/adfformosa.com.ar\/?p=4057\" target=\"_blank\" title=\"Share to Facebook\" class=\"s3-facebook hint--top\"><\/a><a href=\"http:\/\/twitter.com\/intent\/tweet?text=Paritarias: El gobierno ofert\u00f3 $7800 a partir de febrero y $ 8500 a partir de julio&url=https:\/\/adfformosa.com.ar\/?p=4057\" target=\"_blank\"  title=\"Share to Twitter\" class=\"s3-twitter hint--top\"><\/a><a href=\"https:\/\/plus.google.com\/share?url=https:\/\/adfformosa.com.ar\/?p=4057\" target=\"_blank\"  title=\"Share to Google Plus\" class=\"s3-google-plus hint--top\"><\/a><a href=\"http:\/\/www.digg.com\/submit?url=https:\/\/adfformosa.com.ar\/?p=4057\" target=\"_blank\"  title=\"Share to Digg\" class=\"s3-digg hint--top\"><\/a><a href=\"http:\/\/www.tumblr.com\/share\/link?url=https%3A%2F%2Fadfformosa.com.ar%2F%3Fp%3D4057&name=Paritarias%3A+El+gobierno+ofert%C3%B3+%247800+a+partir+de+febrero+y+%24+8500+a+partir+de+julio\" target=\"_blank\" title=\"Share to Tumblr\" class=\"s3-tumblr hint--top\"><\/a><a href=\"mailto:?Subject=Paritarias:%20El%20gobierno%20ofert\u00f3%20$7800%20a%20partir%20de%20febrero%20y%20$%208500%20a%20partir%20de%20julio&Body=Here%20is%20the%20link%20to%20the%20article:%20https:\/\/adfformosa.com.ar\/?p=4057\" title=\"Email this article\" class=\"s3-email hint--top\"><\/a><\/div><p style=\"text-align: justify;\"><img loading=\"lazy\" decoding=\"async\" class=\"wp-image-4058 size-full aligncenter\" src=\"https:\/\/adfformosa.com.ar\/wp-content\/uploads\/2016\/02\/paritaria-DOS-2016-e1455840122740.jpg\" alt=\"\" width=\"600\" height=\"402\" \/><\/p>\n<p style=\"text-align: justify;\">En el d\u00eda de la fecha, martes 16 de febrero, se realiz\u00f3 en el Ministerio de Educaci\u00f3n de la Naci\u00f3n, la reuni\u00f3n de Paritaria Nacional Docente que hab\u00eda pasado a cuarto intermedio el d\u00eda lunes 15.<\/p>\n<p style=\"text-align: justify;\">La delegaci\u00f3n paritaria de CTERA estuvo encabezada por Sonia Alesso \u2013 Secretaria General -.<\/p>\n<p style=\"text-align: justify;\"><span class=\"text_exposed_show\"><br \/>\nEl Ministro de Educaci\u00f3n Esteban Bullrich realiz\u00f3 la oferta salarial de $ 7800.- a partir de febrero y $ 8500.- a partir de julio.<br \/>\nCTERA informa que el incentivo docente pasa a $ 810.- a partir de febrero y de $ 1010.- a partir de julio con criterio fonid.<\/span><\/p>\n<p style=\"text-align: justify;\"><span class=\"text_exposed_show\">Desde CTERA consideramos que esta propuesta es el producto de la fuerza de los docentes de todo el pa\u00eds y ayudar\u00e1 a fortalecer las discusiones paritarias provinciales.<\/span><\/p>\n<p style=\"text-align: justify;\"><span class=\"text_exposed_show\">CTERA insta a los gobiernos provinciales a convocar en forma urgente a las reuniones paritarias provinciales.<\/span><\/p>\n<p style=\"text-align: justify;\"><span class=\"text_exposed_show\">En la Paritaria tambi\u00e9n el Ministerio se comprometi\u00f3:<\/span><\/p>\n<p style=\"text-align: justify;\"><span class=\"text_exposed_show\">\u2022 Enviar fondos a las provincias para infraestructura y mantenimiento de los edificios escolares.<br \/>\n\u2022 Continuidad de los Programas Socioeducativos en articulaci\u00f3n con las provincias.<br \/>\n\u2022 Continuidad del Plan Nacional de Formaci\u00f3n Docente.<br \/>\n\u2022 La conformaci\u00f3n de una comisi\u00f3n de seguimiento de los Programas Socioeducativos.<br \/>\n\u2022 Teniendo en cuenta las desigualdades salariales, empezar a trabajar para que las sumas fijas se conviertan en remunerativas y bonificables.<\/span><\/p>\n<div class=\"text_exposed_show\">\n<p style=\"text-align: justify;\">La Paritaria Nacional Docente permanecer\u00e1 abierta y mantendr\u00e1 reuniones en los meses de marzo, abril, mayo y junio, tanto en temas salariales como en condiciones de trabajo.<\/p>\n<p style=\"text-align: justify;\">Esta propuesta ser\u00e1 enviada a los sindicatos provinciales de CTERA que en asambleas y congresos la evaluar\u00e1n.<br \/>\nEl d\u00eda 26 de febrero CTERA realizar\u00e1 su Congreso Nacional donde los congresales de todo el pa\u00eds deciden si se aprueba o no la propuesta.<\/p>\n<h4 style=\"text-align: justify;\"><span style=\"text-decoration: underline;\">Buenos Aires, martes 16 de febrero de 2016<\/span><\/h4>\n<p style=\"text-align: justify;\">Alejo Demichelis &#8211; Sonia Alesso<\/p>\n<\/div>\n","protected":false},"excerpt":{"rendered":"<p>En el d\u00eda de la fecha, martes 16 de febrero, se realiz\u00f3 en el Ministerio de Educaci\u00f3n de la Naci\u00f3n, la reuni\u00f3n de Paritaria Nacional Docente que hab\u00eda pasado a&#8230; <span class=\"meta-more\"><a href=\"https:\/\/adfformosa.com.ar\/?p=4057\">Leer mas &raquo;<\/a><\/span><\/p>\n","protected":false},"author":3,"featured_media":4058,"comment_status":"open","ping_status":"closed","sticky":false,"template":"","format":"standard","meta":{"footnotes":""},"categories":[2],"tags":[],"class_list":["post-4057","post","type-post","status-publish","format-standard","has-post-thumbnail","hentry","category-prensa-adf","even alt"],"_links":{"self":[{"href":"https:\/\/adfformosa.com.ar\/index.php?rest_route=\/wp\/v2\/posts\/4057","targetHints":{"allow":["GET"]}}],"collection":[{"href":"https:\/\/adfformosa.com.ar\/index.php?rest_route=\/wp\/v2\/posts"}],"about":[{"href":"https:\/\/adfformosa.com.ar\/index.php?rest_route=\/wp\/v2\/types\/post"}],"author":[{"embeddable":true,"href":"https:\/\/adfformosa.com.ar\/index.php?rest_route=\/wp\/v2\/users\/3"}],"replies":[{"embeddable":true,"href":"https:\/\/adfformosa.com.ar\/index.php?rest_route=%2Fwp%2Fv2%2Fcomments&post=4057"}],"version-history":[{"count":3,"href":"https:\/\/adfformosa.com.ar\/index.php?rest_route=\/wp\/v2\/posts\/4057\/revisions"}],"predecessor-version":[{"id":4413,"href":"https:\/\/adfformosa.com.ar\/index.php?rest_route=\/wp\/v2\/posts\/4057\/revisions\/4413"}],"wp:featuredmedia":[{"embeddable":true,"href":"https:\/\/adfformosa.com.ar\/index.php?rest_route=\/wp\/v2\/media\/4058"}],"wp:attachment":[{"href":"https:\/\/adfformosa.com.ar\/index.php?rest_route=%2Fwp%2Fv2%2Fmedia&parent=4057"}],"wp:term":[{"taxonomy":"category","embeddable":true,"href":"https:\/\/adfformosa.com.ar\/index.php?rest_route=%2Fwp%2Fv2%2Fcategories&post=4057"},{"taxonomy":"post_tag","embeddable":true,"href":"https:\/\/adfformosa.com.ar\/index.php?rest_route=%2Fwp%2Fv2%2Ftags&post=4057"}],"curies":[{"name":"wp","href":"https:\/\/api.w.org\/{rel}","templated":true}]}}