{"id":4052,"date":"2016-02-15T19:55:46","date_gmt":"2016-02-15T22:55:46","guid":{"rendered":"http:\/\/adfformosa.com.ar\/?p=4052"},"modified":"2016-06-24T10:29:12","modified_gmt":"2016-06-24T13:29:12","slug":"la-paritaria-nacional-docente-paso-a-cuarto-intermedio-hasta-manana","status":"publish","type":"post","link":"https:\/\/adfformosa.com.ar\/?p=4052","title":{"rendered":"LA PARITARIA NACIONAL DOCENTE PAS\u00d3 A CUARTO INTERMEDIO HASTA MA\u00d1ANA"},"content":{"rendered":"<div id=\"s-share-buttons\" class=\"horizontal-w-c-r-border s-share-w-c\"><a href=\"http:\/\/www.facebook.com\/sharer.php?u=https:\/\/adfformosa.com.ar\/?p=4052\" target=\"_blank\" title=\"Share to Facebook\" class=\"s3-facebook hint--top\"><\/a><a href=\"http:\/\/twitter.com\/intent\/tweet?text=LA PARITARIA NACIONAL DOCENTE PAS\u00d3 A CUARTO INTERMEDIO HASTA MA\u00d1ANA&url=https:\/\/adfformosa.com.ar\/?p=4052\" target=\"_blank\"  title=\"Share to Twitter\" class=\"s3-twitter hint--top\"><\/a><a href=\"https:\/\/plus.google.com\/share?url=https:\/\/adfformosa.com.ar\/?p=4052\" target=\"_blank\"  title=\"Share to Google Plus\" class=\"s3-google-plus hint--top\"><\/a><a href=\"http:\/\/www.digg.com\/submit?url=https:\/\/adfformosa.com.ar\/?p=4052\" target=\"_blank\"  title=\"Share to Digg\" class=\"s3-digg hint--top\"><\/a><a href=\"http:\/\/www.tumblr.com\/share\/link?url=https%3A%2F%2Fadfformosa.com.ar%2F%3Fp%3D4052&name=LA+PARITARIA+NACIONAL+DOCENTE+PAS%C3%93+A+CUARTO+INTERMEDIO+HASTA+MA%C3%91ANA\" target=\"_blank\" title=\"Share to Tumblr\" class=\"s3-tumblr hint--top\"><\/a><a href=\"mailto:?Subject=LA%20PARITARIA%20NACIONAL%20DOCENTE%20PAS\u00d3%20A%20CUARTO%20INTERMEDIO%20HASTA%20MA\u00d1ANA&Body=Here%20is%20the%20link%20to%20the%20article:%20https:\/\/adfformosa.com.ar\/?p=4052\" title=\"Email this article\" class=\"s3-email hint--top\"><\/a><\/div><p style=\"text-align: center;\"><img loading=\"lazy\" decoding=\"async\" class=\"wp-image-4054 size-full aligncenter\" src=\"https:\/\/adfformosa.com.ar\/wp-content\/uploads\/2016\/02\/paritaria-2016-e1455839882114.jpg\" alt=\"\" width=\"600\" height=\"400\" \/>CTERA RECHAZ\u00d3 LA OFERTA SALARIAL OFRECIDA POR EL GOBIERNO POR INSUFICIENTE<\/p>\n<p style=\"text-align: justify;\">Sonia Alesso \u2013 Secretaria General de CTERA -: \u201cLa oferta salarial ofrecida por el Gobierno Nacional es insuficiente. Esperamos que el Gobierno realice una oferta superadora que contemple la recuperaci\u00f3n del poder adquisitivo de los salarios docentes.\u201d<\/p>\n<p style=\"text-align: justify;\">Se realiz\u00f3 una nueva reuni\u00f3n de la Paritaria Nacional Docente. La delegaci\u00f3n parita<span class=\"text_exposed_show\">ria de CTERA estuvo encabezada por la Secretaria General Sonia Alesso.<\/span><\/p>\n<p style=\"text-align: justify;\"><span class=\"text_exposed_show\">En la reuni\u00f3n de la Paritaria Nacional Docente reunida hoy, 15 de febrero, realizada en el Ministerio de Educaci\u00f3n de la Naci\u00f3n, el Gobierno Nacional realiz\u00f3 una propuesta salarial de $ 7300.- a partir de febrero y $ 7800.- a partir de julio.<\/span><\/p>\n<p style=\"text-align: justify;\"><span class=\"text_exposed_show\">La CTERA y los dem\u00e1s sindicatos nacionales rechazaron la propuesta por insuficiente y volvieron a reclamar un aumento del 35 al 40 %.<\/span><\/p>\n<p style=\"text-align: justify;\"><span class=\"text_exposed_show\">La reuni\u00f3n pas\u00f3 a un cuarto intermedio hasta ma\u00f1ana, martes 16 de febrero a las 10.30 hs.<\/span><\/p>\n<p style=\"text-align: justify;\"><span class=\"text_exposed_show\">En la reuni\u00f3n CTERA volvi\u00f3 a plantear la necesidad de una modificaci\u00f3n del impuesto a las ganancias; el aumento a las asignaciones familiares; la continuidad de los Programas Educativos Nacionales; un plan de infraestructura y que la Paritaria Nacional Docente contin\u00fae abierta todo el a\u00f1o.<\/span><\/p>\n<p style=\"text-align: justify;\"><span class=\"text_exposed_show\">El Ministro de Educaci\u00f3n, Esteban Bullrich, volvi\u00f3 a reiterar la continuidad de los Programas Educativos Nacionales.<\/span><\/p>\n<div class=\"text_exposed_show\">\n<h4 style=\"text-align: justify;\"><span style=\"text-decoration: underline;\">Buenos Aires, lunes 15 de febrero de 2016<\/span><\/h4>\n<p>Alejo Demichelis Secretario de Prensa<br \/>\nSonia Alesso- Secretaria General<\/p>\n<\/div>\n","protected":false},"excerpt":{"rendered":"<p>CTERA RECHAZ\u00d3 LA OFERTA SALARIAL OFRECIDA POR EL GOBIERNO POR INSUFICIENTE Sonia Alesso \u2013 Secretaria General de CTERA -: \u201cLa oferta salarial ofrecida por el Gobierno Nacional es insuficiente. Esperamos&#8230; <span class=\"meta-more\"><a href=\"https:\/\/adfformosa.com.ar\/?p=4052\">Leer mas &raquo;<\/a><\/span><\/p>\n","protected":false},"author":3,"featured_media":4054,"comment_status":"open","ping_status":"closed","sticky":false,"template":"","format":"standard","meta":{"footnotes":""},"categories":[2],"tags":[],"class_list":["post-4052","post","type-post","status-publish","format-standard","has-post-thumbnail","hentry","category-prensa-adf","even alt"],"_links":{"self":[{"href":"https:\/\/adfformosa.com.ar\/index.php?rest_route=\/wp\/v2\/posts\/4052","targetHints":{"allow":["GET"]}}],"collection":[{"href":"https:\/\/adfformosa.com.ar\/index.php?rest_route=\/wp\/v2\/posts"}],"about":[{"href":"https:\/\/adfformosa.com.ar\/index.php?rest_route=\/wp\/v2\/types\/post"}],"author":[{"embeddable":true,"href":"https:\/\/adfformosa.com.ar\/index.php?rest_route=\/wp\/v2\/users\/3"}],"replies":[{"embeddable":true,"href":"https:\/\/adfformosa.com.ar\/index.php?rest_route=%2Fwp%2Fv2%2Fcomments&post=4052"}],"version-history":[{"count":2,"href":"https:\/\/adfformosa.com.ar\/index.php?rest_route=\/wp\/v2\/posts\/4052\/revisions"}],"predecessor-version":[{"id":4415,"href":"https:\/\/adfformosa.com.ar\/index.php?rest_route=\/wp\/v2\/posts\/4052\/revisions\/4415"}],"wp:featuredmedia":[{"embeddable":true,"href":"https:\/\/adfformosa.com.ar\/index.php?rest_route=\/wp\/v2\/media\/4054"}],"wp:attachment":[{"href":"https:\/\/adfformosa.com.ar\/index.php?rest_route=%2Fwp%2Fv2%2Fmedia&parent=4052"}],"wp:term":[{"taxonomy":"category","embeddable":true,"href":"https:\/\/adfformosa.com.ar\/index.php?rest_route=%2Fwp%2Fv2%2Fcategories&post=4052"},{"taxonomy":"post_tag","embeddable":true,"href":"https:\/\/adfformosa.com.ar\/index.php?rest_route=%2Fwp%2Fv2%2Ftags&post=4052"}],"curies":[{"name":"wp","href":"https:\/\/api.w.org\/{rel}","templated":true}]}}