{"id":4049,"date":"2016-02-15T20:52:22","date_gmt":"2016-02-15T23:52:22","guid":{"rendered":"http:\/\/adfformosa.com.ar\/?p=4049"},"modified":"2016-06-24T10:28:13","modified_gmt":"2016-06-24T13:28:13","slug":"conferencia-de-prensa-de-suteba","status":"publish","type":"post","link":"https:\/\/adfformosa.com.ar\/?p=4049","title":{"rendered":"CONFERENCIA DE PRENSA DE SUTEBA"},"content":{"rendered":"<div id=\"s-share-buttons\" class=\"horizontal-w-c-r-border s-share-w-c\"><a href=\"http:\/\/www.facebook.com\/sharer.php?u=https:\/\/adfformosa.com.ar\/?p=4049\" target=\"_blank\" title=\"Share to Facebook\" class=\"s3-facebook hint--top\"><\/a><a href=\"http:\/\/twitter.com\/intent\/tweet?text=CONFERENCIA DE PRENSA DE SUTEBA&url=https:\/\/adfformosa.com.ar\/?p=4049\" target=\"_blank\"  title=\"Share to Twitter\" class=\"s3-twitter hint--top\"><\/a><a href=\"https:\/\/plus.google.com\/share?url=https:\/\/adfformosa.com.ar\/?p=4049\" target=\"_blank\"  title=\"Share to Google Plus\" class=\"s3-google-plus hint--top\"><\/a><a href=\"http:\/\/www.digg.com\/submit?url=https:\/\/adfformosa.com.ar\/?p=4049\" target=\"_blank\"  title=\"Share to Digg\" class=\"s3-digg hint--top\"><\/a><a href=\"http:\/\/www.tumblr.com\/share\/link?url=https%3A%2F%2Fadfformosa.com.ar%2F%3Fp%3D4049&name=CONFERENCIA+DE+PRENSA+DE+SUTEBA\" target=\"_blank\" title=\"Share to Tumblr\" class=\"s3-tumblr hint--top\"><\/a><a href=\"mailto:?Subject=CONFERENCIA%20DE%20PRENSA%20DE%20SUTEBA&Body=Here%20is%20the%20link%20to%20the%20article:%20https:\/\/adfformosa.com.ar\/?p=4049\" title=\"Email this article\" class=\"s3-email hint--top\"><\/a><\/div><p><img loading=\"lazy\" decoding=\"async\" class=\"wp-image-4050 size-full aligncenter\" src=\"https:\/\/adfformosa.com.ar\/wp-content\/uploads\/2016\/02\/suteba-e1455839659709.jpg\" alt=\"\" width=\"600\" height=\"398\" \/><\/p>\n<p style=\"text-align: justify;\">En el d\u00eda de la fecha, lunes 15 de febrero se desarroll\u00f3 una conferencia de prensa en la sede de SUTEBA<\/p>\n<p style=\"text-align: justify;\">De la misma participaron Sonia Alesso \u2013 Secretaria General CTERA \u2013 y los dirigentes de CTERA Roberto Baradel \u2013 Sec. Gral. de SUTEBA &#8211; y Eduardo L\u00f3pez \u2013 Sec. Gral. de UTE -.<\/p>\n<p style=\"text-align: justify;\">En la conferencia de prensa la Secretaria General de CTERA, Sonia Alesso, expres\u00f3 la solidaridad de la Junta Ejecutiva de CTERA ante la campa\u00f1a de difamaci\u00f3n que vi<span class=\"text_exposed_show\">enen desarrollando distintos sectores en contra del compa\u00f1ero Roberto Baradel y otros dirigentes.<\/span><\/p>\n<p style=\"text-align: justify;\"><span class=\"text_exposed_show\">Esta campa\u00f1a falsa e injuriosa tiene la intenci\u00f3n de desprestigiar a no s\u00f3lo a Baradel, sino a su organizaci\u00f3n y a la representaci\u00f3n gremial de los docentes.<\/span><\/p>\n<p style=\"text-align: justify;\"><span class=\"text_exposed_show\">No es casual que esta campa\u00f1a medi\u00e1tica se desarrolla en momentos en que se discute en las paritarias docentes.<\/span><\/p>\n<p style=\"text-align: justify;\"><span class=\"text_exposed_show\">Los gremios de base de CTERA son organizaciones que luchan por defender la dignidad de los trabajadores y el poder adquisitivo de los salarios.<\/span><\/p>\n<p style=\"text-align: justify;\"><span class=\"text_exposed_show\">CTERA informa que SUTEBA ha iniciado acciones legales y judiciales en contra de este atropello.<\/span><\/p>\n<p style=\"text-align: justify;\"><span class=\"text_exposed_show\">Con respecto a la Paritaria Nacional Docente que contin\u00faa hoy Sonia Alesso expres\u00f3:<\/span><\/p>\n<p style=\"text-align: justify;\"><span class=\"text_exposed_show\">\u00abHemos planteado un porcentaje que va del 35 al 40% y la duplicaci\u00f3n del Incentivo Docente, porque entendemos que esto ayuda a las negociaciones salariales. Por falta de respuestas se est\u00e1 demorando la Paritaria Nacional y tambi\u00e9n las Paritarias Provinciales. Aspiramos a la recuperaci\u00f3n del poder adquisitivo del salario porque las medidas que se han tomado favorecen a los sectores m\u00e1s concentrados de la econom\u00eda. No vamos a permitir que haya tope ni techos salariales. Queremos un aumento a nivel nacional y provincial que mejore el poder adquisitivo del salario porque no vamos a ser los trabajadores los que paguemos el costo del ajuste\u00bb.<\/span><\/p>\n<div class=\"text_exposed_show\" style=\"text-align: justify;\">Alejo Demichelis -Secretario de Prensa<br \/>\nSonia Alesso -Secretaria General<\/div>\n","protected":false},"excerpt":{"rendered":"<p>En el d\u00eda de la fecha, lunes 15 de febrero se desarroll\u00f3 una conferencia de prensa en la sede de SUTEBA De la misma participaron Sonia Alesso \u2013 Secretaria General&#8230; <span class=\"meta-more\"><a href=\"https:\/\/adfformosa.com.ar\/?p=4049\">Leer mas &raquo;<\/a><\/span><\/p>\n","protected":false},"author":3,"featured_media":4050,"comment_status":"open","ping_status":"closed","sticky":false,"template":"","format":"standard","meta":{"footnotes":""},"categories":[2],"tags":[],"class_list":["post-4049","post","type-post","status-publish","format-standard","has-post-thumbnail","hentry","category-prensa-adf","even alt"],"_links":{"self":[{"href":"https:\/\/adfformosa.com.ar\/index.php?rest_route=\/wp\/v2\/posts\/4049","targetHints":{"allow":["GET"]}}],"collection":[{"href":"https:\/\/adfformosa.com.ar\/index.php?rest_route=\/wp\/v2\/posts"}],"about":[{"href":"https:\/\/adfformosa.com.ar\/index.php?rest_route=\/wp\/v2\/types\/post"}],"author":[{"embeddable":true,"href":"https:\/\/adfformosa.com.ar\/index.php?rest_route=\/wp\/v2\/users\/3"}],"replies":[{"embeddable":true,"href":"https:\/\/adfformosa.com.ar\/index.php?rest_route=%2Fwp%2Fv2%2Fcomments&post=4049"}],"version-history":[{"count":2,"href":"https:\/\/adfformosa.com.ar\/index.php?rest_route=\/wp\/v2\/posts\/4049\/revisions"}],"predecessor-version":[{"id":4414,"href":"https:\/\/adfformosa.com.ar\/index.php?rest_route=\/wp\/v2\/posts\/4049\/revisions\/4414"}],"wp:featuredmedia":[{"embeddable":true,"href":"https:\/\/adfformosa.com.ar\/index.php?rest_route=\/wp\/v2\/media\/4050"}],"wp:attachment":[{"href":"https:\/\/adfformosa.com.ar\/index.php?rest_route=%2Fwp%2Fv2%2Fmedia&parent=4049"}],"wp:term":[{"taxonomy":"category","embeddable":true,"href":"https:\/\/adfformosa.com.ar\/index.php?rest_route=%2Fwp%2Fv2%2Fcategories&post=4049"},{"taxonomy":"post_tag","embeddable":true,"href":"https:\/\/adfformosa.com.ar\/index.php?rest_route=%2Fwp%2Fv2%2Ftags&post=4049"}],"curies":[{"name":"wp","href":"https:\/\/api.w.org\/{rel}","templated":true}]}}