{"id":4038,"date":"2016-02-05T20:35:10","date_gmt":"2016-02-05T23:35:10","guid":{"rendered":"http:\/\/adfformosa.com.ar\/?p=4038"},"modified":"2016-06-24T10:29:49","modified_gmt":"2016-06-24T13:29:49","slug":"tomen-nota-boletin-electronico-de-ctera","status":"publish","type":"post","link":"https:\/\/adfformosa.com.ar\/?p=4038","title":{"rendered":"\u00abTomen Nota\u00bb Bolet\u00edn electr\u00f3nico de CTERA"},"content":{"rendered":"<div id=\"s-share-buttons\" class=\"horizontal-w-c-r-border s-share-w-c\"><a href=\"http:\/\/www.facebook.com\/sharer.php?u=https:\/\/adfformosa.com.ar\/?p=4038\" target=\"_blank\" title=\"Share to Facebook\" class=\"s3-facebook hint--top\"><\/a><a href=\"http:\/\/twitter.com\/intent\/tweet?text=\u00abTomen Nota\u00bb Bolet\u00edn electr\u00f3nico de CTERA&url=https:\/\/adfformosa.com.ar\/?p=4038\" target=\"_blank\"  title=\"Share to Twitter\" class=\"s3-twitter hint--top\"><\/a><a href=\"https:\/\/plus.google.com\/share?url=https:\/\/adfformosa.com.ar\/?p=4038\" target=\"_blank\"  title=\"Share to Google Plus\" class=\"s3-google-plus hint--top\"><\/a><a href=\"http:\/\/www.digg.com\/submit?url=https:\/\/adfformosa.com.ar\/?p=4038\" target=\"_blank\"  title=\"Share to Digg\" class=\"s3-digg hint--top\"><\/a><a href=\"http:\/\/www.tumblr.com\/share\/link?url=https%3A%2F%2Fadfformosa.com.ar%2F%3Fp%3D4038&name=%C2%ABTomen+Nota%C2%BB+Bolet%C3%ADn+electr%C3%B3nico+de+CTERA\" target=\"_blank\" title=\"Share to Tumblr\" class=\"s3-tumblr hint--top\"><\/a><a href=\"mailto:?Subject=\u00abTomen%20Nota\u00bb%20Bolet\u00edn%20electr\u00f3nico%20de%20CTERA&Body=Here%20is%20the%20link%20to%20the%20article:%20https:\/\/adfformosa.com.ar\/?p=4038\" title=\"Email this article\" class=\"s3-email hint--top\"><\/a><\/div><p><img loading=\"lazy\" decoding=\"async\" class=\"aligncenter wp-image-4039 size-full\" src=\"https:\/\/adfformosa.com.ar\/wp-content\/uploads\/2016\/02\/12654474_1687555634819703_3989111374495754712_n.jpg\" alt=\"\" width=\"480\" height=\"145\" srcset=\"https:\/\/adfformosa.com.ar\/wp-content\/uploads\/2016\/02\/12654474_1687555634819703_3989111374495754712_n.jpg 480w, https:\/\/adfformosa.com.ar\/wp-content\/uploads\/2016\/02\/12654474_1687555634819703_3989111374495754712_n-300x91.jpg 300w\" sizes=\"auto, (max-width: 480px) 100vw, 480px\" \/><\/p>\n<p>\u00abTomen Nota\u00bb es el bolet\u00edn electr\u00f3nico de la CTERA una publicaci\u00f3n que resume las principales acciones de los gremios CTERA-CTA y la Internacional de la Educaci\u00f3n para Am\u00e9rica Latina.<\/p>\n<h4 style=\"text-align: justify;\">Ac\u00e1 les dejamos el enlace para leer la edici\u00f3n \u00a0N\u00b0135 correspondiente al 5 de febrero de 2016<\/h4>\n<h4 style=\"text-align: justify;\">Ingresar ac\u00e1:<\/h4>\n<p><a href=\"http:\/\/www.tomennota.com.ar\/tomen_nota\/tomen_nota_135.html%20\">www.tomennota.com.ar\/tomen_nota\/tomen_nota_135.html<\/a><a href=\"http:\/\/www.tomennota.com.ar\/tomen_nota\/tomen_nota_135.html\">Bolet\u00edn Electr\u00f3nico de CTERA -Febrero 2016<\/a><\/p>\n","protected":false},"excerpt":{"rendered":"<p>\u00abTomen Nota\u00bb es el bolet\u00edn electr\u00f3nico de la CTERA una publicaci\u00f3n que resume las principales acciones de los gremios CTERA-CTA y la Internacional de la Educaci\u00f3n para Am\u00e9rica Latina. Ac\u00e1&#8230; <span class=\"meta-more\"><a href=\"https:\/\/adfformosa.com.ar\/?p=4038\">Leer mas &raquo;<\/a><\/span><\/p>\n","protected":false},"author":3,"featured_media":4039,"comment_status":"open","ping_status":"closed","sticky":false,"template":"","format":"standard","meta":{"footnotes":""},"categories":[2],"tags":[],"class_list":["post-4038","post","type-post","status-publish","format-standard","has-post-thumbnail","hentry","category-prensa-adf","even alt"],"_links":{"self":[{"href":"https:\/\/adfformosa.com.ar\/index.php?rest_route=\/wp\/v2\/posts\/4038","targetHints":{"allow":["GET"]}}],"collection":[{"href":"https:\/\/adfformosa.com.ar\/index.php?rest_route=\/wp\/v2\/posts"}],"about":[{"href":"https:\/\/adfformosa.com.ar\/index.php?rest_route=\/wp\/v2\/types\/post"}],"author":[{"embeddable":true,"href":"https:\/\/adfformosa.com.ar\/index.php?rest_route=\/wp\/v2\/users\/3"}],"replies":[{"embeddable":true,"href":"https:\/\/adfformosa.com.ar\/index.php?rest_route=%2Fwp%2Fv2%2Fcomments&post=4038"}],"version-history":[{"count":2,"href":"https:\/\/adfformosa.com.ar\/index.php?rest_route=\/wp\/v2\/posts\/4038\/revisions"}],"predecessor-version":[{"id":4417,"href":"https:\/\/adfformosa.com.ar\/index.php?rest_route=\/wp\/v2\/posts\/4038\/revisions\/4417"}],"wp:featuredmedia":[{"embeddable":true,"href":"https:\/\/adfformosa.com.ar\/index.php?rest_route=\/wp\/v2\/media\/4039"}],"wp:attachment":[{"href":"https:\/\/adfformosa.com.ar\/index.php?rest_route=%2Fwp%2Fv2%2Fmedia&parent=4038"}],"wp:term":[{"taxonomy":"category","embeddable":true,"href":"https:\/\/adfformosa.com.ar\/index.php?rest_route=%2Fwp%2Fv2%2Fcategories&post=4038"},{"taxonomy":"post_tag","embeddable":true,"href":"https:\/\/adfformosa.com.ar\/index.php?rest_route=%2Fwp%2Fv2%2Ftags&post=4038"}],"curies":[{"name":"wp","href":"https:\/\/api.w.org\/{rel}","templated":true}]}}