{"id":4034,"date":"2016-02-15T20:28:43","date_gmt":"2016-02-15T23:28:43","guid":{"rendered":"http:\/\/adfformosa.com.ar\/?p=4034"},"modified":"2016-06-24T10:28:34","modified_gmt":"2016-06-24T13:28:34","slug":"el-29-cancelaran-haberes-a-estatales-con-la-asignacion-por-ayuda-escolar-de-600-por-cada-hijo","status":"publish","type":"post","link":"https:\/\/adfformosa.com.ar\/?p=4034","title":{"rendered":"El 29 cancelar\u00e1n haberes a estatales con la Asignaci\u00f3n por Ayuda Escolar de $ 600 por cada hijo"},"content":{"rendered":"<div id=\"s-share-buttons\" class=\"horizontal-w-c-r-border s-share-w-c\"><a href=\"http:\/\/www.facebook.com\/sharer.php?u=https:\/\/adfformosa.com.ar\/?p=4034\" target=\"_blank\" title=\"Share to Facebook\" class=\"s3-facebook hint--top\"><\/a><a href=\"http:\/\/twitter.com\/intent\/tweet?text=El 29 cancelar\u00e1n haberes a estatales con la Asignaci\u00f3n por Ayuda Escolar de $ 600 por cada hijo&url=https:\/\/adfformosa.com.ar\/?p=4034\" target=\"_blank\"  title=\"Share to Twitter\" class=\"s3-twitter hint--top\"><\/a><a href=\"https:\/\/plus.google.com\/share?url=https:\/\/adfformosa.com.ar\/?p=4034\" target=\"_blank\"  title=\"Share to Google Plus\" class=\"s3-google-plus hint--top\"><\/a><a href=\"http:\/\/www.digg.com\/submit?url=https:\/\/adfformosa.com.ar\/?p=4034\" target=\"_blank\"  title=\"Share to Digg\" class=\"s3-digg hint--top\"><\/a><a href=\"http:\/\/www.tumblr.com\/share\/link?url=https%3A%2F%2Fadfformosa.com.ar%2F%3Fp%3D4034&name=El+29+cancelar%C3%A1n+haberes+a+estatales+con+la+Asignaci%C3%B3n+por+Ayuda+Escolar+de+%24+600+por+cada+hijo\" target=\"_blank\" title=\"Share to Tumblr\" class=\"s3-tumblr hint--top\"><\/a><a href=\"mailto:?Subject=El%2029%20cancelar\u00e1n%20haberes%20a%20estatales%20con%20la%20Asignaci\u00f3n%20por%20Ayuda%20Escolar%20de%20$%20600%20por%20cada%20hijo&Body=Here%20is%20the%20link%20to%20the%20article:%20https:\/\/adfformosa.com.ar\/?p=4034\" title=\"Email this article\" class=\"s3-email hint--top\"><\/a><\/div><blockquote><p><span style=\"color: #000080;\"><img loading=\"lazy\" decoding=\"async\" class=\"wp-image-4035 size-full aligncenter\" src=\"https:\/\/adfformosa.com.ar\/wp-content\/uploads\/2016\/02\/1220x346-015-e1455838375831.jpg\" alt=\"\" width=\"600\" height=\"170\" \/>Este \u00edtem que se abona por \u00fanica vez alcanza a los agentes en actividad, jubilados, pensionados y retirados dependientes del organismo previsional formose\u00f1o<\/span><\/p><\/blockquote>\n<p style=\"text-align: justify;\">El d\u00eda lunes 29 del corriente se cancelar\u00e1 la totalidad de los haberes del mes de febrero a los agentes de la administraci\u00f3n p\u00fablica provincial, per\u00edodo que incluye el beneficio en concepto de Asignaci\u00f3n anual por Ayuda Escola<span class=\"text_exposed_show\">r. Se trata del pago \u00fanico de $ 600 por cada hijo cursando estudios en establecimientos de los niveles Inicial, Primario y Secundario del sistema educativo formose\u00f1o.<\/span><\/p>\n<div class=\"text_exposed_show\">\n<p style=\"text-align: justify;\">Este \u00edtem que se abona por \u00fanica vez alcanza a los agentes en actividad, jubilados, pensionados y retirados dependientes del organismo previsional formose\u00f1o que tengan hijos o menores a cargo, escolarizados en algunos de los niveles antes se\u00f1alados, previ\u00e9ndose en m\u00e1s de 14.500 los agentes estatales acreedores de esta suma en concepto de Ayuda Escolar.<br \/>\nDocentes<\/p>\n<p style=\"text-align: justify;\">De acuerdo a lo se\u00f1alado desde la esfera de Hacienda y Finanzas, el d\u00eda 29 se proceder\u00e1 a abonar las remuneraciones y pasividades de los Recursos Humanos Activos y Pasivos , y que en el caso del escalaf\u00f3n docente se incluye el concepto de Garant\u00eda Salarial a solventarse con recursos disponibles del Tesoro Provincial atento a que la financiaci\u00f3n del importe correspondiente al ejercicio 2015 dej\u00f3 de ser atendida por el Estado Nacional a partir del presente a\u00f1o, agreg\u00e1ndose por otra parte el FONID (Fondo de Incentivo Docente), las liquidaciones en concepto de proporcional de vacaciones y el concepto de complemento 2016 .<\/p>\n<\/div>\n","protected":false},"excerpt":{"rendered":"<p>Este \u00edtem que se abona por \u00fanica vez alcanza a los agentes en actividad, jubilados, pensionados y retirados dependientes del organismo previsional formose\u00f1o El d\u00eda lunes 29 del corriente se&#8230; <span class=\"meta-more\"><a href=\"https:\/\/adfformosa.com.ar\/?p=4034\">Leer mas &raquo;<\/a><\/span><\/p>\n","protected":false},"author":3,"featured_media":4035,"comment_status":"open","ping_status":"closed","sticky":false,"template":"","format":"standard","meta":{"footnotes":""},"categories":[2],"tags":[],"class_list":["post-4034","post","type-post","status-publish","format-standard","has-post-thumbnail","hentry","category-prensa-adf","even alt"],"_links":{"self":[{"href":"https:\/\/adfformosa.com.ar\/index.php?rest_route=\/wp\/v2\/posts\/4034","targetHints":{"allow":["GET"]}}],"collection":[{"href":"https:\/\/adfformosa.com.ar\/index.php?rest_route=\/wp\/v2\/posts"}],"about":[{"href":"https:\/\/adfformosa.com.ar\/index.php?rest_route=\/wp\/v2\/types\/post"}],"author":[{"embeddable":true,"href":"https:\/\/adfformosa.com.ar\/index.php?rest_route=\/wp\/v2\/users\/3"}],"replies":[{"embeddable":true,"href":"https:\/\/adfformosa.com.ar\/index.php?rest_route=%2Fwp%2Fv2%2Fcomments&post=4034"}],"version-history":[{"count":1,"href":"https:\/\/adfformosa.com.ar\/index.php?rest_route=\/wp\/v2\/posts\/4034\/revisions"}],"predecessor-version":[{"id":4036,"href":"https:\/\/adfformosa.com.ar\/index.php?rest_route=\/wp\/v2\/posts\/4034\/revisions\/4036"}],"wp:featuredmedia":[{"embeddable":true,"href":"https:\/\/adfformosa.com.ar\/index.php?rest_route=\/wp\/v2\/media\/4035"}],"wp:attachment":[{"href":"https:\/\/adfformosa.com.ar\/index.php?rest_route=%2Fwp%2Fv2%2Fmedia&parent=4034"}],"wp:term":[{"taxonomy":"category","embeddable":true,"href":"https:\/\/adfformosa.com.ar\/index.php?rest_route=%2Fwp%2Fv2%2Fcategories&post=4034"},{"taxonomy":"post_tag","embeddable":true,"href":"https:\/\/adfformosa.com.ar\/index.php?rest_route=%2Fwp%2Fv2%2Ftags&post=4034"}],"curies":[{"name":"wp","href":"https:\/\/api.w.org\/{rel}","templated":true}]}}