{"id":4028,"date":"2016-02-03T20:38:00","date_gmt":"2016-02-03T23:38:00","guid":{"rendered":"http:\/\/adfformosa.com.ar\/?p=4028"},"modified":"2016-06-24T10:30:03","modified_gmt":"2016-06-24T13:30:03","slug":"se-reunio-la-comision-tecnica-salarial-docente-en-el-ministerio-de-educacion-de-la-nacion","status":"publish","type":"post","link":"https:\/\/adfformosa.com.ar\/?p=4028","title":{"rendered":"SE REUNI\u00d3 LA COMISI\u00d3N T\u00c9CNICA SALARIAL DOCENTE EN EL MINISTERIO DE EDUCACI\u00d3N DE LA NACI\u00d3N"},"content":{"rendered":"<div id=\"s-share-buttons\" class=\"horizontal-w-c-r-border s-share-w-c\"><a href=\"http:\/\/www.facebook.com\/sharer.php?u=https:\/\/adfformosa.com.ar\/?p=4028\" target=\"_blank\" title=\"Share to Facebook\" class=\"s3-facebook hint--top\"><\/a><a href=\"http:\/\/twitter.com\/intent\/tweet?text=SE REUNI\u00d3 LA COMISI\u00d3N T\u00c9CNICA SALARIAL DOCENTE EN EL MINISTERIO DE EDUCACI\u00d3N DE LA NACI\u00d3N&url=https:\/\/adfformosa.com.ar\/?p=4028\" target=\"_blank\"  title=\"Share to Twitter\" class=\"s3-twitter hint--top\"><\/a><a href=\"https:\/\/plus.google.com\/share?url=https:\/\/adfformosa.com.ar\/?p=4028\" target=\"_blank\"  title=\"Share to Google Plus\" class=\"s3-google-plus hint--top\"><\/a><a href=\"http:\/\/www.digg.com\/submit?url=https:\/\/adfformosa.com.ar\/?p=4028\" target=\"_blank\"  title=\"Share to Digg\" class=\"s3-digg hint--top\"><\/a><a href=\"http:\/\/www.tumblr.com\/share\/link?url=https%3A%2F%2Fadfformosa.com.ar%2F%3Fp%3D4028&name=SE+REUNI%C3%93+LA+COMISI%C3%93N+T%C3%89CNICA+SALARIAL+DOCENTE+EN+EL+MINISTERIO+DE+EDUCACI%C3%93N+DE+LA+NACI%C3%93N\" target=\"_blank\" title=\"Share to Tumblr\" class=\"s3-tumblr hint--top\"><\/a><a href=\"mailto:?Subject=SE%20REUNI\u00d3%20LA%20COMISI\u00d3N%20T\u00c9CNICA%20SALARIAL%20DOCENTE%20EN%20EL%20MINISTERIO%20DE%20EDUCACI\u00d3N%20DE%20LA%20NACI\u00d3N&Body=Here%20is%20the%20link%20to%20the%20article:%20https:\/\/adfformosa.com.ar\/?p=4028\" title=\"Email this article\" class=\"s3-email hint--top\"><\/a><\/div><div class=\"_2cuy _3dgx _2vxa\"><img loading=\"lazy\" decoding=\"async\" class=\"wp-image-4030 size-full aligncenter\" src=\"https:\/\/adfformosa.com.ar\/wp-content\/uploads\/2016\/02\/12647457_1687027538205846_2539811600611580400_n-e1454888403484.jpg\" alt=\"\" width=\"500\" height=\"281\" \/><\/div>\n<div class=\"_2cuy _3dgx _2vxa\"><\/div>\n<div class=\"_2cuy _3dgx _2vxa\">En el d\u00eda de la fecha se reuni\u00f3 la Comisi\u00f3n T\u00e9cnica Salarial con los representantes de los cinco sindicatos nacionales docentes y el Ministerio de Educaci\u00f3n de la Naci\u00f3n.<\/div>\n<div class=\"_2cuy _3dgx _2vxa\"><\/div>\n<div class=\"_2cuy _3dgx _2vxa\">Por CTERA participaron los dirigentes Juan Monserrat y Luis Branchi. En dicha reuni\u00f3n CTERA junto a los dem\u00e1s sindicatos docentes volvieron a ratificar el reclamo del 40 % de aumento salarial.<\/div>\n<div class=\"_2cuy _3dgx _2vxa\"><\/div>\n<div class=\"_2cuy _3dgx _2vxa\">El gobierno no realiz\u00f3 ninguna propuesta salarial y plante\u00f3 seguir discutiendo en una pr\u00f3xima reuni\u00f3n.<\/div>\n<div class=\"_2cuy _3dgx _2vxa\"><\/div>\n<div class=\"_2cuy _3dgx _2vxa\">La Paritaria Nacional Docente continuar\u00e1 el lunes 15 de febrero.<\/div>\n<div class=\"_2cuy _3dgx _2vxa\"><\/div>\n<div class=\"_2cuy _3dgx _2vxa\">Desde CTERA reclamamos al gobierno nacional una urgente propuesta salarial que recupere el poder adquisitivo de los salarios docentes.<\/div>\n<div class=\"_2cuy _3dgx _2vxa\"><\/div>\n<div class=\"_2cuy _3dgx _2vxa\">Buenos Aires, 3 de febrero de 2016<\/div>\n","protected":false},"excerpt":{"rendered":"<p>En el d\u00eda de la fecha se reuni\u00f3 la Comisi\u00f3n T\u00e9cnica Salarial con los representantes de los cinco sindicatos nacionales docentes y el Ministerio de Educaci\u00f3n de la Naci\u00f3n. Por&#8230; <span class=\"meta-more\"><a href=\"https:\/\/adfformosa.com.ar\/?p=4028\">Leer mas &raquo;<\/a><\/span><\/p>\n","protected":false},"author":3,"featured_media":4030,"comment_status":"open","ping_status":"closed","sticky":false,"template":"","format":"standard","meta":{"footnotes":""},"categories":[2],"tags":[],"class_list":["post-4028","post","type-post","status-publish","format-standard","has-post-thumbnail","hentry","category-prensa-adf","even alt"],"_links":{"self":[{"href":"https:\/\/adfformosa.com.ar\/index.php?rest_route=\/wp\/v2\/posts\/4028","targetHints":{"allow":["GET"]}}],"collection":[{"href":"https:\/\/adfformosa.com.ar\/index.php?rest_route=\/wp\/v2\/posts"}],"about":[{"href":"https:\/\/adfformosa.com.ar\/index.php?rest_route=\/wp\/v2\/types\/post"}],"author":[{"embeddable":true,"href":"https:\/\/adfformosa.com.ar\/index.php?rest_route=\/wp\/v2\/users\/3"}],"replies":[{"embeddable":true,"href":"https:\/\/adfformosa.com.ar\/index.php?rest_route=%2Fwp%2Fv2%2Fcomments&post=4028"}],"version-history":[{"count":2,"href":"https:\/\/adfformosa.com.ar\/index.php?rest_route=\/wp\/v2\/posts\/4028\/revisions"}],"predecessor-version":[{"id":4418,"href":"https:\/\/adfformosa.com.ar\/index.php?rest_route=\/wp\/v2\/posts\/4028\/revisions\/4418"}],"wp:featuredmedia":[{"embeddable":true,"href":"https:\/\/adfformosa.com.ar\/index.php?rest_route=\/wp\/v2\/media\/4030"}],"wp:attachment":[{"href":"https:\/\/adfformosa.com.ar\/index.php?rest_route=%2Fwp%2Fv2%2Fmedia&parent=4028"}],"wp:term":[{"taxonomy":"category","embeddable":true,"href":"https:\/\/adfformosa.com.ar\/index.php?rest_route=%2Fwp%2Fv2%2Fcategories&post=4028"},{"taxonomy":"post_tag","embeddable":true,"href":"https:\/\/adfformosa.com.ar\/index.php?rest_route=%2Fwp%2Fv2%2Ftags&post=4028"}],"curies":[{"name":"wp","href":"https:\/\/api.w.org\/{rel}","templated":true}]}}