{"id":4023,"date":"2016-01-27T20:30:56","date_gmt":"2016-01-27T23:30:56","guid":{"rendered":"http:\/\/adfformosa.com.ar\/?p=4023"},"modified":"2016-06-24T10:32:27","modified_gmt":"2016-06-24T13:32:27","slug":"paritaria-nacional-docentectera-planteo-junto-a-los-cuatro-gremios-40-de-aumento-y-duplicacion-del-incentivo","status":"publish","type":"post","link":"https:\/\/adfformosa.com.ar\/?p=4023","title":{"rendered":"Paritaria Nacional Docente: CTERA plante\u00f3 junto a los cuatro gremios 40 % de aumento y duplicaci\u00f3n del incentivo"},"content":{"rendered":"<div id=\"s-share-buttons\" class=\"horizontal-w-c-r-border s-share-w-c\"><a href=\"http:\/\/www.facebook.com\/sharer.php?u=https:\/\/adfformosa.com.ar\/?p=4023\" target=\"_blank\" title=\"Share to Facebook\" class=\"s3-facebook hint--top\"><\/a><a href=\"http:\/\/twitter.com\/intent\/tweet?text=Paritaria Nacional Docente: CTERA plante\u00f3 junto a los cuatro gremios 40 % de aumento y duplicaci\u00f3n del incentivo&url=https:\/\/adfformosa.com.ar\/?p=4023\" target=\"_blank\"  title=\"Share to Twitter\" class=\"s3-twitter hint--top\"><\/a><a href=\"https:\/\/plus.google.com\/share?url=https:\/\/adfformosa.com.ar\/?p=4023\" target=\"_blank\"  title=\"Share to Google Plus\" class=\"s3-google-plus hint--top\"><\/a><a href=\"http:\/\/www.digg.com\/submit?url=https:\/\/adfformosa.com.ar\/?p=4023\" target=\"_blank\"  title=\"Share to Digg\" class=\"s3-digg hint--top\"><\/a><a href=\"http:\/\/www.tumblr.com\/share\/link?url=https%3A%2F%2Fadfformosa.com.ar%2F%3Fp%3D4023&name=Paritaria+Nacional+Docente%3A+CTERA+plante%C3%B3+junto+a+los+cuatro+gremios+40+%25+de+aumento+y+duplicaci%C3%B3n+del+incentivo\" target=\"_blank\" title=\"Share to Tumblr\" class=\"s3-tumblr hint--top\"><\/a><a href=\"mailto:?Subject=Paritaria%20Nacional%20Docente:%20CTERA%20plante\u00f3%20junto%20a%20los%20cuatro%20gremios%2040%20%%20de%20aumento%20y%20duplicaci\u00f3n%20del%20incentivo&Body=Here%20is%20the%20link%20to%20the%20article:%20https:\/\/adfformosa.com.ar\/?p=4023\" title=\"Email this article\" class=\"s3-email hint--top\"><\/a><\/div><p style=\"text-align: justify;\"><span style=\"text-decoration: underline;\"><img loading=\"lazy\" decoding=\"async\" class=\"wp-image-3964 size-full alignleft\" src=\"https:\/\/adfformosa.com.ar\/wp-content\/uploads\/2015\/12\/paritarias-2.jpg\" alt=\"\" width=\"360\" height=\"205\" srcset=\"https:\/\/adfformosa.com.ar\/wp-content\/uploads\/2015\/12\/paritarias-2.jpg 360w, https:\/\/adfformosa.com.ar\/wp-content\/uploads\/2015\/12\/paritarias-2-300x171.jpg 300w\" sizes=\"auto, (max-width: 360px) 100vw, 360px\" \/><span style=\"color: #008000; text-decoration: underline;\">Resultado de la reuni\u00f3n de hoy mi\u00e9rcoles 27 enero<\/span><\/span><\/p>\n<div class=\"_2cuy _3dgx _2vxa\" style=\"text-align: justify;\">Sonia Alesso Secretaria General<\/div>\n<div class=\"_2cuy _3dgx _2vxa\" style=\"text-align: justify;\"><\/div>\n<div class=\"_2cuy _3dgx _2vxa\" style=\"text-align: justify;\">\u201cVamos a discutir la necesidad de recomponer el poder adquisitivo del salario y la defensa de las condiciones de trabajo en todo el pa\u00eds.\u201d<\/div>\n<div class=\"_2cuy _3dgx _2vxa\" style=\"text-align: justify;\"><\/div>\n<div class=\"_2cuy _3dgx _2vxa\" style=\"text-align: justify;\">La CTERA particip\u00f3 de la Paritaria Nacional Docente convocada por el Ministro de Educaci\u00f3n de la Naci\u00f3n. En la reuni\u00f3n los cinco gremios nacionales rechazaron cualquier techo salarial y la defensa del poder adquisitivo del salario.<\/div>\n<div class=\"_2cuy _3dgx _2vxa\">\n<p style=\"text-align: justify;\"><span class=\"_5yi-\">La CTERA plante\u00f3 un aumento del salario inicial del 40 % ( ning\u00fan docente del pa\u00eds,maestro de grado de jornada simple,podr\u00e1 cobrar menos de $ 8500.- ) y la duplicaci\u00f3n del incentivo docente. Adem\u00e1s CTERA plante\u00f3 una revisi\u00f3n en junio para evaluar las variables econ\u00f3micas que pueda menguar el salario docente.<\/span><\/p>\n<div class=\"_2cuy _3dgx _2vxa\" style=\"text-align: justify;\">Tambi\u00e9n CTERA volvi\u00f3 a ratificar la necesidad de la continuidad de los Programas Socio Educativos. El Ministerio recepcion\u00f3 el pedido y convoc\u00f3 para la pr\u00f3xima semana a una reuni\u00f3n t\u00e9cnica salarial para continuar el debate del salario docente y las condiciones de trabajo.<\/div>\n<div class=\"_2cuy _3dgx _2vxa\" style=\"text-align: justify;\"><\/div>\n<div class=\"_2cuy _3dgx _2vxa\" style=\"text-align: justify;\">Buenos Aires, mi\u00e9rcoles 27 de enero de 2016<\/div>\n<div class=\"_2cuy _3dgx _2vxa\" style=\"text-align: justify;\"><\/div>\n<div class=\"_2cuy _3dgx _2vxa\" style=\"text-align: justify;\">Alejo Demichelis Secretario de Prensa \u00a0Sonia Alesso Secretaria General<\/div>\n<\/div>\n","protected":false},"excerpt":{"rendered":"<p>Resultado de la reuni\u00f3n de hoy mi\u00e9rcoles 27 enero Sonia Alesso Secretaria General \u201cVamos a discutir la necesidad de recomponer el poder adquisitivo del salario y la defensa de las&#8230; <span class=\"meta-more\"><a href=\"https:\/\/adfformosa.com.ar\/?p=4023\">Leer mas &raquo;<\/a><\/span><\/p>\n","protected":false},"author":3,"featured_media":3964,"comment_status":"open","ping_status":"closed","sticky":false,"template":"","format":"standard","meta":{"footnotes":""},"categories":[2],"tags":[],"class_list":["post-4023","post","type-post","status-publish","format-standard","has-post-thumbnail","hentry","category-prensa-adf","even alt"],"_links":{"self":[{"href":"https:\/\/adfformosa.com.ar\/index.php?rest_route=\/wp\/v2\/posts\/4023","targetHints":{"allow":["GET"]}}],"collection":[{"href":"https:\/\/adfformosa.com.ar\/index.php?rest_route=\/wp\/v2\/posts"}],"about":[{"href":"https:\/\/adfformosa.com.ar\/index.php?rest_route=\/wp\/v2\/types\/post"}],"author":[{"embeddable":true,"href":"https:\/\/adfformosa.com.ar\/index.php?rest_route=\/wp\/v2\/users\/3"}],"replies":[{"embeddable":true,"href":"https:\/\/adfformosa.com.ar\/index.php?rest_route=%2Fwp%2Fv2%2Fcomments&post=4023"}],"version-history":[{"count":2,"href":"https:\/\/adfformosa.com.ar\/index.php?rest_route=\/wp\/v2\/posts\/4023\/revisions"}],"predecessor-version":[{"id":4419,"href":"https:\/\/adfformosa.com.ar\/index.php?rest_route=\/wp\/v2\/posts\/4023\/revisions\/4419"}],"wp:featuredmedia":[{"embeddable":true,"href":"https:\/\/adfformosa.com.ar\/index.php?rest_route=\/wp\/v2\/media\/3964"}],"wp:attachment":[{"href":"https:\/\/adfformosa.com.ar\/index.php?rest_route=%2Fwp%2Fv2%2Fmedia&parent=4023"}],"wp:term":[{"taxonomy":"category","embeddable":true,"href":"https:\/\/adfformosa.com.ar\/index.php?rest_route=%2Fwp%2Fv2%2Fcategories&post=4023"},{"taxonomy":"post_tag","embeddable":true,"href":"https:\/\/adfformosa.com.ar\/index.php?rest_route=%2Fwp%2Fv2%2Ftags&post=4023"}],"curies":[{"name":"wp","href":"https:\/\/api.w.org\/{rel}","templated":true}]}}