{"id":4020,"date":"2016-01-26T20:27:48","date_gmt":"2016-01-26T23:27:48","guid":{"rendered":"http:\/\/adfformosa.com.ar\/?p=4020"},"modified":"2016-06-24T10:32:55","modified_gmt":"2016-06-24T13:32:55","slug":"este-miercoles-reunion-por-paritaria-nacional-docente","status":"publish","type":"post","link":"https:\/\/adfformosa.com.ar\/?p=4020","title":{"rendered":"Este mi\u00e9rcoles reuni\u00f3n por paritaria nacional docente"},"content":{"rendered":"<div id=\"s-share-buttons\" class=\"horizontal-w-c-r-border s-share-w-c\"><a href=\"http:\/\/www.facebook.com\/sharer.php?u=https:\/\/adfformosa.com.ar\/?p=4020\" target=\"_blank\" title=\"Share to Facebook\" class=\"s3-facebook hint--top\"><\/a><a href=\"http:\/\/twitter.com\/intent\/tweet?text=Este mi\u00e9rcoles reuni\u00f3n por paritaria nacional docente&url=https:\/\/adfformosa.com.ar\/?p=4020\" target=\"_blank\"  title=\"Share to Twitter\" class=\"s3-twitter hint--top\"><\/a><a href=\"https:\/\/plus.google.com\/share?url=https:\/\/adfformosa.com.ar\/?p=4020\" target=\"_blank\"  title=\"Share to Google Plus\" class=\"s3-google-plus hint--top\"><\/a><a href=\"http:\/\/www.digg.com\/submit?url=https:\/\/adfformosa.com.ar\/?p=4020\" target=\"_blank\"  title=\"Share to Digg\" class=\"s3-digg hint--top\"><\/a><a href=\"http:\/\/www.tumblr.com\/share\/link?url=https%3A%2F%2Fadfformosa.com.ar%2F%3Fp%3D4020&name=Este+mi%C3%A9rcoles+reuni%C3%B3n+por+paritaria+nacional+docente\" target=\"_blank\" title=\"Share to Tumblr\" class=\"s3-tumblr hint--top\"><\/a><a href=\"mailto:?Subject=Este%20mi\u00e9rcoles%20reuni\u00f3n%20por%20paritaria%20nacional%20docente&Body=Here%20is%20the%20link%20to%20the%20article:%20https:\/\/adfformosa.com.ar\/?p=4020\" title=\"Email this article\" class=\"s3-email hint--top\"><\/a><\/div><p><span class=\"_5yi-\"><img loading=\"lazy\" decoding=\"async\" class=\"wp-image-3968 size-full aligncenter\" src=\"https:\/\/adfformosa.com.ar\/wp-content\/uploads\/2015\/12\/DSC_0055-e1449931694524.jpg\" alt=\"\" width=\"600\" height=\"402\" \/><\/span><\/p>\n<p><span class=\"_5yi-\">CTERA RECHAZA EL TOPE A LA DISCUSI\u00d3N SALARIAL<\/span><\/p>\n<p><span style=\"text-decoration: underline;\">Sonia Alesso \u2013 Secretaria General de CTERA<\/span> :<\/p>\n<p style=\"text-align: justify;\">\u00abDiscutiremos con firmeza ning\u00fan techo a la paritaria. Vamos a defender el salario y tambi\u00e9n los puestos de trabajo\u201d<\/p>\n<div class=\"_2cuy _3dgx _2vxa\">Ma\u00f1ana, mi\u00e9rcoles 27 de enero, continuar\u00e1 la Paritaria Nacional Docente en el Ministerio de Educaci\u00f3n de la Naci\u00f3n<\/div>\n<div class=\"_2cuy _3dgx _2vxa\">Sonia Alesso \u2013 Secretaria General de CTERA &#8211; rechaz\u00f3 el incremento salarial del 25 por ciento para los docentes estimado por el ministro de Educaci\u00f3n nacional Esteban Bullrich.<\/div>\n<div class=\"_2cuy _3dgx _2vxa\">\nSostuvo que esa cifra est\u00e1 muy por debajo de \u00abtodas las estimaciones de lo que ha sido una devaluaci\u00f3n y luego traslado a precios v\u00eda inflaci\u00f3n, m\u00e1s aumento de tarifas. Creemos que es peligroso lo que intenta hacer el Gobierno, que es trasladar la crisis a los trabajadores, porque plantea una cifra tan por debajo de todas las estimaciones de lo que ha sido una devaluaci\u00f3n y luego traslado a precios v\u00eda inflaci\u00f3n, m\u00e1s aumento de tarifa\u00bb.<\/div>\n<div class=\"_2cuy _3dgx _2vxa\">De la Paritaria Nacional Docente participan los cinco gremios nacionales.<\/div>\n<div class=\"_2cuy _3dgx _2vxa\" style=\"text-align: justify;\"><\/div>\n<div class=\"_2cuy _3dgx _2vxa\" style=\"text-align: justify;\">Buenos Aires, martes 26 de enero de 2016<\/div>\n","protected":false},"excerpt":{"rendered":"<p>CTERA RECHAZA EL TOPE A LA DISCUSI\u00d3N SALARIAL Sonia Alesso \u2013 Secretaria General de CTERA : \u00abDiscutiremos con firmeza ning\u00fan techo a la paritaria. Vamos a defender el salario y&#8230; <span class=\"meta-more\"><a href=\"https:\/\/adfformosa.com.ar\/?p=4020\">Leer mas &raquo;<\/a><\/span><\/p>\n","protected":false},"author":3,"featured_media":3969,"comment_status":"open","ping_status":"closed","sticky":false,"template":"","format":"standard","meta":{"footnotes":""},"categories":[2],"tags":[],"class_list":["post-4020","post","type-post","status-publish","format-standard","has-post-thumbnail","hentry","category-prensa-adf","even alt"],"_links":{"self":[{"href":"https:\/\/adfformosa.com.ar\/index.php?rest_route=\/wp\/v2\/posts\/4020","targetHints":{"allow":["GET"]}}],"collection":[{"href":"https:\/\/adfformosa.com.ar\/index.php?rest_route=\/wp\/v2\/posts"}],"about":[{"href":"https:\/\/adfformosa.com.ar\/index.php?rest_route=\/wp\/v2\/types\/post"}],"author":[{"embeddable":true,"href":"https:\/\/adfformosa.com.ar\/index.php?rest_route=\/wp\/v2\/users\/3"}],"replies":[{"embeddable":true,"href":"https:\/\/adfformosa.com.ar\/index.php?rest_route=%2Fwp%2Fv2%2Fcomments&post=4020"}],"version-history":[{"count":2,"href":"https:\/\/adfformosa.com.ar\/index.php?rest_route=\/wp\/v2\/posts\/4020\/revisions"}],"predecessor-version":[{"id":4420,"href":"https:\/\/adfformosa.com.ar\/index.php?rest_route=\/wp\/v2\/posts\/4020\/revisions\/4420"}],"wp:featuredmedia":[{"embeddable":true,"href":"https:\/\/adfformosa.com.ar\/index.php?rest_route=\/wp\/v2\/media\/3969"}],"wp:attachment":[{"href":"https:\/\/adfformosa.com.ar\/index.php?rest_route=%2Fwp%2Fv2%2Fmedia&parent=4020"}],"wp:term":[{"taxonomy":"category","embeddable":true,"href":"https:\/\/adfformosa.com.ar\/index.php?rest_route=%2Fwp%2Fv2%2Fcategories&post=4020"},{"taxonomy":"post_tag","embeddable":true,"href":"https:\/\/adfformosa.com.ar\/index.php?rest_route=%2Fwp%2Fv2%2Ftags&post=4020"}],"curies":[{"name":"wp","href":"https:\/\/api.w.org\/{rel}","templated":true}]}}