{"id":4008,"date":"2016-01-13T20:08:32","date_gmt":"2016-01-13T23:08:32","guid":{"rendered":"http:\/\/adfformosa.com.ar\/?p=4008"},"modified":"2016-02-07T20:18:32","modified_gmt":"2016-02-07T23:18:32","slug":"ley-de-ministerios-salio-rectificacion-en-boletin-oficial-de-este-martes","status":"publish","type":"post","link":"https:\/\/adfformosa.com.ar\/?p=4008","title":{"rendered":"Ley de Ministerios: sali\u00f3 rectificaci\u00f3n en bolet\u00edn oficial de este martes"},"content":{"rendered":"<div id=\"s-share-buttons\" class=\"horizontal-w-c-r-border s-share-w-c\"><a href=\"http:\/\/www.facebook.com\/sharer.php?u=https:\/\/adfformosa.com.ar\/?p=4008\" target=\"_blank\" title=\"Share to Facebook\" class=\"s3-facebook hint--top\"><\/a><a href=\"http:\/\/twitter.com\/intent\/tweet?text=Ley de Ministerios: sali\u00f3 rectificaci\u00f3n en bolet\u00edn oficial de este martes&url=https:\/\/adfformosa.com.ar\/?p=4008\" target=\"_blank\"  title=\"Share to Twitter\" class=\"s3-twitter hint--top\"><\/a><a href=\"https:\/\/plus.google.com\/share?url=https:\/\/adfformosa.com.ar\/?p=4008\" target=\"_blank\"  title=\"Share to Google Plus\" class=\"s3-google-plus hint--top\"><\/a><a href=\"http:\/\/www.digg.com\/submit?url=https:\/\/adfformosa.com.ar\/?p=4008\" target=\"_blank\"  title=\"Share to Digg\" class=\"s3-digg hint--top\"><\/a><a href=\"http:\/\/www.tumblr.com\/share\/link?url=https%3A%2F%2Fadfformosa.com.ar%2F%3Fp%3D4008&name=Ley+de+Ministerios%3A+sali%C3%B3+rectificaci%C3%B3n+en+bolet%C3%ADn+oficial+de+este+martes\" target=\"_blank\" title=\"Share to Tumblr\" class=\"s3-tumblr hint--top\"><\/a><a href=\"mailto:?Subject=Ley%20de%20Ministerios:%20sali\u00f3%20rectificaci\u00f3n%20en%20bolet\u00edn%20oficial%20de%20este%20martes&Body=Here%20is%20the%20link%20to%20the%20article:%20https:\/\/adfformosa.com.ar\/?p=4008\" title=\"Email this article\" class=\"s3-email hint--top\"><\/a><\/div><div class=\"_2cuy _3dgx _2vxa\" style=\"text-align: justify;\"><\/div>\n<div class=\"_2cuy _3dgx _2vxa\" style=\"text-align: justify;\"><img loading=\"lazy\" decoding=\"async\" class=\"alignleft size-medium wp-image-4010\" src=\"https:\/\/adfformosa.com.ar\/wp-content\/uploads\/2016\/02\/logoBORA-300x94.png\" alt=\"logoBORA\" width=\"300\" height=\"94\" srcset=\"https:\/\/adfformosa.com.ar\/wp-content\/uploads\/2016\/02\/logoBORA-300x94.png 300w, https:\/\/adfformosa.com.ar\/wp-content\/uploads\/2016\/02\/logoBORA.png 500w\" sizes=\"auto, (max-width: 300px) 100vw, 300px\" \/>Nuevo logro de CTERA, este martes 12 de enero de 2016, sali\u00f3 la modificaci\u00f3n del decreto sobre la Ley de Ministerios.<\/div>\n<div class=\"_2cuy _3dgx _2vxa\" style=\"text-align: justify;\"><\/div>\n<div class=\"_2cuy _3dgx _2vxa\" style=\"text-align: justify;\"><span class=\"_5yi-\">Se trata de los Decreto 57\/2016 y Decreto N\u00b0 357\/2002. Modificaci\u00f3n que incluye el reclamo de la CTERA de mencionar las Leyes de Educaci\u00f3n vigentes.<\/span><\/div>\n<div class=\"_2cuy _3dgx _2vxa\" style=\"text-align: justify;\"><\/div>\n<blockquote>\n<div class=\"_2cuy _3dgx _2vxa\" style=\"text-align: center;\"><strong>La CTERA agradece a los docentes, pedagogos y organizaciones de base del gremio por sumarse al reclamo y hacer posible esta modificaci\u00f3n.<\/strong><\/div>\n<div class=\"_2cuy _3dgx _2vxa\" style=\"text-align: center;\"><\/div>\n<\/blockquote>\n<div class=\"_2cuy _3dgx _2vxa\" style=\"text-align: center;\">\n<div class=\"_2cuy _3dgx _2vxa\" style=\"text-align: left;\">Sonia Alesso,Secretaria General de CTERA Alejo Demichelis ,Secretario de Prensa CTERA<\/div>\n<div class=\"_2cuy _3dgx _2vxa\"><\/div>\n<div class=\"_2cuy _3dgx _2vxa\" style=\"text-align: left;\">Pueden visualizar el decreto en el sitio oficial del gobierno, a trav\u00e9s del siguiente enlace:<\/div>\n<div class=\"_2cuy _3dgx _2vxa\" style=\"text-align: left;\"><\/div>\n<div class=\"_2cuy _3dgx _2vxa\" style=\"text-align: left;\"><a href=\"https:\/\/www.boletinoficial.gob.ar\/#!DetalleNorma\/139823\/null\">https:\/\/www.boletinoficial.gob.ar\/#!DetalleNorma\/139823\/null<\/a><\/div>\n<\/div>\n","protected":false},"excerpt":{"rendered":"<p>Nuevo logro de CTERA, este martes 12 de enero de 2016, sali\u00f3 la modificaci\u00f3n del decreto sobre la Ley de Ministerios. Se trata de los Decreto 57\/2016 y Decreto N\u00b0&#8230; <span class=\"meta-more\"><a href=\"https:\/\/adfformosa.com.ar\/?p=4008\">Leer mas &raquo;<\/a><\/span><\/p>\n","protected":false},"author":3,"featured_media":4010,"comment_status":"open","ping_status":"closed","sticky":false,"template":"","format":"standard","meta":{"footnotes":""},"categories":[8,2],"tags":[],"class_list":["post-4008","post","type-post","status-publish","format-standard","has-post-thumbnail","hentry","category-leyes-y-resoluciones","category-prensa-adf","even alt"],"_links":{"self":[{"href":"https:\/\/adfformosa.com.ar\/index.php?rest_route=\/wp\/v2\/posts\/4008","targetHints":{"allow":["GET"]}}],"collection":[{"href":"https:\/\/adfformosa.com.ar\/index.php?rest_route=\/wp\/v2\/posts"}],"about":[{"href":"https:\/\/adfformosa.com.ar\/index.php?rest_route=\/wp\/v2\/types\/post"}],"author":[{"embeddable":true,"href":"https:\/\/adfformosa.com.ar\/index.php?rest_route=\/wp\/v2\/users\/3"}],"replies":[{"embeddable":true,"href":"https:\/\/adfformosa.com.ar\/index.php?rest_route=%2Fwp%2Fv2%2Fcomments&post=4008"}],"version-history":[{"count":1,"href":"https:\/\/adfformosa.com.ar\/index.php?rest_route=\/wp\/v2\/posts\/4008\/revisions"}],"predecessor-version":[{"id":4011,"href":"https:\/\/adfformosa.com.ar\/index.php?rest_route=\/wp\/v2\/posts\/4008\/revisions\/4011"}],"wp:featuredmedia":[{"embeddable":true,"href":"https:\/\/adfformosa.com.ar\/index.php?rest_route=\/wp\/v2\/media\/4010"}],"wp:attachment":[{"href":"https:\/\/adfformosa.com.ar\/index.php?rest_route=%2Fwp%2Fv2%2Fmedia&parent=4008"}],"wp:term":[{"taxonomy":"category","embeddable":true,"href":"https:\/\/adfformosa.com.ar\/index.php?rest_route=%2Fwp%2Fv2%2Fcategories&post=4008"},{"taxonomy":"post_tag","embeddable":true,"href":"https:\/\/adfformosa.com.ar\/index.php?rest_route=%2Fwp%2Fv2%2Ftags&post=4008"}],"curies":[{"name":"wp","href":"https:\/\/api.w.org\/{rel}","templated":true}]}}