{"id":4004,"date":"2016-01-07T18:58:20","date_gmt":"2016-01-07T21:58:20","guid":{"rendered":"http:\/\/adfformosa.com.ar\/?p=4004"},"modified":"2016-01-10T19:00:22","modified_gmt":"2016-01-10T22:00:22","slug":"ctera-ratifico-la-defensa-del-poder-adquisitivo-del-salario-docente","status":"publish","type":"post","link":"https:\/\/adfformosa.com.ar\/?p=4004","title":{"rendered":"CTERA RATIFIC\u00d3 LA DEFENSA DEL PODER ADQUISITIVO DEL SALARIO DOCENTE"},"content":{"rendered":"<div id=\"s-share-buttons\" class=\"horizontal-w-c-r-border s-share-w-c\"><a href=\"http:\/\/www.facebook.com\/sharer.php?u=https:\/\/adfformosa.com.ar\/?p=4004\" target=\"_blank\" title=\"Share to Facebook\" class=\"s3-facebook hint--top\"><\/a><a href=\"http:\/\/twitter.com\/intent\/tweet?text=CTERA RATIFIC\u00d3 LA DEFENSA DEL PODER ADQUISITIVO DEL SALARIO DOCENTE&url=https:\/\/adfformosa.com.ar\/?p=4004\" target=\"_blank\"  title=\"Share to Twitter\" class=\"s3-twitter hint--top\"><\/a><a href=\"https:\/\/plus.google.com\/share?url=https:\/\/adfformosa.com.ar\/?p=4004\" target=\"_blank\"  title=\"Share to Google Plus\" class=\"s3-google-plus hint--top\"><\/a><a href=\"http:\/\/www.digg.com\/submit?url=https:\/\/adfformosa.com.ar\/?p=4004\" target=\"_blank\"  title=\"Share to Digg\" class=\"s3-digg hint--top\"><\/a><a href=\"http:\/\/www.tumblr.com\/share\/link?url=https%3A%2F%2Fadfformosa.com.ar%2F%3Fp%3D4004&name=CTERA+RATIFIC%C3%93+LA+DEFENSA+DEL+PODER+ADQUISITIVO+DEL+SALARIO+DOCENTE\" target=\"_blank\" title=\"Share to Tumblr\" class=\"s3-tumblr hint--top\"><\/a><a href=\"mailto:?Subject=CTERA%20RATIFIC\u00d3%20LA%20DEFENSA%20DEL%20PODER%20ADQUISITIVO%20DEL%20SALARIO%20DOCENTE&Body=Here%20is%20the%20link%20to%20the%20article:%20https:\/\/adfformosa.com.ar\/?p=4004\" title=\"Email this article\" class=\"s3-email hint--top\"><\/a><\/div><div class=\"itemIntroText\">\n<p style=\"text-align: justify;\"><img loading=\"lazy\" decoding=\"async\" class=\"alignleft size-full wp-image-3985\" src=\"https:\/\/adfformosa.com.ar\/wp-content\/uploads\/2015\/12\/logoCtera.png\" alt=\"logoCtera\" width=\"180\" height=\"211\" \/>La CTERA particip\u00f3 este mediod\u00eda de la convocatoria a los Sindicatos Docentes nacionales realizada por el Ministro de Educaci\u00f3n, Esteban Bullrich, en el marco de la discusi\u00f3n paritaria de este a\u00f1o.<\/p>\n<\/div>\n<div class=\"itemFullText\">\n<p style=\"text-align: justify;\">\nEn ese marco, se decidi\u00f3 la conformaci\u00f3n de tres comisiones de trabajo: una para abordar el tema salarial, otra para la discusi\u00f3n del Convenio Colectivo de Trabajo del sector Docente, y una tercera para asuntos pedag\u00f3gicos, particularmente para dar tratamiento al DNU resuelto de modo unilateral a partir del cual se intenta crear un Instituto Nacional de Calidad Educativa, el cual la CTERA rechaza de plano.<\/p>\n<p>A la salida del encuentro, la Secretaria General de CTERA, Sonia Alesso, se\u00f1al\u00f3: \u00abTambi\u00e9n hemos se\u00f1alado que no se corrigi\u00f3 el DNU que modific\u00f3 la Ley de Ministerios y que no consideraba la Ley Nacional de Educaci\u00f3n. Presentamos un reclamo administrativo y nos han entregado un borrador, que incluye las leyes vigentes, que est\u00e1 a la firma para ser inclu\u00eddo en el Bolet\u00edn Oficial y modificarlo definitivamente, como corresponde. Esperamos que esto se resuelva en forma urgente porque es un reclamo de toda la docencia que est\u00e9n contempladas tanto la Ley Nacional de Educaci\u00f3n como la Ley de Financiamiento Educativo y los acuerdos y las normativas vigentes por las cuales muchos docentes del pa\u00eds han peleado\u00bb.<\/p>\n<p>\u00abHemos planteado la necesidad de que el salario docente no sea afectado ni por la devaluaci\u00f3n ni por el aumento de precios y tarifas. Se va a conformar una comisi\u00f3n que va a funcionar la \u00faltima semana de enero para discutir estos temas; esperamos que las comisiones den respuestas los mismos\u00bb, se\u00f1al\u00f3 la dirigente. Tambi\u00e9n se plante\u00f3 la situaci\u00f3n de algunas provincias afectadas por deudas, traslado de sumas no remunerativas y bonificables al salario. Adem\u00e1s, la CTERA plante\u00f3 la necesidad de que el Impuesto a las Ganancias no afecte el salario del conjunto de los docentes ni del resto de los Trabajadores.<\/p>\n<p>Por otra parte, en el encuentro el Ministro se comprometi\u00f3 a la continuidad de planes como FINES, Orquestas Infantiles, CAJ, CAI y Radios Escolares. \u00abAspiramos a que estos compa\u00f1eros contin\u00faen trabajando y tambi\u00e9n planteamos que estos docentes tengan estabilidad laboral. Bullrich se comprometi\u00f3 a discutir estos temas\u00bb, asegur\u00f3 Alesso.<\/p>\n<p>\u00abEl problema para la discusi\u00f3n paritaria no es de tiempos, sino de decisi\u00f3n pol\u00edtica de sostener un salario digno para todos los docentes. Sabemos que los temas de m\u00e1s repercusi\u00f3n medi\u00e1tica son los del porcentaje de aumento, pero para nosotros lo pedag\u00f3gico tambi\u00e9n tiene una gran importancia\u00bb, concluy\u00f3 la Secretaria General de CTERA.<\/p>\n<p>Asimismo, la CTERA exigi\u00f3 la continuidad del Programa Nacional de Formaci\u00f3n Permanente (PNFP), que fue parte de la paritaria y de la pelea hist\u00f3rica de los Trabajadores de la Educaci\u00f3n por la Escuela P\u00fablica.<\/p>\n<p>Sonia Alesso<br \/>\nSecretaria General<br \/>\nCTERA<\/p>\n<\/div>\n","protected":false},"excerpt":{"rendered":"<p>La CTERA particip\u00f3 este mediod\u00eda de la convocatoria a los Sindicatos Docentes nacionales realizada por el Ministro de Educaci\u00f3n, Esteban Bullrich, en el marco de la discusi\u00f3n paritaria de este&#8230; <span class=\"meta-more\"><a href=\"https:\/\/adfformosa.com.ar\/?p=4004\">Leer mas &raquo;<\/a><\/span><\/p>\n","protected":false},"author":3,"featured_media":3985,"comment_status":"open","ping_status":"closed","sticky":false,"template":"","format":"standard","meta":{"footnotes":""},"categories":[2],"tags":[],"class_list":["post-4004","post","type-post","status-publish","format-standard","has-post-thumbnail","hentry","category-prensa-adf","even alt"],"_links":{"self":[{"href":"https:\/\/adfformosa.com.ar\/index.php?rest_route=\/wp\/v2\/posts\/4004","targetHints":{"allow":["GET"]}}],"collection":[{"href":"https:\/\/adfformosa.com.ar\/index.php?rest_route=\/wp\/v2\/posts"}],"about":[{"href":"https:\/\/adfformosa.com.ar\/index.php?rest_route=\/wp\/v2\/types\/post"}],"author":[{"embeddable":true,"href":"https:\/\/adfformosa.com.ar\/index.php?rest_route=\/wp\/v2\/users\/3"}],"replies":[{"embeddable":true,"href":"https:\/\/adfformosa.com.ar\/index.php?rest_route=%2Fwp%2Fv2%2Fcomments&post=4004"}],"version-history":[{"count":1,"href":"https:\/\/adfformosa.com.ar\/index.php?rest_route=\/wp\/v2\/posts\/4004\/revisions"}],"predecessor-version":[{"id":4005,"href":"https:\/\/adfformosa.com.ar\/index.php?rest_route=\/wp\/v2\/posts\/4004\/revisions\/4005"}],"wp:featuredmedia":[{"embeddable":true,"href":"https:\/\/adfformosa.com.ar\/index.php?rest_route=\/wp\/v2\/media\/3985"}],"wp:attachment":[{"href":"https:\/\/adfformosa.com.ar\/index.php?rest_route=%2Fwp%2Fv2%2Fmedia&parent=4004"}],"wp:term":[{"taxonomy":"category","embeddable":true,"href":"https:\/\/adfformosa.com.ar\/index.php?rest_route=%2Fwp%2Fv2%2Fcategories&post=4004"},{"taxonomy":"post_tag","embeddable":true,"href":"https:\/\/adfformosa.com.ar\/index.php?rest_route=%2Fwp%2Fv2%2Ftags&post=4004"}],"curies":[{"name":"wp","href":"https:\/\/api.w.org\/{rel}","templated":true}]}}