{"id":3981,"date":"2015-12-23T18:19:20","date_gmt":"2015-12-23T21:19:20","guid":{"rendered":"http:\/\/adfformosa.com.ar\/?p=3981"},"modified":"2015-12-23T18:24:12","modified_gmt":"2015-12-23T21:24:12","slug":"crean-por-decreto-el-instituto-nacional-de-calidad-educativa","status":"publish","type":"post","link":"https:\/\/adfformosa.com.ar\/?p=3981","title":{"rendered":"Crean \u00abpor Decreto\u00bb el Instituto Nacional de Calidad Educativa"},"content":{"rendered":"<div id=\"s-share-buttons\" class=\"horizontal-w-c-r-border s-share-w-c\"><a href=\"http:\/\/www.facebook.com\/sharer.php?u=https:\/\/adfformosa.com.ar\/?p=3981\" target=\"_blank\" title=\"Share to Facebook\" class=\"s3-facebook hint--top\"><\/a><a href=\"http:\/\/twitter.com\/intent\/tweet?text=Crean \u00abpor Decreto\u00bb el Instituto Nacional de Calidad Educativa&url=https:\/\/adfformosa.com.ar\/?p=3981\" target=\"_blank\"  title=\"Share to Twitter\" class=\"s3-twitter hint--top\"><\/a><a href=\"https:\/\/plus.google.com\/share?url=https:\/\/adfformosa.com.ar\/?p=3981\" target=\"_blank\"  title=\"Share to Google Plus\" class=\"s3-google-plus hint--top\"><\/a><a href=\"http:\/\/www.digg.com\/submit?url=https:\/\/adfformosa.com.ar\/?p=3981\" target=\"_blank\"  title=\"Share to Digg\" class=\"s3-digg hint--top\"><\/a><a href=\"http:\/\/www.tumblr.com\/share\/link?url=https%3A%2F%2Fadfformosa.com.ar%2F%3Fp%3D3981&name=Crean+%C2%ABpor+Decreto%C2%BB+el+Instituto+Nacional+de+Calidad+Educativa\" target=\"_blank\" title=\"Share to Tumblr\" class=\"s3-tumblr hint--top\"><\/a><a href=\"mailto:?Subject=Crean%20\u00abpor%20Decreto\u00bb%20el%20Instituto%20Nacional%20de%20Calidad%20Educativa&Body=Here%20is%20the%20link%20to%20the%20article:%20https:\/\/adfformosa.com.ar\/?p=3981\" title=\"Email this article\" class=\"s3-email hint--top\"><\/a><\/div><p style=\"text-align: justify;\">El Ministro de Educaci\u00f3n de la Naci\u00f3n anunci\u00f3, en el d\u00eda de ayer, la creaci\u00f3n del Instituto Nacional de Calidad Educativa.<\/p>\n<p style=\"text-align: justify;\"><img loading=\"lazy\" decoding=\"async\" class=\"alignleft wp-image-3983 size-medium\" src=\"https:\/\/adfformosa.com.ar\/wp-content\/uploads\/2015\/12\/1e92e29468d367fc231b76a078b7faaa_L-300x93.jpg\" alt=\"\" width=\"300\" height=\"93\" \/><\/p>\n<p style=\"text-align: justify;\">Desde CTERA rechazamos esta y todas las medidas que se tomen por Decreto y que no sean el resultado del trabajo en \u00e1mbitos de di\u00e1logo, debate y discusi\u00f3n con las organizaciones sindicales que representan y defienden a los Trabajadores de la Educaci\u00f3n. Asimismo, volvemos a exigir que se modifique en el Bolet\u00edn oficial la menci\u00f3n a la ya derogada Ley Federal de Educaci\u00f3n en el decreto de creaci\u00f3n de nuevos ministerios.<\/p>\n<p style=\"text-align: justify;\">Desde su misma fundaci\u00f3n, y especialmente en los \u00faltimos a\u00f1os, la CTERA est\u00e1 luchando incansablemente\u00a0 por M\u00c1S Y MEJOR EDUCACI\u00d3N PARA TODOS Y TODAS; por eso, queremos se\u00f1alar:<\/p>\n<p style=\"text-align: justify;\">-Que la mejor educaci\u00f3n para nuestros ni\u00f1os , ni\u00f1as , j\u00f3venes y adultos requiere de inversi\u00f3n educativa y no s\u00f3lo de mecanismos de control como el que expresa este Instituto \u201cdecretado\u201d por el Gobierno macrista. Por esta misma raz\u00f3n, en el corriente a\u00f1o, presentamos en el Congreso de la Naci\u00f3n el proyecto para una Nueva Ley de Financiamiento Educativo, que lleve la inversi\u00f3n del 6 al 10 % del PBI.<\/p>\n<p style=\"text-align: justify;\">-Que la educaci\u00f3n de calidad no se consigue con medidas punitivas, sino con una inversi\u00f3n adecuada, que garantice las mejores condiciones laborales, con salarios dignos y en constante recomposici\u00f3n y\u00a0que priorice y revalorice la educaci\u00f3n p\u00fablica; con infraestructura escolar acorde al crecimiento cuantitativo del sistema en los \u00faltimos a\u00f1os; con materiales did\u00e1cticos, que pongan a la escuela en el lugar central del conocimiento y contribuyan con los procesos de democratizaci\u00f3n y descolonizaci\u00f3n del saber.<\/p>\n<p style=\"text-align: justify;\">-Que hoy es muy preocupante ver c\u00f3mo a trav\u00e9s de estos decretos que el Gobierno firma en los distintos \u00e1mbitos -no s\u00f3lo el educativo- se saltean y niegan las m\u00e1s b\u00e1sicas Instituciones de la Democracia que tanto nos cost\u00f3 conseguir y salvaguardar.<\/p>\n<p style=\"text-align: justify;\">Desde CTERA hemos luchado mucho por el respeto a la institucionalidad democr\u00e1tica y por las herramientas que contribuyen con la defensa de los derechos de los trabajadores como la paritaria. Por eso, no vamos a aceptar que se nos quiera gobernar con decretos.<\/p>\n<p style=\"text-align: justify;\">Como ya hemos dicho en reiteradas ocasiones y lo volvemos a decir frente a este nuevo Gobierno: el mejoramiento de la calidad de la educaci\u00f3n no se resuelve con los sistemas de pruebas estandarizadas internacionales como PISA ni con medidas del tipo del instituto nacional que hoy pretenden imponer.<\/p>\n<p style=\"text-align: justify;\">Desde CTERA reclamamos di\u00e1logos y debates en instancias paritaria, en espacios que garanticen la real participaci\u00f3n de los docentes, que son quienes construyen cada d\u00eda y en cada escuela la educaci\u00f3n argentina. Por esto mismo, sostenemos que los procesos de evaluaci\u00f3n no pueden dise\u00f1arse como un mecanismo de control externo, sino que deben ser pensados como dispositivos de co-evaluaci\u00f3n institucional, permanente, formativa, participativa, procesual, integral y no punitiva.<\/p>\n<p style=\"text-align: justify;\">Cuando nosotros hablamos de una buena educaci\u00f3n y de calidad estamos pensando en una educaci\u00f3n p\u00fablica, popular y democr\u00e1tica, con todos nuestros ni\u00f1os\/as y j\u00f3venes incluidos en las escuelas y en condiciones de igualdad, con condiciones de trabajo dignas para ense\u00f1ar y aprender los conocimientos y saberes que contribuyan con la emancipaci\u00f3n.<\/p>\n<p>&nbsp;<\/p>\n<p>Alejo Demichelis\u00a0\u00a0\u00a0\u00a0\u00a0 \u00a0\u00a0\u00a0\u00a0\u00a0\u00a0\u00a0\u00a0\u00a0\u00a0\u00a0\u00a0\u00a0\u00a0\u00a0\u00a0\u00a0\u00a0Miguel Duhalde\u00a0\u00a0\u00a0\u00a0\u00a0\u00a0\u00a0\u00a0\u00a0\u00a0\u00a0\u00a0\u00a0\u00a0\u00a0\u00a0\u00a0\u00a0\u00a0\u00a0 \u00a0\u00a0\u00a0Sonia Alesso<\/p>\n<p>Secretario de Prensa\u00a0\u00a0\u00a0\u00a0\u00a0\u00a0\u00a0\u00a0\u00a0\u00a0\u00a0\u00a0\u00a0 Secretario de Educaci\u00f3n\u00a0\u00a0\u00a0\u00a0\u00a0\u00a0\u00a0 \u00a0\u00a0\u00a0\u00a0\u00a0Secretaria General<\/p>\n","protected":false},"excerpt":{"rendered":"<p>El Ministro de Educaci\u00f3n de la Naci\u00f3n anunci\u00f3, en el d\u00eda de ayer, la creaci\u00f3n del Instituto Nacional de Calidad Educativa. Desde CTERA rechazamos esta y todas las medidas que&#8230; <span class=\"meta-more\"><a href=\"https:\/\/adfformosa.com.ar\/?p=3981\">Leer mas &raquo;<\/a><\/span><\/p>\n","protected":false},"author":3,"featured_media":3985,"comment_status":"open","ping_status":"closed","sticky":false,"template":"","format":"standard","meta":{"footnotes":""},"categories":[2],"tags":[],"class_list":["post-3981","post","type-post","status-publish","format-standard","has-post-thumbnail","hentry","category-prensa-adf","even alt"],"_links":{"self":[{"href":"https:\/\/adfformosa.com.ar\/index.php?rest_route=\/wp\/v2\/posts\/3981","targetHints":{"allow":["GET"]}}],"collection":[{"href":"https:\/\/adfformosa.com.ar\/index.php?rest_route=\/wp\/v2\/posts"}],"about":[{"href":"https:\/\/adfformosa.com.ar\/index.php?rest_route=\/wp\/v2\/types\/post"}],"author":[{"embeddable":true,"href":"https:\/\/adfformosa.com.ar\/index.php?rest_route=\/wp\/v2\/users\/3"}],"replies":[{"embeddable":true,"href":"https:\/\/adfformosa.com.ar\/index.php?rest_route=%2Fwp%2Fv2%2Fcomments&post=3981"}],"version-history":[{"count":1,"href":"https:\/\/adfformosa.com.ar\/index.php?rest_route=\/wp\/v2\/posts\/3981\/revisions"}],"predecessor-version":[{"id":3984,"href":"https:\/\/adfformosa.com.ar\/index.php?rest_route=\/wp\/v2\/posts\/3981\/revisions\/3984"}],"wp:featuredmedia":[{"embeddable":true,"href":"https:\/\/adfformosa.com.ar\/index.php?rest_route=\/wp\/v2\/media\/3985"}],"wp:attachment":[{"href":"https:\/\/adfformosa.com.ar\/index.php?rest_route=%2Fwp%2Fv2%2Fmedia&parent=3981"}],"wp:term":[{"taxonomy":"category","embeddable":true,"href":"https:\/\/adfformosa.com.ar\/index.php?rest_route=%2Fwp%2Fv2%2Fcategories&post=3981"},{"taxonomy":"post_tag","embeddable":true,"href":"https:\/\/adfformosa.com.ar\/index.php?rest_route=%2Fwp%2Fv2%2Ftags&post=3981"}],"curies":[{"name":"wp","href":"https:\/\/api.w.org\/{rel}","templated":true}]}}