{"id":3967,"date":"2015-12-12T11:51:52","date_gmt":"2015-12-12T14:51:52","guid":{"rendered":"http:\/\/adfformosa.com.ar\/?p=3967"},"modified":"2015-12-12T11:51:52","modified_gmt":"2015-12-12T14:51:52","slug":"ctera-planteo-sus-demandas-al-ministro-de-educacion-de-la-nacion-esteban-bullrich","status":"publish","type":"post","link":"https:\/\/adfformosa.com.ar\/?p=3967","title":{"rendered":"CTERA PLANTE\u00d3 SUS DEMANDAS AL MINISTRO DE EDUCACI\u00d3N DE LA NACI\u00d3N ESTEBAN BULLRICH"},"content":{"rendered":"<div id=\"s-share-buttons\" class=\"horizontal-w-c-r-border s-share-w-c\"><a href=\"http:\/\/www.facebook.com\/sharer.php?u=https:\/\/adfformosa.com.ar\/?p=3967\" target=\"_blank\" title=\"Share to Facebook\" class=\"s3-facebook hint--top\"><\/a><a href=\"http:\/\/twitter.com\/intent\/tweet?text=CTERA PLANTE\u00d3 SUS DEMANDAS AL MINISTRO DE EDUCACI\u00d3N DE LA NACI\u00d3N ESTEBAN BULLRICH&url=https:\/\/adfformosa.com.ar\/?p=3967\" target=\"_blank\"  title=\"Share to Twitter\" class=\"s3-twitter hint--top\"><\/a><a href=\"https:\/\/plus.google.com\/share?url=https:\/\/adfformosa.com.ar\/?p=3967\" target=\"_blank\"  title=\"Share to Google Plus\" class=\"s3-google-plus hint--top\"><\/a><a href=\"http:\/\/www.digg.com\/submit?url=https:\/\/adfformosa.com.ar\/?p=3967\" target=\"_blank\"  title=\"Share to Digg\" class=\"s3-digg hint--top\"><\/a><a href=\"http:\/\/www.tumblr.com\/share\/link?url=https%3A%2F%2Fadfformosa.com.ar%2F%3Fp%3D3967&name=CTERA+PLANTE%C3%93+SUS+DEMANDAS+AL+MINISTRO+DE+EDUCACI%C3%93N+DE+LA+NACI%C3%93N+ESTEBAN+BULLRICH\" target=\"_blank\" title=\"Share to Tumblr\" class=\"s3-tumblr hint--top\"><\/a><a href=\"mailto:?Subject=CTERA%20PLANTE\u00d3%20SUS%20DEMANDAS%20AL%20MINISTRO%20DE%20EDUCACI\u00d3N%20DE%20LA%20NACI\u00d3N%20ESTEBAN%20BULLRICH&Body=Here%20is%20the%20link%20to%20the%20article:%20https:\/\/adfformosa.com.ar\/?p=3967\" title=\"Email this article\" class=\"s3-email hint--top\"><\/a><\/div><div id=\"attachment_3968\" style=\"width: 610px\" class=\"wp-caption aligncenter\"><img loading=\"lazy\" decoding=\"async\" aria-describedby=\"caption-attachment-3968\" class=\"wp-image-3968 size-full\" src=\"https:\/\/adfformosa.com.ar\/wp-content\/uploads\/2015\/12\/DSC_0055-e1449931694524.jpg\" alt=\"\" width=\"600\" height=\"402\" \/><p id=\"caption-attachment-3968\" class=\"wp-caption-text\">CTERA REUNI\u00d3N CON MINISTRO BULLRICH- DICIEMBRE 2015<\/p><\/div>\n<p>En la primera reuni\u00f3n Paritaria convocada por el Ministro de Educaci\u00f3n Esteban Bullrich la CTERA plante\u00f3 sus demandas al nuevo Ministro.<\/p>\n<p>La delegaci\u00f3n paritaria de CTERA encabezada por Sonia Alesso hizo los siguientes planteos:<\/p>\n<p>La preocupaci\u00f3n por las medidas anunciadas por los economistas del gobierno nacional de una devaluaci\u00f3n y el aumento de precios de las \u00faltimas semanas, medida que impactar\u00e1 en el salario de los trabajadores.<\/p>\n<p>CTERA solicit\u00f3 mayores precisiones sobre el tema Impuesto a las Ganancias y su descuento sobre el aguinaldo.<\/p>\n<p>Continuar con la formaci\u00f3n gratuita y en servicio\u00a0 que fue fruto de la discusi\u00f3n de la Paritaria Nacional \u00a0Docente.<\/p>\n<p>La necesidad de una nueva Ley de Financiamiento Educativo que eleve el Presupuesto del 6 al 10 % del PBI.<\/p>\n<p>Para que se hable de educaci\u00f3n de calidad hace falta condiciones dignas de aprendizaje en todas las escuelas del pa\u00eds.<\/p>\n<p>La continuidad de los planes sociales: FINES, Orquestas y Coros Infantiles, Radios Comunitarias.<\/p>\n<p>El Ministro de Educaci\u00f3n tom\u00f3 nota de las demandas y se comprometi\u00f3 a realizar una pr\u00f3xima reuni\u00f3n dentro de 10 d\u00edas.<\/p>\n<p>CTERA espera que en la pr\u00f3xima reuni\u00f3n se pueda avanzar en las demandas planteadas.<\/p>\n<p>&nbsp;<\/p>\n<p>&nbsp;<\/p>\n<p>Alejo Demichelis\u00a0\u00a0\u00a0\u00a0\u00a0\u00a0\u00a0\u00a0\u00a0\u00a0\u00a0\u00a0\u00a0\u00a0\u00a0\u00a0\u00a0\u00a0\u00a0\u00a0\u00a0\u00a0\u00a0\u00a0\u00a0\u00a0\u00a0\u00a0\u00a0\u00a0\u00a0\u00a0\u00a0\u00a0\u00a0 Sonia Alesso<\/p>\n<p>Secretario de Prensa\u00a0\u00a0\u00a0\u00a0\u00a0\u00a0\u00a0\u00a0\u00a0\u00a0\u00a0\u00a0\u00a0\u00a0\u00a0\u00a0\u00a0\u00a0\u00a0\u00a0\u00a0\u00a0\u00a0\u00a0\u00a0\u00a0 Secretaria General<\/p>\n<div id=\"attachment_3969\" style=\"width: 610px\" class=\"wp-caption aligncenter\"><img loading=\"lazy\" decoding=\"async\" aria-describedby=\"caption-attachment-3969\" class=\"wp-image-3969 size-full\" src=\"https:\/\/adfformosa.com.ar\/wp-content\/uploads\/2015\/12\/DSC_0046-e1449931877913.jpg\" alt=\"\" width=\"600\" height=\"402\" \/><p id=\"caption-attachment-3969\" class=\"wp-caption-text\">Branchi Secretario de Acci\u00f3n Social de CTERA- Secretario General de ADF en reuni\u00f3n con Ministro Bullrich- Diciembre 2015<\/p><\/div>\n","protected":false},"excerpt":{"rendered":"<p>En la primera reuni\u00f3n Paritaria convocada por el Ministro de Educaci\u00f3n Esteban Bullrich la CTERA plante\u00f3 sus demandas al nuevo Ministro. La delegaci\u00f3n paritaria de CTERA encabezada por Sonia Alesso&#8230; <span class=\"meta-more\"><a href=\"https:\/\/adfformosa.com.ar\/?p=3967\">Leer mas &raquo;<\/a><\/span><\/p>\n","protected":false},"author":3,"featured_media":3969,"comment_status":"open","ping_status":"closed","sticky":false,"template":"","format":"standard","meta":{"footnotes":""},"categories":[2],"tags":[],"class_list":["post-3967","post","type-post","status-publish","format-standard","has-post-thumbnail","hentry","category-prensa-adf","even alt"],"_links":{"self":[{"href":"https:\/\/adfformosa.com.ar\/index.php?rest_route=\/wp\/v2\/posts\/3967","targetHints":{"allow":["GET"]}}],"collection":[{"href":"https:\/\/adfformosa.com.ar\/index.php?rest_route=\/wp\/v2\/posts"}],"about":[{"href":"https:\/\/adfformosa.com.ar\/index.php?rest_route=\/wp\/v2\/types\/post"}],"author":[{"embeddable":true,"href":"https:\/\/adfformosa.com.ar\/index.php?rest_route=\/wp\/v2\/users\/3"}],"replies":[{"embeddable":true,"href":"https:\/\/adfformosa.com.ar\/index.php?rest_route=%2Fwp%2Fv2%2Fcomments&post=3967"}],"version-history":[{"count":1,"href":"https:\/\/adfformosa.com.ar\/index.php?rest_route=\/wp\/v2\/posts\/3967\/revisions"}],"predecessor-version":[{"id":3970,"href":"https:\/\/adfformosa.com.ar\/index.php?rest_route=\/wp\/v2\/posts\/3967\/revisions\/3970"}],"wp:featuredmedia":[{"embeddable":true,"href":"https:\/\/adfformosa.com.ar\/index.php?rest_route=\/wp\/v2\/media\/3969"}],"wp:attachment":[{"href":"https:\/\/adfformosa.com.ar\/index.php?rest_route=%2Fwp%2Fv2%2Fmedia&parent=3967"}],"wp:term":[{"taxonomy":"category","embeddable":true,"href":"https:\/\/adfformosa.com.ar\/index.php?rest_route=%2Fwp%2Fv2%2Fcategories&post=3967"},{"taxonomy":"post_tag","embeddable":true,"href":"https:\/\/adfformosa.com.ar\/index.php?rest_route=%2Fwp%2Fv2%2Ftags&post=3967"}],"curies":[{"name":"wp","href":"https:\/\/api.w.org\/{rel}","templated":true}]}}