{"id":3963,"date":"2015-12-10T18:09:28","date_gmt":"2015-12-10T21:09:28","guid":{"rendered":"http:\/\/adfformosa.com.ar\/?p=3963"},"modified":"2015-12-10T22:17:35","modified_gmt":"2015-12-11T01:17:35","slug":"ctera-fue-convocada-para-manana-viernes-a-la-primera-reunion-por-paritaria","status":"publish","type":"post","link":"https:\/\/adfformosa.com.ar\/?p=3963","title":{"rendered":"CTERA fue convocada para ma\u00f1ana viernes a la primera reuni\u00f3n por paritaria"},"content":{"rendered":"<div id=\"s-share-buttons\" class=\"horizontal-w-c-r-border s-share-w-c\"><a href=\"http:\/\/www.facebook.com\/sharer.php?u=https:\/\/adfformosa.com.ar\/?p=3963\" target=\"_blank\" title=\"Share to Facebook\" class=\"s3-facebook hint--top\"><\/a><a href=\"http:\/\/twitter.com\/intent\/tweet?text=CTERA fue convocada para ma\u00f1ana viernes a la primera reuni\u00f3n por paritaria&url=https:\/\/adfformosa.com.ar\/?p=3963\" target=\"_blank\"  title=\"Share to Twitter\" class=\"s3-twitter hint--top\"><\/a><a href=\"https:\/\/plus.google.com\/share?url=https:\/\/adfformosa.com.ar\/?p=3963\" target=\"_blank\"  title=\"Share to Google Plus\" class=\"s3-google-plus hint--top\"><\/a><a href=\"http:\/\/www.digg.com\/submit?url=https:\/\/adfformosa.com.ar\/?p=3963\" target=\"_blank\"  title=\"Share to Digg\" class=\"s3-digg hint--top\"><\/a><a href=\"http:\/\/www.tumblr.com\/share\/link?url=https%3A%2F%2Fadfformosa.com.ar%2F%3Fp%3D3963&name=CTERA+fue+convocada+para+ma%C3%B1ana+viernes+a+la+primera+reuni%C3%B3n+por+paritaria\" target=\"_blank\" title=\"Share to Tumblr\" class=\"s3-tumblr hint--top\"><\/a><a href=\"mailto:?Subject=CTERA%20fue%20convocada%20para%20ma\u00f1ana%20viernes%20a%20la%20primera%20reuni\u00f3n%20por%20paritaria&Body=Here%20is%20the%20link%20to%20the%20article:%20https:\/\/adfformosa.com.ar\/?p=3963\" title=\"Email this article\" class=\"s3-email hint--top\"><\/a><\/div><p><img loading=\"lazy\" decoding=\"async\" class=\"aligncenter wp-image-3964 size-full\" src=\"https:\/\/adfformosa.com.ar\/wp-content\/uploads\/2015\/12\/paritarias-2.jpg\" alt=\"\" width=\"360\" height=\"205\" srcset=\"https:\/\/adfformosa.com.ar\/wp-content\/uploads\/2015\/12\/paritarias-2.jpg 360w, https:\/\/adfformosa.com.ar\/wp-content\/uploads\/2015\/12\/paritarias-2-300x171.jpg 300w\" sizes=\"auto, (max-width: 360px) 100vw, 360px\" \/><\/p>\n<p style=\"text-align: justify;\">Buenos Aires, jueves 10 de diciembre de 2015<\/p>\n<p style=\"text-align: justify;\">La CTERA fue convocada\u00a0 ma\u00f1ana viernes 11 de diciembre,a la primera reuni\u00f3n paritaria por el\u00a0 Ministro de Educaci\u00f3n de la Naci\u00f3n Esteban Bullrich.<\/p>\n<p style=\"text-align: justify;\">La delegaci\u00f3n paritaria de CTERA estar\u00e1 encabezada por Sonia Alesso, Secretaria General.<\/p>\n<p style=\"text-align: justify;\">En dicha reuni\u00f3n CTERA plantear\u00e1, como lo viene haciendo todos los a\u00f1os, la necesidad de adelantar la Paritaria Nacional del 2016\u00a0 para abordar las discusiones salariales, las condiciones de trabajo, la formaci\u00f3n docente gratuita y en ejercicio y la nueva Ley de Financiamiento Educativo, entre otros temas.<\/p>\n<p>&nbsp;<\/p>\n<p>&nbsp;<\/p>\n<p>Alejo Demichelis\u00a0\u00a0\u00a0\u00a0\u00a0\u00a0\u00a0\u00a0\u00a0\u00a0\u00a0\u00a0\u00a0\u00a0\u00a0\u00a0\u00a0\u00a0\u00a0\u00a0\u00a0\u00a0\u00a0\u00a0\u00a0\u00a0\u00a0\u00a0\u00a0\u00a0\u00a0\u00a0\u00a0\u00a0\u00a0\u00a0\u00a0\u00a0\u00a0\u00a0\u00a0\u00a0 Sonia Alesso<\/p>\n<p>Secretario de Prensa\u00a0\u00a0\u00a0\u00a0\u00a0\u00a0\u00a0\u00a0\u00a0\u00a0\u00a0\u00a0\u00a0\u00a0\u00a0\u00a0\u00a0\u00a0\u00a0\u00a0\u00a0\u00a0\u00a0\u00a0\u00a0\u00a0\u00a0\u00a0\u00a0\u00a0\u00a0\u00a0\u00a0\u00a0 Secretaria General<\/p>\n","protected":false},"excerpt":{"rendered":"<p>Buenos Aires, jueves 10 de diciembre de 2015 La CTERA fue convocada\u00a0 ma\u00f1ana viernes 11 de diciembre,a la primera reuni\u00f3n paritaria por el\u00a0 Ministro de Educaci\u00f3n de la Naci\u00f3n Esteban&#8230; <span class=\"meta-more\"><a href=\"https:\/\/adfformosa.com.ar\/?p=3963\">Leer mas &raquo;<\/a><\/span><\/p>\n","protected":false},"author":3,"featured_media":3964,"comment_status":"open","ping_status":"closed","sticky":false,"template":"","format":"standard","meta":{"footnotes":""},"categories":[2],"tags":[],"class_list":["post-3963","post","type-post","status-publish","format-standard","has-post-thumbnail","hentry","category-prensa-adf","even alt"],"_links":{"self":[{"href":"https:\/\/adfformosa.com.ar\/index.php?rest_route=\/wp\/v2\/posts\/3963","targetHints":{"allow":["GET"]}}],"collection":[{"href":"https:\/\/adfformosa.com.ar\/index.php?rest_route=\/wp\/v2\/posts"}],"about":[{"href":"https:\/\/adfformosa.com.ar\/index.php?rest_route=\/wp\/v2\/types\/post"}],"author":[{"embeddable":true,"href":"https:\/\/adfformosa.com.ar\/index.php?rest_route=\/wp\/v2\/users\/3"}],"replies":[{"embeddable":true,"href":"https:\/\/adfformosa.com.ar\/index.php?rest_route=%2Fwp%2Fv2%2Fcomments&post=3963"}],"version-history":[{"count":1,"href":"https:\/\/adfformosa.com.ar\/index.php?rest_route=\/wp\/v2\/posts\/3963\/revisions"}],"predecessor-version":[{"id":3965,"href":"https:\/\/adfformosa.com.ar\/index.php?rest_route=\/wp\/v2\/posts\/3963\/revisions\/3965"}],"wp:featuredmedia":[{"embeddable":true,"href":"https:\/\/adfformosa.com.ar\/index.php?rest_route=\/wp\/v2\/media\/3964"}],"wp:attachment":[{"href":"https:\/\/adfformosa.com.ar\/index.php?rest_route=%2Fwp%2Fv2%2Fmedia&parent=3963"}],"wp:term":[{"taxonomy":"category","embeddable":true,"href":"https:\/\/adfformosa.com.ar\/index.php?rest_route=%2Fwp%2Fv2%2Fcategories&post=3963"},{"taxonomy":"post_tag","embeddable":true,"href":"https:\/\/adfformosa.com.ar\/index.php?rest_route=%2Fwp%2Fv2%2Ftags&post=3963"}],"curies":[{"name":"wp","href":"https:\/\/api.w.org\/{rel}","templated":true}]}}