{"id":3919,"date":"2015-10-17T15:49:56","date_gmt":"2015-10-17T18:49:56","guid":{"rendered":"http:\/\/adfformosa.com.ar\/?p=3919"},"modified":"2015-10-23T16:09:20","modified_gmt":"2015-10-23T19:09:20","slug":"adf-fortalece-unidad-interna-a-traves-de-la-formacion-politico-sindical","status":"publish","type":"post","link":"https:\/\/adfformosa.com.ar\/?p=3919","title":{"rendered":"ADF fortalece unidad interna a trav\u00e9s de la formaci\u00f3n pol\u00edtico-sindical"},"content":{"rendered":"<div id=\"s-share-buttons\" class=\"horizontal-w-c-r-border s-share-w-c\"><a href=\"http:\/\/www.facebook.com\/sharer.php?u=https:\/\/adfformosa.com.ar\/?p=3919\" target=\"_blank\" title=\"Share to Facebook\" class=\"s3-facebook hint--top\"><\/a><a href=\"http:\/\/twitter.com\/intent\/tweet?text=ADF fortalece unidad interna a trav\u00e9s de la formaci\u00f3n pol\u00edtico-sindical&url=https:\/\/adfformosa.com.ar\/?p=3919\" target=\"_blank\"  title=\"Share to Twitter\" class=\"s3-twitter hint--top\"><\/a><a href=\"https:\/\/plus.google.com\/share?url=https:\/\/adfformosa.com.ar\/?p=3919\" target=\"_blank\"  title=\"Share to Google Plus\" class=\"s3-google-plus hint--top\"><\/a><a href=\"http:\/\/www.digg.com\/submit?url=https:\/\/adfformosa.com.ar\/?p=3919\" target=\"_blank\"  title=\"Share to Digg\" class=\"s3-digg hint--top\"><\/a><a href=\"http:\/\/www.tumblr.com\/share\/link?url=https%3A%2F%2Fadfformosa.com.ar%2F%3Fp%3D3919&name=ADF+fortalece+unidad+interna+a+trav%C3%A9s+de+la+formaci%C3%B3n+pol%C3%ADtico-sindical\" target=\"_blank\" title=\"Share to Tumblr\" class=\"s3-tumblr hint--top\"><\/a><a href=\"mailto:?Subject=ADF%20fortalece%20unidad%20interna%20a%20trav\u00e9s%20de%20la%20formaci\u00f3n%20pol\u00edtico-sindical&Body=Here%20is%20the%20link%20to%20the%20article:%20https:\/\/adfformosa.com.ar\/?p=3919\" title=\"Email this article\" class=\"s3-email hint--top\"><\/a><\/div><p style=\"text-align: justify;\">El s\u00e1bado 17 de octubre los miembros de la Junta Directiva de la Agremiaci\u00f3n del Docente Formose\u00f1o integrada por el profesor y Diputado provincial, Rub\u00e9n Ch\u00e1vez, Javier P\u00e9rez, Horacia Echeverr\u00eda, Marcela Torales y Edith Arias Maidana estuvieron en la localidad de Comandante Fontana trabajando con los afiliados de las localidades de Ibarreta, Per\u00edn, Villa 213, Estanislao del Campo, El Colorado, Villafa\u00f1e, Comandante Fontana y Las Lomitas.<\/p>\n<div id=\"attachment_3920\" style=\"width: 410px\" class=\"wp-caption aligncenter\"><img loading=\"lazy\" decoding=\"async\" aria-describedby=\"caption-attachment-3920\" class=\"wp-image-3920 size-full\" src=\"https:\/\/adfformosa.com.ar\/wp-content\/uploads\/2015\/10\/DSC_0045-e1445626431902.jpg\" alt=\"\" width=\"400\" height=\"266\" \/><p id=\"caption-attachment-3920\" class=\"wp-caption-text\">ADF en Filial Comandante Fontana<\/p><\/div>\n<p>La propuesta institucional del sindicato, fue realizada con el objetivo de replicar los contenidos adquiridos en las capacitaciones nacionales organizadas por la CTERA en Santa Fe y Buenos Aires a lo largo de este a\u00f1o, a trav\u00e9s de la Secretar\u00eda de Formaci\u00f3n Sindical del gremio nacional.<\/p>\n<p>La Agremiaci\u00f3n cuenta con distintas filiales en el interior provincial y una de ellas se encuentra en la localidad de Comandante Fontana bajo la coordinaci\u00f3n de la Trabajadora Social Ana Mar\u00eda Mart\u00ednez.<\/p>\n<div id=\"attachment_3921\" style=\"width: 410px\" class=\"wp-caption aligncenter\"><img loading=\"lazy\" decoding=\"async\" aria-describedby=\"caption-attachment-3921\" class=\"wp-image-3921 size-full\" src=\"https:\/\/adfformosa.com.ar\/wp-content\/uploads\/2015\/10\/DSC_0058-e1445626526812.jpg\" alt=\"\" width=\"400\" height=\"266\" \/><p id=\"caption-attachment-3921\" class=\"wp-caption-text\">Coordinadora de ADF, Ana Mar\u00eda Mart\u00ednez de Cmdte Fontana<\/p><\/div>\n<p style=\"text-align: justify;\">\n<p>El lugar para el desarrollo de este encuentro fue la Casa de la Solidaridad del lugar, donde se trabajaron distintos ejes que hacen a la comprensi\u00f3n del pensamiento pedag\u00f3gico nacional y latinoamericano.<\/p>\n<p>De esta manera, el gremio trabaja en la vinculaci\u00f3n de cada zona para fortalecer el compromiso sindical y de identidad. Estos espacios de participaci\u00f3n, con los aportes de los trabajadores de la educaci\u00f3n que toman la palabra para construir y fortalecer la unidad interna gremial, de militancia, organizaci\u00f3n, lucha y construcci\u00f3n colectiva se programar\u00e1n para las distintas filiales de la Agremiaci\u00f3n.<\/p>\n<h3 style=\"text-align: justify;\"><span style=\"text-decoration: underline;\">Galer\u00eda de im\u00e1genes<\/span><\/h3>\n<p><a href=\"https:\/\/adfformosa.com.ar\/wp-content\/uploads\/2015\/10\/DSC_0290.jpg\"><img loading=\"lazy\" decoding=\"async\" class=\"alignleft size-medium wp-image-3934\" src=\"https:\/\/adfformosa.com.ar\/wp-content\/uploads\/2015\/10\/DSC_0290-300x199.jpg\" alt=\"DSC_0290\" width=\"300\" height=\"199\" srcset=\"https:\/\/adfformosa.com.ar\/wp-content\/uploads\/2015\/10\/DSC_0290-300x199.jpg 300w, https:\/\/adfformosa.com.ar\/wp-content\/uploads\/2015\/10\/DSC_0290-1024x681.jpg 1024w, https:\/\/adfformosa.com.ar\/wp-content\/uploads\/2015\/10\/DSC_0290-900x598.jpg 900w\" sizes=\"auto, (max-width: 300px) 100vw, 300px\" \/><\/a><\/p>\n<p><a href=\"https:\/\/adfformosa.com.ar\/wp-content\/uploads\/2015\/10\/DSC_0210.jpg\"><img loading=\"lazy\" decoding=\"async\" class=\"alignleft size-medium wp-image-3933\" src=\"https:\/\/adfformosa.com.ar\/wp-content\/uploads\/2015\/10\/DSC_0210-300x199.jpg\" alt=\"DSC_0210\" width=\"300\" height=\"199\" srcset=\"https:\/\/adfformosa.com.ar\/wp-content\/uploads\/2015\/10\/DSC_0210-300x199.jpg 300w, https:\/\/adfformosa.com.ar\/wp-content\/uploads\/2015\/10\/DSC_0210-1024x681.jpg 1024w, https:\/\/adfformosa.com.ar\/wp-content\/uploads\/2015\/10\/DSC_0210-900x598.jpg 900w\" sizes=\"auto, (max-width: 300px) 100vw, 300px\" \/><\/a><\/p>\n<p><a href=\"https:\/\/adfformosa.com.ar\/wp-content\/uploads\/2015\/10\/DSC_0230.jpg\"><img loading=\"lazy\" decoding=\"async\" class=\"alignleft size-medium wp-image-3932\" src=\"https:\/\/adfformosa.com.ar\/wp-content\/uploads\/2015\/10\/DSC_0230-300x199.jpg\" alt=\"DSC_0230\" width=\"300\" height=\"199\" srcset=\"https:\/\/adfformosa.com.ar\/wp-content\/uploads\/2015\/10\/DSC_0230-300x199.jpg 300w, https:\/\/adfformosa.com.ar\/wp-content\/uploads\/2015\/10\/DSC_0230-1024x681.jpg 1024w, https:\/\/adfformosa.com.ar\/wp-content\/uploads\/2015\/10\/DSC_0230-900x598.jpg 900w\" sizes=\"auto, (max-width: 300px) 100vw, 300px\" \/><\/a><\/p>\n<p><a href=\"https:\/\/adfformosa.com.ar\/wp-content\/uploads\/2015\/10\/DSC_0206.jpg\"><img loading=\"lazy\" decoding=\"async\" class=\"alignleft size-medium wp-image-3931\" src=\"https:\/\/adfformosa.com.ar\/wp-content\/uploads\/2015\/10\/DSC_0206-300x199.jpg\" alt=\"DSC_0206\" width=\"300\" height=\"199\" srcset=\"https:\/\/adfformosa.com.ar\/wp-content\/uploads\/2015\/10\/DSC_0206-300x199.jpg 300w, https:\/\/adfformosa.com.ar\/wp-content\/uploads\/2015\/10\/DSC_0206-1024x681.jpg 1024w, https:\/\/adfformosa.com.ar\/wp-content\/uploads\/2015\/10\/DSC_0206-900x598.jpg 900w\" sizes=\"auto, (max-width: 300px) 100vw, 300px\" \/><\/a><\/p>\n<p><a href=\"https:\/\/adfformosa.com.ar\/wp-content\/uploads\/2015\/10\/DSC_0179.jpg\"><img loading=\"lazy\" decoding=\"async\" class=\"alignleft size-medium wp-image-3930\" src=\"https:\/\/adfformosa.com.ar\/wp-content\/uploads\/2015\/10\/DSC_0179-300x199.jpg\" alt=\"DSC_0179\" width=\"300\" height=\"199\" srcset=\"https:\/\/adfformosa.com.ar\/wp-content\/uploads\/2015\/10\/DSC_0179-300x199.jpg 300w, https:\/\/adfformosa.com.ar\/wp-content\/uploads\/2015\/10\/DSC_0179-1024x681.jpg 1024w, https:\/\/adfformosa.com.ar\/wp-content\/uploads\/2015\/10\/DSC_0179-900x598.jpg 900w\" sizes=\"auto, (max-width: 300px) 100vw, 300px\" \/><\/a><\/p>\n<p><a href=\"https:\/\/adfformosa.com.ar\/wp-content\/uploads\/2015\/10\/DSC_0194.jpg\"><img loading=\"lazy\" decoding=\"async\" class=\"alignleft size-medium wp-image-3929\" src=\"https:\/\/adfformosa.com.ar\/wp-content\/uploads\/2015\/10\/DSC_0194-300x199.jpg\" alt=\"DSC_0194\" width=\"300\" height=\"199\" srcset=\"https:\/\/adfformosa.com.ar\/wp-content\/uploads\/2015\/10\/DSC_0194-300x199.jpg 300w, https:\/\/adfformosa.com.ar\/wp-content\/uploads\/2015\/10\/DSC_0194-1024x681.jpg 1024w, https:\/\/adfformosa.com.ar\/wp-content\/uploads\/2015\/10\/DSC_0194-900x598.jpg 900w\" sizes=\"auto, (max-width: 300px) 100vw, 300px\" \/><\/a><\/p>\n<p style=\"text-align: justify;\">\n<p style=\"text-align: justify;\"><a href=\"https:\/\/adfformosa.com.ar\/wp-content\/uploads\/2015\/10\/DSC_0203.jpg\"><img loading=\"lazy\" decoding=\"async\" class=\"alignleft size-medium wp-image-3927\" src=\"https:\/\/adfformosa.com.ar\/wp-content\/uploads\/2015\/10\/DSC_0203-300x199.jpg\" alt=\"DSC_0203\" width=\"300\" height=\"199\" srcset=\"https:\/\/adfformosa.com.ar\/wp-content\/uploads\/2015\/10\/DSC_0203-300x199.jpg 300w, https:\/\/adfformosa.com.ar\/wp-content\/uploads\/2015\/10\/DSC_0203-1024x681.jpg 1024w, https:\/\/adfformosa.com.ar\/wp-content\/uploads\/2015\/10\/DSC_0203-900x598.jpg 900w\" sizes=\"auto, (max-width: 300px) 100vw, 300px\" \/><\/a><\/p>\n<p style=\"text-align: justify;\"><a href=\"https:\/\/adfformosa.com.ar\/wp-content\/uploads\/2015\/10\/DSC_0115.jpg\"><img loading=\"lazy\" decoding=\"async\" class=\"alignleft size-medium wp-image-3926\" src=\"https:\/\/adfformosa.com.ar\/wp-content\/uploads\/2015\/10\/DSC_0115-300x199.jpg\" alt=\"DSC_0115\" width=\"300\" height=\"199\" srcset=\"https:\/\/adfformosa.com.ar\/wp-content\/uploads\/2015\/10\/DSC_0115-300x199.jpg 300w, https:\/\/adfformosa.com.ar\/wp-content\/uploads\/2015\/10\/DSC_0115-1024x681.jpg 1024w, https:\/\/adfformosa.com.ar\/wp-content\/uploads\/2015\/10\/DSC_0115-900x598.jpg 900w\" sizes=\"auto, (max-width: 300px) 100vw, 300px\" \/><\/a><\/p>\n<p style=\"text-align: justify;\"><a href=\"https:\/\/adfformosa.com.ar\/wp-content\/uploads\/2015\/10\/DSC_0239.jpg\"><img loading=\"lazy\" decoding=\"async\" class=\"alignleft size-medium wp-image-3925\" src=\"https:\/\/adfformosa.com.ar\/wp-content\/uploads\/2015\/10\/DSC_0239-300x199.jpg\" alt=\"DSC_0239\" width=\"300\" height=\"199\" srcset=\"https:\/\/adfformosa.com.ar\/wp-content\/uploads\/2015\/10\/DSC_0239-300x199.jpg 300w, https:\/\/adfformosa.com.ar\/wp-content\/uploads\/2015\/10\/DSC_0239-1024x681.jpg 1024w, https:\/\/adfformosa.com.ar\/wp-content\/uploads\/2015\/10\/DSC_0239-900x598.jpg 900w\" sizes=\"auto, (max-width: 300px) 100vw, 300px\" \/><\/a><\/p>\n<p style=\"text-align: justify;\"><a href=\"https:\/\/adfformosa.com.ar\/wp-content\/uploads\/2015\/10\/DSC_0125.jpg\"><img loading=\"lazy\" decoding=\"async\" class=\"alignleft size-medium wp-image-3924\" src=\"https:\/\/adfformosa.com.ar\/wp-content\/uploads\/2015\/10\/DSC_0125-300x199.jpg\" alt=\"DSC_0125\" width=\"300\" height=\"199\" srcset=\"https:\/\/adfformosa.com.ar\/wp-content\/uploads\/2015\/10\/DSC_0125-300x199.jpg 300w, https:\/\/adfformosa.com.ar\/wp-content\/uploads\/2015\/10\/DSC_0125-1024x681.jpg 1024w, https:\/\/adfformosa.com.ar\/wp-content\/uploads\/2015\/10\/DSC_0125-900x598.jpg 900w\" sizes=\"auto, (max-width: 300px) 100vw, 300px\" \/><\/a><\/p>\n<p style=\"text-align: justify;\"><a href=\"https:\/\/adfformosa.com.ar\/wp-content\/uploads\/2015\/10\/DSC_0099.jpg\"><img loading=\"lazy\" decoding=\"async\" class=\"alignleft size-medium wp-image-3923\" src=\"https:\/\/adfformosa.com.ar\/wp-content\/uploads\/2015\/10\/DSC_0099-300x199.jpg\" alt=\"DSC_0099\" width=\"300\" height=\"199\" srcset=\"https:\/\/adfformosa.com.ar\/wp-content\/uploads\/2015\/10\/DSC_0099-300x199.jpg 300w, https:\/\/adfformosa.com.ar\/wp-content\/uploads\/2015\/10\/DSC_0099-1024x681.jpg 1024w, https:\/\/adfformosa.com.ar\/wp-content\/uploads\/2015\/10\/DSC_0099-900x598.jpg 900w\" sizes=\"auto, (max-width: 300px) 100vw, 300px\" \/><\/a><\/p>\n<p style=\"text-align: justify;\"><a href=\"https:\/\/adfformosa.com.ar\/wp-content\/uploads\/2015\/10\/DSC_0111.jpg\"><img loading=\"lazy\" decoding=\"async\" class=\"alignleft size-medium wp-image-3922\" src=\"https:\/\/adfformosa.com.ar\/wp-content\/uploads\/2015\/10\/DSC_0111-300x199.jpg\" alt=\"DSC_0111\" width=\"300\" height=\"199\" srcset=\"https:\/\/adfformosa.com.ar\/wp-content\/uploads\/2015\/10\/DSC_0111-300x199.jpg 300w, https:\/\/adfformosa.com.ar\/wp-content\/uploads\/2015\/10\/DSC_0111-1024x681.jpg 1024w, https:\/\/adfformosa.com.ar\/wp-content\/uploads\/2015\/10\/DSC_0111-900x598.jpg 900w\" sizes=\"auto, (max-width: 300px) 100vw, 300px\" \/><\/a><\/p>\n","protected":false},"excerpt":{"rendered":"<p>El s\u00e1bado 17 de octubre los miembros de la Junta Directiva de la Agremiaci\u00f3n del Docente Formose\u00f1o integrada por el profesor y Diputado provincial, Rub\u00e9n Ch\u00e1vez, Javier P\u00e9rez, Horacia Echeverr\u00eda,&#8230; <span class=\"meta-more\"><a href=\"https:\/\/adfformosa.com.ar\/?p=3919\">Leer mas &raquo;<\/a><\/span><\/p>\n","protected":false},"author":3,"featured_media":3925,"comment_status":"open","ping_status":"closed","sticky":false,"template":"","format":"standard","meta":{"footnotes":""},"categories":[2],"tags":[],"class_list":["post-3919","post","type-post","status-publish","format-standard","has-post-thumbnail","hentry","category-prensa-adf","even alt"],"_links":{"self":[{"href":"https:\/\/adfformosa.com.ar\/index.php?rest_route=\/wp\/v2\/posts\/3919","targetHints":{"allow":["GET"]}}],"collection":[{"href":"https:\/\/adfformosa.com.ar\/index.php?rest_route=\/wp\/v2\/posts"}],"about":[{"href":"https:\/\/adfformosa.com.ar\/index.php?rest_route=\/wp\/v2\/types\/post"}],"author":[{"embeddable":true,"href":"https:\/\/adfformosa.com.ar\/index.php?rest_route=\/wp\/v2\/users\/3"}],"replies":[{"embeddable":true,"href":"https:\/\/adfformosa.com.ar\/index.php?rest_route=%2Fwp%2Fv2%2Fcomments&post=3919"}],"version-history":[{"count":1,"href":"https:\/\/adfformosa.com.ar\/index.php?rest_route=\/wp\/v2\/posts\/3919\/revisions"}],"predecessor-version":[{"id":3935,"href":"https:\/\/adfformosa.com.ar\/index.php?rest_route=\/wp\/v2\/posts\/3919\/revisions\/3935"}],"wp:featuredmedia":[{"embeddable":true,"href":"https:\/\/adfformosa.com.ar\/index.php?rest_route=\/wp\/v2\/media\/3925"}],"wp:attachment":[{"href":"https:\/\/adfformosa.com.ar\/index.php?rest_route=%2Fwp%2Fv2%2Fmedia&parent=3919"}],"wp:term":[{"taxonomy":"category","embeddable":true,"href":"https:\/\/adfformosa.com.ar\/index.php?rest_route=%2Fwp%2Fv2%2Fcategories&post=3919"},{"taxonomy":"post_tag","embeddable":true,"href":"https:\/\/adfformosa.com.ar\/index.php?rest_route=%2Fwp%2Fv2%2Ftags&post=3919"}],"curies":[{"name":"wp","href":"https:\/\/api.w.org\/{rel}","templated":true}]}}