{"id":3892,"date":"2015-10-23T15:13:21","date_gmt":"2015-10-23T18:13:21","guid":{"rendered":"http:\/\/adfformosa.com.ar\/?p=3892"},"modified":"2015-10-23T17:29:10","modified_gmt":"2015-10-23T20:29:10","slug":"vacaciones-para-afiliados-costa-argentina-villa-geselluna-opcion-para-diciembre-y-enero-2016","status":"publish","type":"post","link":"https:\/\/adfformosa.com.ar\/?p=3892","title":{"rendered":"Vacaciones para afiliados : \u00abCosta argentina, Villa Gesell,una opci\u00f3n para diciembre y enero 2016\u00bb"},"content":{"rendered":"<div id=\"s-share-buttons\" class=\"horizontal-w-c-r-border s-share-w-c\"><a href=\"http:\/\/www.facebook.com\/sharer.php?u=https:\/\/adfformosa.com.ar\/?p=3892\" target=\"_blank\" title=\"Share to Facebook\" class=\"s3-facebook hint--top\"><\/a><a href=\"http:\/\/twitter.com\/intent\/tweet?text=Vacaciones para afiliados : \u00abCosta argentina, Villa Gesell,una opci\u00f3n para diciembre y enero 2016\u00bb&url=https:\/\/adfformosa.com.ar\/?p=3892\" target=\"_blank\"  title=\"Share to Twitter\" class=\"s3-twitter hint--top\"><\/a><a href=\"https:\/\/plus.google.com\/share?url=https:\/\/adfformosa.com.ar\/?p=3892\" target=\"_blank\"  title=\"Share to Google Plus\" class=\"s3-google-plus hint--top\"><\/a><a href=\"http:\/\/www.digg.com\/submit?url=https:\/\/adfformosa.com.ar\/?p=3892\" target=\"_blank\"  title=\"Share to Digg\" class=\"s3-digg hint--top\"><\/a><a href=\"http:\/\/www.tumblr.com\/share\/link?url=https%3A%2F%2Fadfformosa.com.ar%2F%3Fp%3D3892&name=Vacaciones+para+afiliados+%3A+%C2%ABCosta+argentina%2C+Villa+Gesell%2Cuna+opci%C3%B3n+para+diciembre+y+enero+2016%C2%BB\" target=\"_blank\" title=\"Share to Tumblr\" class=\"s3-tumblr hint--top\"><\/a><a href=\"mailto:?Subject=Vacaciones%20para%20afiliados%20:%20\u00abCosta%20argentina,%20Villa%20Gesell,una%20opci\u00f3n%20para%20diciembre%20y%20enero%202016\u00bb&Body=Here%20is%20the%20link%20to%20the%20article:%20https:\/\/adfformosa.com.ar\/?p=3892\" title=\"Email this article\" class=\"s3-email hint--top\"><\/a><\/div><p><img loading=\"lazy\" decoding=\"async\" class=\"wp-image-3893  alignleft\" src=\"https:\/\/adfformosa.com.ar\/wp-content\/uploads\/2015\/10\/27363_pic6_46477.jpg\" alt=\"\" width=\"327\" height=\"146\" srcset=\"https:\/\/adfformosa.com.ar\/wp-content\/uploads\/2015\/10\/27363_pic6_46477.jpg 560w, https:\/\/adfformosa.com.ar\/wp-content\/uploads\/2015\/10\/27363_pic6_46477-300x134.jpg 300w\" sizes=\"auto, (max-width: 327px) 100vw, 327px\" \/><\/p>\n<p style=\"text-align: justify;\">El Hotel Villa del Sol est\u00e1 abierto todo el a\u00f1o, se encuentra ubicado en la zona centro de la Villa y a 250 metros del mar sobre la Avenida 3 N\u00ba 1469, entre los Paseos 114 y 115, Avenida principal de Villa Gesell.<\/p>\n<p style=\"text-align: justify;\">A 100 metros podr\u00e1s encontrar la feria artesanal con todo tipo de actividades y creaciones artesanales geselinas. El hotel \u00a0cuenta con amplias y c\u00f3modas habitaciones tres estrellas Superiores con aire acondicionado (fr\u00edo\/calor) y habitaciones est\u00e1ndar.<\/p>\n<p style=\"text-align: justify;\">Dos estrellas con calefacci\u00f3n y ventilador de techo. TV por cable en las habitaciones, amplia sala de estar con TV, contamos con Wi Fi, comedor, desayuno tipo buffet, pileta climatizada exterior, SUM (sal\u00f3n de usos m\u00faltiples), gimnasio, sol\u00e1rium, cafeter\u00eda, un importante parque con terraza.<\/p>\n<p style=\"text-align: center;\"><span style=\"text-decoration: underline;\"><span style=\"color: #ff0000; text-decoration: underline;\">RESERVAS<\/span><\/span><\/p>\n<p><span style=\"text-decoration: underline; color: #ff0000;\">Para reservar el procedimiento es el siguiente: <\/span><\/p>\n<p style=\"text-align: justify;\">1) Se solicita v\u00eda mail o telef\u00f3nicamente indicando el tipo de habitaci\u00f3n y comodidad requerida, d\u00edas de entrada y salida, indicar un n\u00famero de tel\u00e9fono para contacto.<\/p>\n<p style=\"text-align: justify;\">2) El hotel solicita el 50% del total de la estad\u00eda en concepto de reserva efectiva. El 50 % restante se abona al ingreso al hotel sin excepci\u00f3n.<\/p>\n<p style=\"text-align: justify;\">3) En el caso de decidirse deber\u00e1 enviar el comprobante mediante mail con los datos a fin de confirmar la transferencia bancaria.<\/p>\n<p style=\"text-align: justify;\">4) Los valores expresados son de Contado.<\/p>\n<p style=\"text-align: justify;\">5) Los precios son por noche POR PERSONA e incluyen desayuno.<\/p>\n<p style=\"text-align: justify;\">El hotel ofrece servicios de dos y tres estrellas , de acuerdo a esta categor\u00eda las tarifas son las siguientes:<\/p>\n<p style=\"text-align: center;\"><span style=\"text-decoration: underline;\"><span style=\"color: #ff0000; text-decoration: underline;\">CATEGOR\u00cdA TRES ESTRELLAS ***<\/span><\/span><\/p>\n<p style=\"text-align: center;\"><span style=\"text-decoration: underline;\"><span style=\"color: #ff0000; text-decoration: underline;\"> DICIEMBRE 2015<\/span><\/span><\/p>\n<p><span style=\"color: #000000;\">HABITACI\u00d3N DOBLE $ 190.- SUPERIORES: $ 240.<br \/>\n<\/span><span style=\"color: #000000;\"> TRIPLES $ 180.-SUPERIORES: $ 220.-<br \/>\n<\/span><span style=\"color: #000000; line-height: 1.5;\">CU\u00c1DRUPLES $ 170.- SUPERIORES: $ 200.<\/span><\/p>\n<p style=\"text-align: center;\"><span style=\"text-decoration: underline;\"><span style=\"color: #ff0000; text-decoration: underline;\">\u00a0ENERO 2016 <\/span><\/span><\/p>\n<p><span style=\"color: #ff0000;\">***Desde el 01 al 31 de enero de 2016.<\/span><\/p>\n<p><span style=\"color: #000000;\">\u00a0 DOBLE $ 400.- SUPERIORES$ 480.- TRIPLES $ 345.-SUPERIORES $ 405.-\u00a0CU\u00c1DRUPLES\u00a0$ 285.- SUPERIORES$ 325.-<\/span><\/p>\n<p style=\"text-align: center;\"><span style=\"text-decoration: underline;\"><span style=\"color: #ff0000; text-decoration: underline;\">\u00a0FEBRERO 2016 <\/span><\/span><\/p>\n<p><span style=\"color: #ff0000;\">***Desde el 01 al 15 de febrero de 2016.<\/span><\/p>\n<p><span style=\"color: #000000;\">\u00a0DOBLE $ 370.- SUPERIOR $ 440.- TRIPLES $ 320.- SUPERIOR $ 380.- CU\u00c1DRUPLES $ 265.- SUPERIOR $ 305.-<\/span><\/p>\n<p><span style=\"color: #ff0000;\">***Desde el 16 de febrero al 29 de febrero de 2016.<\/span><\/p>\n<p><span style=\"color: #000000;\">DOBLE $ 320.-SUPERIOR $ 390.- TRIPLES $ 260.- SUPERIOR $ 310.-\u00a0CU\u00c1DRUPLES\u00a0$ 215.- SUPERIOR $ 260.-<\/span><\/p>\n<p style=\"text-align: center;\"><span style=\"text-decoration: underline;\"><span style=\"color: #ff0000; text-decoration: underline;\"> MARZO 2016<\/span><\/span><\/p>\n<p><span style=\"color: #000000;\">\u00a0DOBLE $ 270.-SUPERIOR $ 345.- TRIPLES $ 230.- SUPERIOR $ 290.-\u00a0CU\u00c1DRUPLES\u00a0$ 205.- SUPERIOR $ 235.-<\/span><\/p>\n<p><img loading=\"lazy\" decoding=\"async\" class=\"wp-image-3894 size-full aligncenter\" src=\"https:\/\/adfformosa.com.ar\/wp-content\/uploads\/2015\/10\/12003202_867810049934497_4527939328067215666_n-e1445623822114.jpg\" alt=\"\" width=\"600\" height=\"400\" \/><\/p>\n<p style=\"text-align: center;\"><span style=\"text-decoration: underline;\"><span style=\"color: #0000ff; text-decoration: underline;\">CATEGOR\u00cdA DOS ESTRELLAS **<\/span><\/span><\/p>\n<p><span style=\"text-decoration: underline;\"><span style=\"color: #0000ff; text-decoration: underline;\">**DICIEMBRE 2015<\/span><\/span><\/p>\n<p>DOBLE $ 190.- TRIPLES $ 180.- CU\u00c1DRUPLES $ 170.-<\/p>\n<p><span style=\"text-decoration: underline;\"><span style=\"color: #0000ff; text-decoration: underline;\">**ENERO 2016 <\/span><\/span><\/p>\n<p>Desde el 01 al 31 de enero de 2016.<\/p>\n<p>DOBLE $ 390.- TRIPLES $ 340.- CU\u00c1DRUPLES $ 280.-<\/p>\n<p><span style=\"text-decoration: underline;\"><span style=\"color: #0000ff; text-decoration: underline;\">**FEBRERO 2016<\/span><\/span><\/p>\n<p>Desde el 01 al 15 de febrero de 2016.<\/p>\n<p>DOBLE $ 360.- TRIPLES $ 315.- CU\u00c1DRUPLES $ 260.-<\/p>\n<p><span style=\"text-decoration: underline;\"><span style=\"color: #0000ff; text-decoration: underline;\">**FEBRERO 2016 <\/span><\/span><\/p>\n<p>Desde el 16 de febrero al 29 de febrero de 2016.<\/p>\n<p>DOBLE $ 310.- TRIPLES $ 250.- CU\u00c1DRUPLES $ 210.-<\/p>\n<p><span style=\"text-decoration: underline;\"><span style=\"color: #0000ff; text-decoration: underline;\">**MARZO 2016 <\/span><\/span><\/p>\n<p>DOBLE $ 260.- TRIPLES $ 225.- CU\u00c1DRUPLES $ 200.<\/p>\n<p>Cabe destacar que los servicios del hotel, tanto desayuno, pileta, gimnasio, SUM, son de uso para ambos casos.<\/p>\n<p style=\"text-align: justify;\">Media Pensi\u00f3n, a la media carta $ 160. Por persona sin bebida, incluye men\u00fa a la media carta, entrada, plato principal y postre.<\/p>\n<p style=\"text-align: justify;\">No se admite el ingreso con bebidas al sal\u00f3n comedor ni al hotel, que fueran adquiridas fuera del mismo bajo ning\u00fan concepto.<\/p>\n<p style=\"text-align: justify;\">Los precios quedan sujetos a modificaci\u00f3n, excepto que se haya depositado un porcentaje en efectivo como reserva.<\/p>\n<p><span style=\"color: #ff0000;\"><span style=\"text-decoration: underline;\">CONSULTAS Y RESERVAS<\/span>: Tel\u00e9fono\/Fax: 02255 467781\u00a0<\/span><\/p>\n<p><span style=\"color: #ff0000;\"><span style=\"text-decoration: underline;\">CORREO ELECTR\u00d3NICO<\/span>: info@hotelvilladelsol.com.ar <\/span><\/p>\n<p><span style=\"color: #ff0000;\"><span style=\"text-decoration: underline;\">P\u00c1GINA DEL HOTEL<\/span>: www.hotelvilladelsol.com.ar\u00a0<\/span><\/p>\n","protected":false},"excerpt":{"rendered":"<p>El Hotel Villa del Sol est\u00e1 abierto todo el a\u00f1o, se encuentra ubicado en la zona centro de la Villa y a 250 metros del mar sobre la Avenida 3&#8230; <span class=\"meta-more\"><a href=\"https:\/\/adfformosa.com.ar\/?p=3892\">Leer mas &raquo;<\/a><\/span><\/p>\n","protected":false},"author":3,"featured_media":3893,"comment_status":"open","ping_status":"closed","sticky":false,"template":"","format":"standard","meta":{"footnotes":""},"categories":[9,2],"tags":[],"class_list":["post-3892","post","type-post","status-publish","format-standard","has-post-thumbnail","hentry","category-beneficios-para-afiliados","category-prensa-adf","even alt"],"_links":{"self":[{"href":"https:\/\/adfformosa.com.ar\/index.php?rest_route=\/wp\/v2\/posts\/3892","targetHints":{"allow":["GET"]}}],"collection":[{"href":"https:\/\/adfformosa.com.ar\/index.php?rest_route=\/wp\/v2\/posts"}],"about":[{"href":"https:\/\/adfformosa.com.ar\/index.php?rest_route=\/wp\/v2\/types\/post"}],"author":[{"embeddable":true,"href":"https:\/\/adfformosa.com.ar\/index.php?rest_route=\/wp\/v2\/users\/3"}],"replies":[{"embeddable":true,"href":"https:\/\/adfformosa.com.ar\/index.php?rest_route=%2Fwp%2Fv2%2Fcomments&post=3892"}],"version-history":[{"count":5,"href":"https:\/\/adfformosa.com.ar\/index.php?rest_route=\/wp\/v2\/posts\/3892\/revisions"}],"predecessor-version":[{"id":3954,"href":"https:\/\/adfformosa.com.ar\/index.php?rest_route=\/wp\/v2\/posts\/3892\/revisions\/3954"}],"wp:featuredmedia":[{"embeddable":true,"href":"https:\/\/adfformosa.com.ar\/index.php?rest_route=\/wp\/v2\/media\/3893"}],"wp:attachment":[{"href":"https:\/\/adfformosa.com.ar\/index.php?rest_route=%2Fwp%2Fv2%2Fmedia&parent=3892"}],"wp:term":[{"taxonomy":"category","embeddable":true,"href":"https:\/\/adfformosa.com.ar\/index.php?rest_route=%2Fwp%2Fv2%2Fcategories&post=3892"},{"taxonomy":"post_tag","embeddable":true,"href":"https:\/\/adfformosa.com.ar\/index.php?rest_route=%2Fwp%2Fv2%2Ftags&post=3892"}],"curies":[{"name":"wp","href":"https:\/\/api.w.org\/{rel}","templated":true}]}}