{"id":3873,"date":"2015-10-10T08:04:47","date_gmt":"2015-10-10T11:04:47","guid":{"rendered":"http:\/\/adfformosa.com.ar\/?p=3873"},"modified":"2015-10-15T19:07:04","modified_gmt":"2015-10-15T22:07:04","slug":"ctera-en-la-jornada-30-anos-de-investigacion-en-alfabetizacion-inicial","status":"publish","type":"post","link":"https:\/\/adfformosa.com.ar\/?p=3873","title":{"rendered":"CTERA EN LA JORNADA \u201c30 A\u00d1OS DE INVESTIGACI\u00d3N EN ALFABETIZACI\u00d3N INICIAL\u201d"},"content":{"rendered":"<div id=\"s-share-buttons\" class=\"horizontal-w-c-r-border s-share-w-c\"><a href=\"http:\/\/www.facebook.com\/sharer.php?u=https:\/\/adfformosa.com.ar\/?p=3873\" target=\"_blank\" title=\"Share to Facebook\" class=\"s3-facebook hint--top\"><\/a><a href=\"http:\/\/twitter.com\/intent\/tweet?text=CTERA EN LA JORNADA \u201c30 A\u00d1OS DE INVESTIGACI\u00d3N EN ALFABETIZACI\u00d3N INICIAL\u201d&url=https:\/\/adfformosa.com.ar\/?p=3873\" target=\"_blank\"  title=\"Share to Twitter\" class=\"s3-twitter hint--top\"><\/a><a href=\"https:\/\/plus.google.com\/share?url=https:\/\/adfformosa.com.ar\/?p=3873\" target=\"_blank\"  title=\"Share to Google Plus\" class=\"s3-google-plus hint--top\"><\/a><a href=\"http:\/\/www.digg.com\/submit?url=https:\/\/adfformosa.com.ar\/?p=3873\" target=\"_blank\"  title=\"Share to Digg\" class=\"s3-digg hint--top\"><\/a><a href=\"http:\/\/www.tumblr.com\/share\/link?url=https%3A%2F%2Fadfformosa.com.ar%2F%3Fp%3D3873&name=CTERA+EN+LA+JORNADA+%E2%80%9C30+A%C3%91OS+DE+INVESTIGACI%C3%93N+EN+ALFABETIZACI%C3%93N+INICIAL%E2%80%9D\" target=\"_blank\" title=\"Share to Tumblr\" class=\"s3-tumblr hint--top\"><\/a><a href=\"mailto:?Subject=CTERA%20EN%20LA%20JORNADA%20\u201c30%20A\u00d1OS%20DE%20INVESTIGACI\u00d3N%20EN%20ALFABETIZACI\u00d3N%20INICIAL\u201d&Body=Here%20is%20the%20link%20to%20the%20article:%20https:\/\/adfformosa.com.ar\/?p=3873\" title=\"Email this article\" class=\"s3-email hint--top\"><\/a><\/div><p style=\"text-align: justify;\">El d\u00eda 8 de octubre del corriente se llev\u00f3 a cabo la jornada a \u201c30 a\u00f1os de investigaci\u00f3n en alfabetizaci\u00f3n inicial\u201d, organizada por la Secretar\u00eda de Educaci\u00f3n de la CTERA en el marco del proyecto de articulaci\u00f3n con el Instituto de Investigaciones en Ciencias de la Educaci\u00f3n de la Facultad de Filosof\u00eda y Letras de la Universidad de Buenos Aires (IICE-UBA), la cual cont\u00f3 con la presencia de m\u00e1s de cien compa<span class=\"text_exposed_show\">\u00f1eras y compa\u00f1eros interesados en la tem\u00e1tica procedentes de las provincias de Buenos Aires (SUTEBA), Corrientes (SUTECO), Entre R\u00edos (AGMER), La Pampa (UTELPA), Neuqu\u00e9n (ATEN), Santa Fe (AMSAFE), Tucum\u00e1n (APEM) y Ciudad de Buenos Aires (UTE).<\/span><\/p>\n<div class=\"text_exposed_show\">\n<p style=\"text-align: justify;\">El prop\u00f3sito de este espacio es aportar con una direccionalidad pol\u00edtico-pedag\u00f3gica a partir del recorrido y del reconocimiento de investigaciones en did\u00e1ctica de la alfabetizaci\u00f3n, poniendo en debate las pol\u00edticas curriculares provinciales y nacionales de formaci\u00f3n docente, como instancia colectiva y sindical que se interesa por las diversas problem\u00e1ticas de la alfabetizaci\u00f3n.<\/p>\n<p style=\"text-align: justify;\">La jornada se inici\u00f3 con las palabras de apertura a cargo de la Secretaria General Sonia Alesso y continu\u00f3 con la presentaci\u00f3n de la actividad propiamente dicha y del programa de articulaci\u00f3n (IICE-UBA \u2013 CTERA) a cargo del Secretario de Educaci\u00f3n Miguel Duhalde y de la docente e investigadora de la UBA Myriam Feldfeber.<\/p>\n<p>Luego, se desarroll\u00f3 el panel inicial, compuesto por Delia Lerner (IICE-UBA), Mirta Castedo (CONICET-UNLP) y Mirta Torres (UTE-CTERA), contando con la coordinaci\u00f3n de Sonia Laborde (UTE-CTERA). Posteriormente se despleg\u00f3 el trabajo en comisiones a los efectos de promover el intercambio, el debate y la generaci\u00f3n de propuestas para la construcci\u00f3n de pol\u00edticas p\u00fablicas que contribuyan a garantizar el derecho social a la educaci\u00f3n, particularmente en los ejes de la alfabetizaci\u00f3n inicial. Al cierre del mismo se compartieron las conclusiones de las comisiones y Miguel Duhalde enfatiz\u00f3 la importancia de tomar el Programa Nacional de Formaci\u00f3n Docente en Ejercicio como una herramienta de lucha tal como nos ense\u00f1\u00f3 Stella Maldonado, y en ese marco lograr que el trabajo de ense\u00f1ar a leer y escribir no sea una mera t\u00e9cnica sino parte del camino hacia la emancipaci\u00f3n.<\/p>\n<p>PRENSA CTERA<\/p>\n<p><img loading=\"lazy\" decoding=\"async\" class=\"wp-image-3874 size-full aligncenter\" src=\"https:\/\/adfformosa.com.ar\/wp-content\/uploads\/2015\/10\/11249165_1654540748121192_4419313701033752916_n.jpg\" alt=\"\" width=\"716\" height=\"403\" srcset=\"https:\/\/adfformosa.com.ar\/wp-content\/uploads\/2015\/10\/11249165_1654540748121192_4419313701033752916_n.jpg 716w, https:\/\/adfformosa.com.ar\/wp-content\/uploads\/2015\/10\/11249165_1654540748121192_4419313701033752916_n-300x169.jpg 300w\" sizes=\"auto, (max-width: 716px) 100vw, 716px\" \/><\/p>\n<\/div>\n","protected":false},"excerpt":{"rendered":"<p>El d\u00eda 8 de octubre del corriente se llev\u00f3 a cabo la jornada a \u201c30 a\u00f1os de investigaci\u00f3n en alfabetizaci\u00f3n inicial\u201d, organizada por la Secretar\u00eda de Educaci\u00f3n de la CTERA&#8230; <span class=\"meta-more\"><a href=\"https:\/\/adfformosa.com.ar\/?p=3873\">Leer mas &raquo;<\/a><\/span><\/p>\n","protected":false},"author":3,"featured_media":3874,"comment_status":"open","ping_status":"closed","sticky":false,"template":"","format":"standard","meta":{"footnotes":""},"categories":[2],"tags":[],"class_list":["post-3873","post","type-post","status-publish","format-standard","has-post-thumbnail","hentry","category-prensa-adf","even alt"],"_links":{"self":[{"href":"https:\/\/adfformosa.com.ar\/index.php?rest_route=\/wp\/v2\/posts\/3873","targetHints":{"allow":["GET"]}}],"collection":[{"href":"https:\/\/adfformosa.com.ar\/index.php?rest_route=\/wp\/v2\/posts"}],"about":[{"href":"https:\/\/adfformosa.com.ar\/index.php?rest_route=\/wp\/v2\/types\/post"}],"author":[{"embeddable":true,"href":"https:\/\/adfformosa.com.ar\/index.php?rest_route=\/wp\/v2\/users\/3"}],"replies":[{"embeddable":true,"href":"https:\/\/adfformosa.com.ar\/index.php?rest_route=%2Fwp%2Fv2%2Fcomments&post=3873"}],"version-history":[{"count":1,"href":"https:\/\/adfformosa.com.ar\/index.php?rest_route=\/wp\/v2\/posts\/3873\/revisions"}],"predecessor-version":[{"id":3875,"href":"https:\/\/adfformosa.com.ar\/index.php?rest_route=\/wp\/v2\/posts\/3873\/revisions\/3875"}],"wp:featuredmedia":[{"embeddable":true,"href":"https:\/\/adfformosa.com.ar\/index.php?rest_route=\/wp\/v2\/media\/3874"}],"wp:attachment":[{"href":"https:\/\/adfformosa.com.ar\/index.php?rest_route=%2Fwp%2Fv2%2Fmedia&parent=3873"}],"wp:term":[{"taxonomy":"category","embeddable":true,"href":"https:\/\/adfformosa.com.ar\/index.php?rest_route=%2Fwp%2Fv2%2Fcategories&post=3873"},{"taxonomy":"post_tag","embeddable":true,"href":"https:\/\/adfformosa.com.ar\/index.php?rest_route=%2Fwp%2Fv2%2Ftags&post=3873"}],"curies":[{"name":"wp","href":"https:\/\/api.w.org\/{rel}","templated":true}]}}