{"id":3870,"date":"2015-10-09T08:00:55","date_gmt":"2015-10-09T11:00:55","guid":{"rendered":"http:\/\/adfformosa.com.ar\/?p=3870"},"modified":"2015-10-15T19:04:29","modified_gmt":"2015-10-15T22:04:29","slug":"ctera-en-el-encuetro-de-diversidad-sexual-y-derechos-lgtb-organizado-por-el-cnte-de-brasil-y-la-ieal-int-de-la-educacion-para-america-latina","status":"publish","type":"post","link":"https:\/\/adfformosa.com.ar\/?p=3870","title":{"rendered":"CTERA EN EL ENCUETRO DE DIVERSIDAD SEXUAL Y DERECHOS LGTB ORGANIZADO POR EL CNTE DE BRASIL Y LA IEAL -INT. DE LA EDUCACI\u00d3N PARA AM\u00c9RICA LATINA\u00bb"},"content":{"rendered":"<div id=\"s-share-buttons\" class=\"horizontal-w-c-r-border s-share-w-c\"><a href=\"http:\/\/www.facebook.com\/sharer.php?u=https:\/\/adfformosa.com.ar\/?p=3870\" target=\"_blank\" title=\"Share to Facebook\" class=\"s3-facebook hint--top\"><\/a><a href=\"http:\/\/twitter.com\/intent\/tweet?text=CTERA EN EL ENCUETRO DE DIVERSIDAD SEXUAL Y DERECHOS LGTB ORGANIZADO POR EL CNTE DE BRASIL Y LA IEAL -INT. DE LA EDUCACI\u00d3N PARA AM\u00c9RICA LATINA\u00bb&url=https:\/\/adfformosa.com.ar\/?p=3870\" target=\"_blank\"  title=\"Share to Twitter\" class=\"s3-twitter hint--top\"><\/a><a href=\"https:\/\/plus.google.com\/share?url=https:\/\/adfformosa.com.ar\/?p=3870\" target=\"_blank\"  title=\"Share to Google Plus\" class=\"s3-google-plus hint--top\"><\/a><a href=\"http:\/\/www.digg.com\/submit?url=https:\/\/adfformosa.com.ar\/?p=3870\" target=\"_blank\"  title=\"Share to Digg\" class=\"s3-digg hint--top\"><\/a><a href=\"http:\/\/www.tumblr.com\/share\/link?url=https%3A%2F%2Fadfformosa.com.ar%2F%3Fp%3D3870&name=CTERA+EN+EL+ENCUETRO+DE+DIVERSIDAD+SEXUAL+Y+DERECHOS+LGTB+ORGANIZADO+POR+EL+CNTE+DE+BRASIL+Y+LA+IEAL+-INT.+DE+LA+EDUCACI%C3%93N+PARA+AM%C3%89RICA+LATINA%C2%BB\" target=\"_blank\" title=\"Share to Tumblr\" class=\"s3-tumblr hint--top\"><\/a><a href=\"mailto:?Subject=CTERA%20EN%20EL%20ENCUETRO%20DE%20DIVERSIDAD%20SEXUAL%20Y%20DERECHOS%20LGTB%20ORGANIZADO%20POR%20EL%20CNTE%20DE%20BRASIL%20Y%20LA%20IEAL%20-INT.%20DE%20LA%20EDUCACI\u00d3N%20PARA%20AM\u00c9RICA%20LATINA\u00bb&Body=Here%20is%20the%20link%20to%20the%20article:%20https:\/\/adfformosa.com.ar\/?p=3870\" title=\"Email this article\" class=\"s3-email hint--top\"><\/a><\/div><p>En Victoria, Provincia de Esp\u00edritu Santo, Brasil, se desarroll\u00f3 el \u00abEncuentro de Diversidad Sexual y Derechos LGBT\u00bb organizado por la Internacional de la Educaci\u00f3n.<br \/>\nEn representaci\u00f3n de Ctera, Emiliano Samar, describi\u00f3 en su exposici\u00f3n el avance legislativo en materia de Diversidad Sexual, describiendo las distintas leyes que han amp<span class=\"text_exposed_show\">liado derechos en la Argentina y narrando los contextos en que las mismas fueron pensadas, debatidas y aprobadas. Emiliano Samar expuso adem\u00e1s los conceptos de \u00abTerritorio de la cultura hegem\u00f3nica\u00bb y \u00abTerritorio de la contracultura\u00bb poniendo la mirada en la yuxtaposici\u00f3n de ambos territorios y las situaciones que de ella se desprenden: tensiones, conflictos, posibilidades, revisiones, nuevas miradas y nuevos discursos.<br \/>\nSe puso en valor los avances de Argentina en materia legislativa y las acciones descriptas que desde la Ctera y sus sindicatos de base se vienen desplegando para subsanar la distancia entre las leyes y las situaciones reales y cotidianas transitadas en las escuelas, sus caracter\u00edsticas y sus contextos. Se hizo hincapi\u00e9 en la Ley de Identidad de G\u00e9nero de la Argentina y la situaci\u00f3n de docentes y estudiantes del Colectivo Trans y la presencia de nuestra confederaci\u00f3n en el acompa\u00f1amiento de cada situaci\u00f3n.<br \/>\nLos ejes tem\u00e1ticos abordados en el encuentro fueron:<br \/>\n&#8211; Acciones y avances en materia de Diversidad Sexual en los sindicatos.<br \/>\n&#8211; Desaf\u00edos de los sindicatos en su abordaje de la tem\u00e1tica LGBT.<br \/>\n&#8211; Comunidad Trans.<br \/>\n&#8211; Derechos Humanos y Colectivo LGBT.<br \/>\n&#8211; La religi\u00f3n como hecho cultural y su relaci\u00f3n con la educaci\u00f3n y la Diversidad Sexual.<br \/>\n&#8211; Pedagog\u00eda de g\u00e9nero, Pedagog\u00eda de la Diversidad Sexual.<br \/>\nDel di\u00e1logo con los sindicatos de Am\u00e9rica Latina y Caribe surgieron tanto desaf\u00edos como conclusiones:<br \/>\n&#8211; Lograr continuidad y profundizaci\u00f3n de las acciones en y desde los sindicatos superando los actos aislados y epis\u00f3dicos.<br \/>\n&#8211; Crear espacios concretos en los sindicatos destinados a la tem\u00e1tica LGBT.<br \/>\n&#8211; Sistematizar circuitos de di\u00e1logo y sensibilizaci\u00f3n en la tem\u00e1tica.<br \/>\n&#8211; Generar materiales e instancias de conceptualizaci\u00f3n.<br \/>\n&#8211; Articular con instituciones educativas, abriendo la posibilidad de dialogar con el mundo acad\u00e9mico mediante los Institutos de Educaci\u00f3n Superior y las Universidades.<br \/>\nDurante las distintas jornadas e instancias se cont\u00f3 con la Coordinaci\u00f3n de las autoridades de la Internacional de la Educaci\u00f3n y la presencia de destacados referentes de los Derechos Humanos como as\u00ed tambi\u00e9n de la lucha gremial y representantes de colectivos de Diversidad Sexual.<\/span><\/p>\n<div class=\"text_exposed_show\">\n<p>PRENSA CTERA<\/p>\n<p><img loading=\"lazy\" decoding=\"async\" class=\"wp-image-3871 size-full aligncenter\" src=\"https:\/\/adfformosa.com.ar\/wp-content\/uploads\/2015\/10\/12108075_1654541681454432_3941082610230906452_n.jpg\" alt=\"\" width=\"700\" height=\"346\" srcset=\"https:\/\/adfformosa.com.ar\/wp-content\/uploads\/2015\/10\/12108075_1654541681454432_3941082610230906452_n.jpg 700w, https:\/\/adfformosa.com.ar\/wp-content\/uploads\/2015\/10\/12108075_1654541681454432_3941082610230906452_n-300x148.jpg 300w\" sizes=\"auto, (max-width: 700px) 100vw, 700px\" \/><\/p>\n<\/div>\n","protected":false},"excerpt":{"rendered":"<p>En Victoria, Provincia de Esp\u00edritu Santo, Brasil, se desarroll\u00f3 el \u00abEncuentro de Diversidad Sexual y Derechos LGBT\u00bb organizado por la Internacional de la Educaci\u00f3n. En representaci\u00f3n de Ctera, Emiliano Samar,&#8230; <span class=\"meta-more\"><a href=\"https:\/\/adfformosa.com.ar\/?p=3870\">Leer mas &raquo;<\/a><\/span><\/p>\n","protected":false},"author":3,"featured_media":3871,"comment_status":"open","ping_status":"closed","sticky":false,"template":"","format":"standard","meta":{"footnotes":""},"categories":[2],"tags":[],"class_list":["post-3870","post","type-post","status-publish","format-standard","has-post-thumbnail","hentry","category-prensa-adf","even alt"],"_links":{"self":[{"href":"https:\/\/adfformosa.com.ar\/index.php?rest_route=\/wp\/v2\/posts\/3870","targetHints":{"allow":["GET"]}}],"collection":[{"href":"https:\/\/adfformosa.com.ar\/index.php?rest_route=\/wp\/v2\/posts"}],"about":[{"href":"https:\/\/adfformosa.com.ar\/index.php?rest_route=\/wp\/v2\/types\/post"}],"author":[{"embeddable":true,"href":"https:\/\/adfformosa.com.ar\/index.php?rest_route=\/wp\/v2\/users\/3"}],"replies":[{"embeddable":true,"href":"https:\/\/adfformosa.com.ar\/index.php?rest_route=%2Fwp%2Fv2%2Fcomments&post=3870"}],"version-history":[{"count":1,"href":"https:\/\/adfformosa.com.ar\/index.php?rest_route=\/wp\/v2\/posts\/3870\/revisions"}],"predecessor-version":[{"id":3872,"href":"https:\/\/adfformosa.com.ar\/index.php?rest_route=\/wp\/v2\/posts\/3870\/revisions\/3872"}],"wp:featuredmedia":[{"embeddable":true,"href":"https:\/\/adfformosa.com.ar\/index.php?rest_route=\/wp\/v2\/media\/3871"}],"wp:attachment":[{"href":"https:\/\/adfformosa.com.ar\/index.php?rest_route=%2Fwp%2Fv2%2Fmedia&parent=3870"}],"wp:term":[{"taxonomy":"category","embeddable":true,"href":"https:\/\/adfformosa.com.ar\/index.php?rest_route=%2Fwp%2Fv2%2Fcategories&post=3870"},{"taxonomy":"post_tag","embeddable":true,"href":"https:\/\/adfformosa.com.ar\/index.php?rest_route=%2Fwp%2Fv2%2Ftags&post=3870"}],"curies":[{"name":"wp","href":"https:\/\/api.w.org\/{rel}","templated":true}]}}