{"id":3867,"date":"2015-10-13T07:55:28","date_gmt":"2015-10-13T10:55:28","guid":{"rendered":"http:\/\/adfformosa.com.ar\/?p=3867"},"modified":"2015-10-15T19:00:37","modified_gmt":"2015-10-15T22:00:37","slug":"a-un-ano-de-su-partida-stella-maldonado-presente-ahora-y-siempre","status":"publish","type":"post","link":"https:\/\/adfformosa.com.ar\/?p=3867","title":{"rendered":"A un a\u00f1o de su partida , Stella Maldonado \u00a1PRESENTE! \u00a1Ahora, y siempre!"},"content":{"rendered":"<div id=\"s-share-buttons\" class=\"horizontal-w-c-r-border s-share-w-c\"><a href=\"http:\/\/www.facebook.com\/sharer.php?u=https:\/\/adfformosa.com.ar\/?p=3867\" target=\"_blank\" title=\"Share to Facebook\" class=\"s3-facebook hint--top\"><\/a><a href=\"http:\/\/twitter.com\/intent\/tweet?text=A un a\u00f1o de su partida , Stella Maldonado \u00a1PRESENTE! \u00a1Ahora, y siempre!&url=https:\/\/adfformosa.com.ar\/?p=3867\" target=\"_blank\"  title=\"Share to Twitter\" class=\"s3-twitter hint--top\"><\/a><a href=\"https:\/\/plus.google.com\/share?url=https:\/\/adfformosa.com.ar\/?p=3867\" target=\"_blank\"  title=\"Share to Google Plus\" class=\"s3-google-plus hint--top\"><\/a><a href=\"http:\/\/www.digg.com\/submit?url=https:\/\/adfformosa.com.ar\/?p=3867\" target=\"_blank\"  title=\"Share to Digg\" class=\"s3-digg hint--top\"><\/a><a href=\"http:\/\/www.tumblr.com\/share\/link?url=https%3A%2F%2Fadfformosa.com.ar%2F%3Fp%3D3867&name=A+un+a%C3%B1o+de+su+partida+%2C+Stella+Maldonado+%C2%A1PRESENTE%21+%C2%A1Ahora%2C+y+siempre%21\" target=\"_blank\" title=\"Share to Tumblr\" class=\"s3-tumblr hint--top\"><\/a><a href=\"mailto:?Subject=A%20un%20a\u00f1o%20de%20su%20partida%20,%20Stella%20Maldonado%20\u00a1PRESENTE!%20\u00a1Ahora,%20y%20siempre!&Body=Here%20is%20the%20link%20to%20the%20article:%20https:\/\/adfformosa.com.ar\/?p=3867\" title=\"Email this article\" class=\"s3-email hint--top\"><\/a><\/div><p>Stella Maldonado, Secretaria General de la CTERA falleci\u00f3 el 13 de octubre de 2015, a un a\u00f1o de su partida la CTERA la recuerda con esta nota publicada en el diario P\u00e1gina 12 del d\u00eda 18 octubre de 2014. La misma fue realizada por Sonia Alesso.<\/p>\n<p style=\"text-align: center;\">STELLA MALDONADO: \u00abOBSTINADAMENTE MAESTRA\u00bb<\/p>\n<p style=\"text-align: justify;\">\nPor \u00a0SONIA ALESSO<br \/>\nLos maestros de todo el pa\u00eds despedimos a Stella Maldonado con profundo dolor. Fue una dirigente hist\u00f3rica de Ctera, una docente l\u00facida, honesta y comprometida no s\u00f3lo con los derechos de los trabajadores de la educaci\u00f3n, sino tambi\u00e9n con las<span class=\"text_exposed_show\">luchas de nuestro pueblo.<\/p>\n<p>Los maestros y profesores del pa\u00eds vamos a llevar a Stella en nuestros corazones, en nuestro andar diario por las escuelas y en el sindicato.<\/p>\n<p>La pensamos y sentimos en cada ni\u00f1o que va sonriendo a la escuela, en cada maestro que sue\u00f1a horizontes m\u00e1s dignos.<\/p>\n<p>En cada joven rebelde que lucha contra las injusticias.<\/p>\n<p>En cada militante que pelea por la justicia social en cualquier rinc\u00f3n de nuestra patria.<\/p>\n<p>En cada acto, cada plaza, cada marcha, a lo largo de este extenso pa\u00eds que recorri\u00f3 con amor y humildad.<\/p>\n<p>En los juicios a los genocidas, en los nietos recuperados, en las luchas de las Madres, las Abuelas y los HIJOS.<\/p>\n<p>En las luchas que dimos y que seguimos dando por justicia completa por Carlos Fuentealba.<\/p>\n<p>En alg\u00fan libro, que nos recomend\u00f3 en los congresos, seminarios y charlas.<\/p>\n<p>En la creaci\u00f3n del Movimiento Pedag\u00f3gico Latinoamericano y en la consolidaci\u00f3n de la Patria Grande.<\/p>\n<p>En una canci\u00f3n del Indio, un museo o una pel\u00edcula.<\/p>\n<p>En su profundo amor a la Escuela, con may\u00fascula, y en la obstinada convicci\u00f3n de todo lo que los maestros podemos hacer para cambiarla.<\/p>\n<p>Stella ser\u00e1 siempre un s\u00edmbolo de la potencia transformadora de la Escuela P\u00fablica y de la pasi\u00f3n por ense\u00f1ar.<\/p>\n<p>Stella, compa\u00f1era, amiga, maestra&#8230; \u00a1\u00a1\u00a1hasta siempre!!!<\/span><\/p>\n<p style=\"text-align: justify;\"><img loading=\"lazy\" decoding=\"async\" class=\"wp-image-3868 size-full aligncenter\" src=\"https:\/\/adfformosa.com.ar\/wp-content\/uploads\/2015\/10\/12075029_1655612831347317_5681380084069534145_n.jpg\" alt=\"\" width=\"620\" height=\"464\" srcset=\"https:\/\/adfformosa.com.ar\/wp-content\/uploads\/2015\/10\/12075029_1655612831347317_5681380084069534145_n.jpg 620w, https:\/\/adfformosa.com.ar\/wp-content\/uploads\/2015\/10\/12075029_1655612831347317_5681380084069534145_n-300x225.jpg 300w\" sizes=\"auto, (max-width: 620px) 100vw, 620px\" \/><\/p>\n","protected":false},"excerpt":{"rendered":"<p>Stella Maldonado, Secretaria General de la CTERA falleci\u00f3 el 13 de octubre de 2015, a un a\u00f1o de su partida la CTERA la recuerda con esta nota publicada en el&#8230; <span class=\"meta-more\"><a href=\"https:\/\/adfformosa.com.ar\/?p=3867\">Leer mas &raquo;<\/a><\/span><\/p>\n","protected":false},"author":3,"featured_media":3868,"comment_status":"open","ping_status":"closed","sticky":false,"template":"","format":"standard","meta":{"footnotes":""},"categories":[2],"tags":[],"class_list":["post-3867","post","type-post","status-publish","format-standard","has-post-thumbnail","hentry","category-prensa-adf","even alt"],"_links":{"self":[{"href":"https:\/\/adfformosa.com.ar\/index.php?rest_route=\/wp\/v2\/posts\/3867","targetHints":{"allow":["GET"]}}],"collection":[{"href":"https:\/\/adfformosa.com.ar\/index.php?rest_route=\/wp\/v2\/posts"}],"about":[{"href":"https:\/\/adfformosa.com.ar\/index.php?rest_route=\/wp\/v2\/types\/post"}],"author":[{"embeddable":true,"href":"https:\/\/adfformosa.com.ar\/index.php?rest_route=\/wp\/v2\/users\/3"}],"replies":[{"embeddable":true,"href":"https:\/\/adfformosa.com.ar\/index.php?rest_route=%2Fwp%2Fv2%2Fcomments&post=3867"}],"version-history":[{"count":1,"href":"https:\/\/adfformosa.com.ar\/index.php?rest_route=\/wp\/v2\/posts\/3867\/revisions"}],"predecessor-version":[{"id":3869,"href":"https:\/\/adfformosa.com.ar\/index.php?rest_route=\/wp\/v2\/posts\/3867\/revisions\/3869"}],"wp:featuredmedia":[{"embeddable":true,"href":"https:\/\/adfformosa.com.ar\/index.php?rest_route=\/wp\/v2\/media\/3868"}],"wp:attachment":[{"href":"https:\/\/adfformosa.com.ar\/index.php?rest_route=%2Fwp%2Fv2%2Fmedia&parent=3867"}],"wp:term":[{"taxonomy":"category","embeddable":true,"href":"https:\/\/adfformosa.com.ar\/index.php?rest_route=%2Fwp%2Fv2%2Fcategories&post=3867"},{"taxonomy":"post_tag","embeddable":true,"href":"https:\/\/adfformosa.com.ar\/index.php?rest_route=%2Fwp%2Fv2%2Ftags&post=3867"}],"curies":[{"name":"wp","href":"https:\/\/api.w.org\/{rel}","templated":true}]}}