{"id":3863,"date":"2015-10-15T18:54:09","date_gmt":"2015-10-15T21:54:09","guid":{"rendered":"http:\/\/adfformosa.com.ar\/?p=3863"},"modified":"2015-10-15T19:56:10","modified_gmt":"2015-10-15T22:56:10","slug":"sede-de-aten-en-san-martin-de-los-andes-recibira-el-nombre-de-stella-maldonado-carlos-fuentealba","status":"publish","type":"post","link":"https:\/\/adfformosa.com.ar\/?p=3863","title":{"rendered":"Sede de ATEN en San Mart\u00edn de los Andes recibir\u00e1 el nombre de \u00abSTELLA MALDONADO-CARLOS FUENTEALBA\u00bb"},"content":{"rendered":"<div id=\"s-share-buttons\" class=\"horizontal-w-c-r-border s-share-w-c\"><a href=\"http:\/\/www.facebook.com\/sharer.php?u=https:\/\/adfformosa.com.ar\/?p=3863\" target=\"_blank\" title=\"Share to Facebook\" class=\"s3-facebook hint--top\"><\/a><a href=\"http:\/\/twitter.com\/intent\/tweet?text=Sede de ATEN en San Mart\u00edn de los Andes recibir\u00e1 el nombre de \u00abSTELLA MALDONADO-CARLOS FUENTEALBA\u00bb&url=https:\/\/adfformosa.com.ar\/?p=3863\" target=\"_blank\"  title=\"Share to Twitter\" class=\"s3-twitter hint--top\"><\/a><a href=\"https:\/\/plus.google.com\/share?url=https:\/\/adfformosa.com.ar\/?p=3863\" target=\"_blank\"  title=\"Share to Google Plus\" class=\"s3-google-plus hint--top\"><\/a><a href=\"http:\/\/www.digg.com\/submit?url=https:\/\/adfformosa.com.ar\/?p=3863\" target=\"_blank\"  title=\"Share to Digg\" class=\"s3-digg hint--top\"><\/a><a href=\"http:\/\/www.tumblr.com\/share\/link?url=https%3A%2F%2Fadfformosa.com.ar%2F%3Fp%3D3863&name=Sede+de+ATEN+en+San+Mart%C3%ADn+de+los+Andes+recibir%C3%A1+el+nombre+de+%C2%ABSTELLA+MALDONADO-CARLOS+FUENTEALBA%C2%BB\" target=\"_blank\" title=\"Share to Tumblr\" class=\"s3-tumblr hint--top\"><\/a><a href=\"mailto:?Subject=Sede%20de%20ATEN%20en%20San%20Mart\u00edn%20de%20los%20Andes%20recibir\u00e1%20el%20nombre%20de%20\u00abSTELLA%20MALDONADO-CARLOS%20FUENTEALBA\u00bb&Body=Here%20is%20the%20link%20to%20the%20article:%20https:\/\/adfformosa.com.ar\/?p=3863\" title=\"Email this article\" class=\"s3-email hint--top\"><\/a><\/div><h4 style=\"text-align: justify;\"><img loading=\"lazy\" decoding=\"async\" class=\"aligncenter wp-image-3864 size-full\" src=\"https:\/\/adfformosa.com.ar\/wp-content\/uploads\/2015\/10\/12106927_1655639461344654_3593492040686500364_n-e1444948726693.jpg\" alt=\"\" width=\"600\" height=\"450\" \/><\/h4>\n<h4 style=\"text-align: justify;\">La sede del gremio ser\u00e1 inaugurada este s\u00e1bado 17 de octubre<\/h4>\n<p style=\"text-align: justify;\"><span style=\"text-decoration: underline;\">Motivo del mural<\/span><\/p>\n<p style=\"text-align: justify;\">La jugada comienza con un r\u00e1pido saque de la siempre l\u00facida STELLA MALDONADO, que apura la pelota desde la l\u00ednea, gran lectora del juego, gran estratega. Saca STELLA para ISAURO, ISAURO la para de pechito, ARANCIBIA, con la grandeza de siempre, la duerme con todo el coraz\u00f3n y con un zapatazo. S\u00cd SE\u00d1ORES Y SE\u00d1ORAS, MIREN<br \/>\nESOS ZAPATOS COMO BRILLAN!!! Se la toca a CARLOS, CARLO<span class=\"text_exposed_show\">S tira el centro, una gran jugada de FUENTEALBA que la sue\u00f1a y de un zurdazo la deja en la frente de SILVIA ROGGETTI que la roza con la cabeza en alto y la manda derechito al angulo, espectacular!!! Directo a la manos de PAULO. Gran atajada de FREIRE el pedagogo latinoamericano vuela y vuela!!<\/span><\/p>\n<p style=\"text-align: justify;\"><span class=\"text_exposed_show\">SIN DUDA UN GRAN EQUIPO SE\u00d1ORES Y SE\u00d1ORAS!! UN GRAN EQUIPO!!! S\u00cd COMPA\u00d1ERAS y COMPA\u00d1EROS, ESTE ES EL JUEGO DONDE GANAN TODOS Y TODAS!!!<br \/>\nEnorme jugada del equipo por LA EDUCACI\u00d3N P\u00daBLICA.<\/span><\/p>\n<div class=\"text_exposed_show\">\n<p style=\"text-align: justify;\">ESTE MURAL ESTA DEDICADO A LOS\/AS COMPA\u00d1EROS Y COMPA\u00d1ERAS QUE DIERON LA VIDA POR UN EDUCACI\u00d3N P\u00daBLICA, EMANCIPADORA, LIBRE Y LAICA , Y A TODOS\/AS LOS\/AS QUE SUE\u00d1AN Y CONSTRUYEN UN MUNDO MEJOR D\u00cdA A D\u00cdA.<\/p>\n<p style=\"text-align: justify;\">\u00a1\u00a1\u00a1 CARLOS FUENTEALBA PRESENTE AHORA Y SIEMPRE!!!<\/p>\n<p style=\"text-align: justify;\">ATEN SAN MART\u00cdN DE LOS ANDES<\/p>\n<p style=\"text-align: justify;\">PRENSA CTERA<\/p>\n<\/div>\n<p>&nbsp;<\/p>\n","protected":false},"excerpt":{"rendered":"<p>La sede del gremio ser\u00e1 inaugurada este s\u00e1bado 17 de octubre Motivo del mural La jugada comienza con un r\u00e1pido saque de la siempre l\u00facida STELLA MALDONADO, que apura la&#8230; <span class=\"meta-more\"><a href=\"https:\/\/adfformosa.com.ar\/?p=3863\">Leer mas &raquo;<\/a><\/span><\/p>\n","protected":false},"author":3,"featured_media":3864,"comment_status":"open","ping_status":"closed","sticky":false,"template":"","format":"standard","meta":{"footnotes":""},"categories":[2],"tags":[],"class_list":["post-3863","post","type-post","status-publish","format-standard","has-post-thumbnail","hentry","category-prensa-adf","even alt"],"_links":{"self":[{"href":"https:\/\/adfformosa.com.ar\/index.php?rest_route=\/wp\/v2\/posts\/3863","targetHints":{"allow":["GET"]}}],"collection":[{"href":"https:\/\/adfformosa.com.ar\/index.php?rest_route=\/wp\/v2\/posts"}],"about":[{"href":"https:\/\/adfformosa.com.ar\/index.php?rest_route=\/wp\/v2\/types\/post"}],"author":[{"embeddable":true,"href":"https:\/\/adfformosa.com.ar\/index.php?rest_route=\/wp\/v2\/users\/3"}],"replies":[{"embeddable":true,"href":"https:\/\/adfformosa.com.ar\/index.php?rest_route=%2Fwp%2Fv2%2Fcomments&post=3863"}],"version-history":[{"count":3,"href":"https:\/\/adfformosa.com.ar\/index.php?rest_route=\/wp\/v2\/posts\/3863\/revisions"}],"predecessor-version":[{"id":3886,"href":"https:\/\/adfformosa.com.ar\/index.php?rest_route=\/wp\/v2\/posts\/3863\/revisions\/3886"}],"wp:featuredmedia":[{"embeddable":true,"href":"https:\/\/adfformosa.com.ar\/index.php?rest_route=\/wp\/v2\/media\/3864"}],"wp:attachment":[{"href":"https:\/\/adfformosa.com.ar\/index.php?rest_route=%2Fwp%2Fv2%2Fmedia&parent=3863"}],"wp:term":[{"taxonomy":"category","embeddable":true,"href":"https:\/\/adfformosa.com.ar\/index.php?rest_route=%2Fwp%2Fv2%2Fcategories&post=3863"},{"taxonomy":"post_tag","embeddable":true,"href":"https:\/\/adfformosa.com.ar\/index.php?rest_route=%2Fwp%2Fv2%2Ftags&post=3863"}],"curies":[{"name":"wp","href":"https:\/\/api.w.org\/{rel}","templated":true}]}}