{"id":3813,"date":"2015-09-18T13:45:42","date_gmt":"2015-09-18T16:45:42","guid":{"rendered":"http:\/\/adfformosa.com.ar\/?p=3813"},"modified":"2015-09-21T19:20:15","modified_gmt":"2015-09-21T22:20:15","slug":"adf-en-el-segundo-encuentro-nacional-por-un-movimiento-pedagogico-latinoamericano","status":"publish","type":"post","link":"https:\/\/adfformosa.com.ar\/?p=3813","title":{"rendered":"ADF en el \u00abSegundo Encuentro Nacional por un Movimiento Pedag\u00f3gico Latinoamericano\u00bb"},"content":{"rendered":"<div id=\"s-share-buttons\" class=\"horizontal-w-c-r-border s-share-w-c\"><a href=\"http:\/\/www.facebook.com\/sharer.php?u=https:\/\/adfformosa.com.ar\/?p=3813\" target=\"_blank\" title=\"Share to Facebook\" class=\"s3-facebook hint--top\"><\/a><a href=\"http:\/\/twitter.com\/intent\/tweet?text=ADF en el \u00abSegundo Encuentro Nacional por un Movimiento Pedag\u00f3gico Latinoamericano\u00bb&url=https:\/\/adfformosa.com.ar\/?p=3813\" target=\"_blank\"  title=\"Share to Twitter\" class=\"s3-twitter hint--top\"><\/a><a href=\"https:\/\/plus.google.com\/share?url=https:\/\/adfformosa.com.ar\/?p=3813\" target=\"_blank\"  title=\"Share to Google Plus\" class=\"s3-google-plus hint--top\"><\/a><a href=\"http:\/\/www.digg.com\/submit?url=https:\/\/adfformosa.com.ar\/?p=3813\" target=\"_blank\"  title=\"Share to Digg\" class=\"s3-digg hint--top\"><\/a><a href=\"http:\/\/www.tumblr.com\/share\/link?url=https%3A%2F%2Fadfformosa.com.ar%2F%3Fp%3D3813&name=ADF+en+el+%C2%ABSegundo+Encuentro+Nacional+por+un+Movimiento+Pedag%C3%B3gico+Latinoamericano%C2%BB\" target=\"_blank\" title=\"Share to Tumblr\" class=\"s3-tumblr hint--top\"><\/a><a href=\"mailto:?Subject=ADF%20en%20el%20\u00abSegundo%20Encuentro%20Nacional%20por%20un%20Movimiento%20Pedag\u00f3gico%20Latinoamericano\u00bb&Body=Here%20is%20the%20link%20to%20the%20article:%20https:\/\/adfformosa.com.ar\/?p=3813\" title=\"Email this article\" class=\"s3-email hint--top\"><\/a><\/div><div id=\"attachment_3814\" style=\"width: 610px\" class=\"wp-caption aligncenter\"><img loading=\"lazy\" decoding=\"async\" aria-describedby=\"caption-attachment-3814\" class=\"wp-image-3814 size-full\" src=\"https:\/\/adfformosa.com.ar\/wp-content\/uploads\/2015\/09\/DSC_0177-e1442854731556.jpg\" alt=\"\" width=\"600\" height=\"400\" \/><p id=\"caption-attachment-3814\" class=\"wp-caption-text\">Segundo encuentro nacional de CTERA- Septiembre 2015<\/p><\/div>\n<p style=\"text-align: justify;\">Con un auditorio colmado de compa\u00f1eras y compa\u00f1eros docentes de todos los sindicatos de base de CTERA, se realiz\u00f3 el segundo encuentro Nacional por un Movimiento Pedag\u00f3gico Latinoamericano en la sede de FOETRA en Buenos Aires.<\/p>\n<p style=\"text-align: justify;\">Comenz\u00f3 el d\u00eda viernes 18 en horas de la ma\u00f1ana con la presencia de\u00a0toda la Junta Ejecutiva de CTERA, los Secretarios Generales de las entidades de Base de CTERA;Hugo Yasky, Secretario General de la CTA y Presidente de la IEAL, el Comit\u00e9 Regional de la IEAL y los Ministros de la Naci\u00f3n: Agust\u00edn Rossi, Ministro de Defensa; Carlos Tomada, Ministro de Trabajo;Alberto Sileoni, Ministro de Educaci\u00f3n y Daniel Filmus, Secretario de Asuntos Relativos a Malvinas del Ministerio de Relaciones Exteriores.<\/p>\n<p style=\"text-align: justify;\">El encuentro tuvo una inauguraci\u00f3n emotiva, donde se record\u00f3 a Stella Maldonado, con un video sobre su trayectoria y lucha en defensa de la educaci\u00f3n y los trabajadores de la educaci\u00f3n.<\/p>\n<p><iframe loading=\"lazy\" title=\"Stella Maldonado - Apertura del Encuentro Nacional Mov. Pedag\u00f3gico\" width=\"500\" height=\"281\" src=\"https:\/\/www.youtube.com\/embed\/niVUOJ5mSh8?feature=oembed\" frameborder=\"0\" allow=\"accelerometer; autoplay; clipboard-write; encrypted-media; gyroscope; picture-in-picture; web-share\" referrerpolicy=\"strict-origin-when-cross-origin\" allowfullscreen><\/iframe><\/p>\n<p style=\"text-align: justify;\">Sonia Alesso, Secretaria General de CTERA, dijo que\u00a0<strong><i>\u201ceste Movimiento que impulsamos en el a\u00f1o 2011, lo vamos a defender y vamos a lucha por la escuela p\u00fablica, los pibes, los trabajadores de la educaci\u00f3n, de todo el continente\u00bb<\/i><\/strong><\/p>\n<p style=\"text-align: justify;\">Subray\u00f3 que\u00a0<strong>\u00ab<em>la obligatoriedad de la escuela secundaria,la asignaci\u00f3n universal por hijo,la obligatoriedad de las salas de 4 a\u00f1os,la formaci\u00f3n docente gratuita,paritarias abiertas todo el a\u00f1o,la Ley de educaci\u00f3n sexual todos tienen la huella de nuestra organizaci\u00f3n.<\/em><\/strong><\/p>\n<div class=\"text_exposed_show\">\n<p style=\"text-align: justify;\"><strong><em>\u00a0Desde su fundaci\u00f3n un 11 de septiembre de 1973, un d\u00eda del maestro, la CTERA signific\u00f3 para los maestros de cada rinc\u00f3n de la patria una organizaci\u00f3n nacional, que los cobijara, que pensara en grande, que los uniera en las luchas provinciales y los desaf\u00edos, no solo por las condiciones del trabajo, el salario, por las leyes que nos faltaban ,sino tambi\u00e9n que tuvo que ver con pensar desde el inicio una pedagog\u00eda para los sectores populares.<\/em><\/strong><\/p>\n<p style=\"text-align: justify;\"><strong><em>Es dif\u00edcil encontrar una organizaci\u00f3n sindical en la Argentina con \u00e9ste cuadro de docentes aqu\u00ed presentes,con esa capacidad de pelear el d\u00eda a d\u00eda por nuestros pibes\u00bb<\/em><\/strong><\/p>\n<p style=\"text-align: justify;\">Luego tuvo la palabra la esposa de Carlos Fuentealba , Sandra Rodr\u00edguez quien manifest\u00f3 que \u00ab<strong><em>vamos a seguir exigiendo justicia para que todos los responsables del asesinato de Carlos Fuentealba sean juzgados\u00bb<\/em><\/strong><\/p>\n<p style=\"text-align: justify;\">Para finalizar cada uno de los \u00a0representantes de las organizaciones sindicales \u00a0internacionales dej\u00f3 su mensaje para dar lugar luego a las disertaciones \u00a0programadas en la primer jornada del encuentro.<\/p>\n<p><strong>Galer\u00eda de Fotos<\/strong><\/p>\n<p><img loading=\"lazy\" decoding=\"async\" class=\"aligncenter wp-image-3825 size-full\" src=\"https:\/\/adfformosa.com.ar\/wp-content\/uploads\/2015\/09\/IMG-20150918-WA0049-1-e1442873845182.jpg\" alt=\"\" width=\"600\" height=\"1069\" \/><\/p>\n<p><img loading=\"lazy\" decoding=\"async\" class=\"aligncenter wp-image-3824 size-full\" src=\"https:\/\/adfformosa.com.ar\/wp-content\/uploads\/2015\/09\/IMG-20150918-WA0048-e1442873873716.jpg\" alt=\"\" width=\"600\" height=\"1069\" \/><\/p>\n<p><img loading=\"lazy\" decoding=\"async\" class=\"aligncenter wp-image-3823 size-full\" src=\"https:\/\/adfformosa.com.ar\/wp-content\/uploads\/2015\/09\/IMG-20150918-WA0037-e1442873894245.jpg\" alt=\"\" width=\"600\" height=\"338\" \/><\/p>\n<p>&nbsp;<\/p>\n<p><img loading=\"lazy\" decoding=\"async\" class=\"aligncenter wp-image-3821 size-full\" src=\"https:\/\/adfformosa.com.ar\/wp-content\/uploads\/2015\/09\/IMG-20150918-WA0039-1-e1442873909381.jpg\" alt=\"\" width=\"600\" height=\"338\" \/><\/p>\n<p><img loading=\"lazy\" decoding=\"async\" class=\"aligncenter wp-image-3820 size-full\" src=\"https:\/\/adfformosa.com.ar\/wp-content\/uploads\/2015\/09\/IMG-20150918-WA0025-e1442873924957.jpg\" alt=\"\" width=\"600\" height=\"337\" \/><\/p>\n<p><img loading=\"lazy\" decoding=\"async\" class=\"aligncenter wp-image-3819 size-full\" src=\"https:\/\/adfformosa.com.ar\/wp-content\/uploads\/2015\/09\/DSC_0259-e1442873941671.jpg\" alt=\"\" width=\"600\" height=\"400\" \/><\/p>\n<p><img loading=\"lazy\" decoding=\"async\" class=\"aligncenter wp-image-3818 size-full\" src=\"https:\/\/adfformosa.com.ar\/wp-content\/uploads\/2015\/09\/12011331_1146810362002115_2421419673521535733_n-e1442873962982.jpg\" alt=\"\" width=\"600\" height=\"338\" \/><\/p>\n<p><img loading=\"lazy\" decoding=\"async\" class=\"aligncenter wp-image-3815 size-full\" src=\"https:\/\/adfformosa.com.ar\/wp-content\/uploads\/2015\/09\/DSC_0106-e1442873976424.jpg\" alt=\"\" width=\"600\" height=\"400\" \/><\/p>\n<\/div>\n<p style=\"text-align: justify;\"><img loading=\"lazy\" decoding=\"async\" class=\"aligncenter wp-image-3817 size-full\" src=\"https:\/\/adfformosa.com.ar\/wp-content\/uploads\/2015\/09\/DSC_0197-e1442873991952.jpg\" alt=\"\" width=\"600\" height=\"400\" \/><\/p>\n<p><img loading=\"lazy\" decoding=\"async\" class=\"aligncenter wp-image-3816 size-full\" src=\"https:\/\/adfformosa.com.ar\/wp-content\/uploads\/2015\/09\/12003307_10204945126852901_5074033627812216532_n-e1442874006367.jpg\" alt=\"\" width=\"552\" height=\"368\" \/><\/p>\n","protected":false},"excerpt":{"rendered":"<p>Con un auditorio colmado de compa\u00f1eras y compa\u00f1eros docentes de todos los sindicatos de base de CTERA, se realiz\u00f3 el segundo encuentro Nacional por un Movimiento Pedag\u00f3gico Latinoamericano en la&#8230; <span class=\"meta-more\"><a href=\"https:\/\/adfformosa.com.ar\/?p=3813\">Leer mas &raquo;<\/a><\/span><\/p>\n","protected":false},"author":3,"featured_media":3814,"comment_status":"open","ping_status":"closed","sticky":false,"template":"","format":"standard","meta":{"footnotes":""},"categories":[2],"tags":[],"class_list":["post-3813","post","type-post","status-publish","format-standard","has-post-thumbnail","hentry","category-prensa-adf","even alt"],"_links":{"self":[{"href":"https:\/\/adfformosa.com.ar\/index.php?rest_route=\/wp\/v2\/posts\/3813","targetHints":{"allow":["GET"]}}],"collection":[{"href":"https:\/\/adfformosa.com.ar\/index.php?rest_route=\/wp\/v2\/posts"}],"about":[{"href":"https:\/\/adfformosa.com.ar\/index.php?rest_route=\/wp\/v2\/types\/post"}],"author":[{"embeddable":true,"href":"https:\/\/adfformosa.com.ar\/index.php?rest_route=\/wp\/v2\/users\/3"}],"replies":[{"embeddable":true,"href":"https:\/\/adfformosa.com.ar\/index.php?rest_route=%2Fwp%2Fv2%2Fcomments&post=3813"}],"version-history":[{"count":3,"href":"https:\/\/adfformosa.com.ar\/index.php?rest_route=\/wp\/v2\/posts\/3813\/revisions"}],"predecessor-version":[{"id":3828,"href":"https:\/\/adfformosa.com.ar\/index.php?rest_route=\/wp\/v2\/posts\/3813\/revisions\/3828"}],"wp:featuredmedia":[{"embeddable":true,"href":"https:\/\/adfformosa.com.ar\/index.php?rest_route=\/wp\/v2\/media\/3814"}],"wp:attachment":[{"href":"https:\/\/adfformosa.com.ar\/index.php?rest_route=%2Fwp%2Fv2%2Fmedia&parent=3813"}],"wp:term":[{"taxonomy":"category","embeddable":true,"href":"https:\/\/adfformosa.com.ar\/index.php?rest_route=%2Fwp%2Fv2%2Fcategories&post=3813"},{"taxonomy":"post_tag","embeddable":true,"href":"https:\/\/adfformosa.com.ar\/index.php?rest_route=%2Fwp%2Fv2%2Ftags&post=3813"}],"curies":[{"name":"wp","href":"https:\/\/api.w.org\/{rel}","templated":true}]}}