{"id":3791,"date":"2015-09-16T23:34:07","date_gmt":"2015-09-17T02:34:07","guid":{"rendered":"http:\/\/adfformosa.com.ar\/?p=3791"},"modified":"2015-09-17T15:37:58","modified_gmt":"2015-09-17T18:37:58","slug":"feliz-dia-a-todos-los-profesores-y-profesoras","status":"publish","type":"post","link":"https:\/\/adfformosa.com.ar\/?p=3791","title":{"rendered":"\u00a1Feliz d\u00eda a todos los Profesores y Profesoras!"},"content":{"rendered":"<div id=\"s-share-buttons\" class=\"horizontal-w-c-r-border s-share-w-c\"><a href=\"http:\/\/www.facebook.com\/sharer.php?u=https:\/\/adfformosa.com.ar\/?p=3791\" target=\"_blank\" title=\"Share to Facebook\" class=\"s3-facebook hint--top\"><\/a><a href=\"http:\/\/twitter.com\/intent\/tweet?text=\u00a1Feliz d\u00eda a todos los Profesores y Profesoras!&url=https:\/\/adfformosa.com.ar\/?p=3791\" target=\"_blank\"  title=\"Share to Twitter\" class=\"s3-twitter hint--top\"><\/a><a href=\"https:\/\/plus.google.com\/share?url=https:\/\/adfformosa.com.ar\/?p=3791\" target=\"_blank\"  title=\"Share to Google Plus\" class=\"s3-google-plus hint--top\"><\/a><a href=\"http:\/\/www.digg.com\/submit?url=https:\/\/adfformosa.com.ar\/?p=3791\" target=\"_blank\"  title=\"Share to Digg\" class=\"s3-digg hint--top\"><\/a><a href=\"http:\/\/www.tumblr.com\/share\/link?url=https%3A%2F%2Fadfformosa.com.ar%2F%3Fp%3D3791&name=%C2%A1Feliz+d%C3%ADa+a+todos+los+Profesores+y+Profesoras%21\" target=\"_blank\" title=\"Share to Tumblr\" class=\"s3-tumblr hint--top\"><\/a><a href=\"mailto:?Subject=\u00a1Feliz%20d\u00eda%20a%20todos%20los%20Profesores%20y%20Profesoras!&Body=Here%20is%20the%20link%20to%20the%20article:%20https:\/\/adfformosa.com.ar\/?p=3791\" title=\"Email this article\" class=\"s3-email hint--top\"><\/a><\/div><p style=\"text-align: center;\"><span style=\"color: #0000ff;\"><em><img loading=\"lazy\" decoding=\"async\" class=\"wp-image-3795 size-full aligncenter\" src=\"https:\/\/adfformosa.com.ar\/wp-content\/uploads\/2015\/09\/12003964_1079392548747307_1862123086023356095_n.jpg\" alt=\"\" width=\"541\" height=\"267\" srcset=\"https:\/\/adfformosa.com.ar\/wp-content\/uploads\/2015\/09\/12003964_1079392548747307_1862123086023356095_n.jpg 541w, https:\/\/adfformosa.com.ar\/wp-content\/uploads\/2015\/09\/12003964_1079392548747307_1862123086023356095_n-300x148.jpg 300w\" sizes=\"auto, (max-width: 541px) 100vw, 541px\" \/><\/em><\/span><\/p>\n<p style=\"text-align: center;\"><span style=\"color: #0000ff;\"><em>\u00abSer profesor es la elecci\u00f3n de una forma de vida que se asume desde la labor diaria, las exigencias, la lucha, el agotamiento, la esperanza y la alegr\u00eda de hacer lo que eligieron ser\u00bb<\/em><\/span><\/p>\n<p style=\"text-align: center;\"><em><strong>\u00bfPor qu\u00e9 se celebra hoy \u00a0el D\u00eda del Profesor?<\/strong><\/em><\/p>\n<p style=\"text-align: justify;\">El 17 de septiembre se conmemora el d\u00eda del profesor, debido al fallecimiento del profesor, orador, escritor, periodista y educador Jos\u00e9 Manuel Estrada.<\/p>\n<p style=\"text-align: justify;\">Jos\u00e9 Manuel Estrada nace en 1842. Fue uno de los creadores de la Uni\u00f3n Civica. Autor de significativos estudios hist\u00f3ricos, entre los que se hayan: \u201cOr\u00edgenes de nuestra raza\u201d, de 1861 y \u201cEl catolicismo y la democracia\u201d, 1862. Ejerci\u00f3 como profesor secundario y universitario, defendiendo la libertad de c\u00e1tedra a trav\u00e9s de la manifestaci\u00f3n de sus ideas.<\/p>\n<p style=\"text-align: justify;\">En 1884, destituido de sus cargos por manifestarse en contra de la Ley 1420 de educaci\u00f3n, que sosten\u00eda la educaci\u00f3n p\u00fablica, gratuita, obligatoria y laica; recibe la adhesi\u00f3n de sus alumnos que acuden a su casa para homenajearlo y despedirlo.<\/p>\n<p style=\"text-align: justify;\">En 1891 es designado embajador plenipotenciario en el Paraguay, en donde reside hasta su deceso el 17 de septiembre de 1894.<\/p>\n<p style=\"text-align: center;\"><span style=\"color: #0000ff;\"><em> Jos\u00e9 Manuel Estrada<\/em><\/span><\/p>\n<p style=\"text-align: center;\"><span style=\"color: #0000ff;\"><em> \u201cLa educaci\u00f3n del pueblo es la m\u00e1s noble y fruct\u00edfera tarea a la que puede consagrarse la vida de un hombre y principalmente la del ciudadano de un pueblo libre\u201d<\/em><\/span><\/p>\n","protected":false},"excerpt":{"rendered":"<p>\u00abSer profesor es la elecci\u00f3n de una forma de vida que se asume desde la labor diaria, las exigencias, la lucha, el agotamiento, la esperanza y la alegr\u00eda de hacer&#8230; <span class=\"meta-more\"><a href=\"https:\/\/adfformosa.com.ar\/?p=3791\">Leer mas &raquo;<\/a><\/span><\/p>\n","protected":false},"author":3,"featured_media":3795,"comment_status":"open","ping_status":"closed","sticky":false,"template":"","format":"standard","meta":{"footnotes":""},"categories":[2],"tags":[],"class_list":["post-3791","post","type-post","status-publish","format-standard","has-post-thumbnail","hentry","category-prensa-adf","even alt"],"_links":{"self":[{"href":"https:\/\/adfformosa.com.ar\/index.php?rest_route=\/wp\/v2\/posts\/3791","targetHints":{"allow":["GET"]}}],"collection":[{"href":"https:\/\/adfformosa.com.ar\/index.php?rest_route=\/wp\/v2\/posts"}],"about":[{"href":"https:\/\/adfformosa.com.ar\/index.php?rest_route=\/wp\/v2\/types\/post"}],"author":[{"embeddable":true,"href":"https:\/\/adfformosa.com.ar\/index.php?rest_route=\/wp\/v2\/users\/3"}],"replies":[{"embeddable":true,"href":"https:\/\/adfformosa.com.ar\/index.php?rest_route=%2Fwp%2Fv2%2Fcomments&post=3791"}],"version-history":[{"count":5,"href":"https:\/\/adfformosa.com.ar\/index.php?rest_route=\/wp\/v2\/posts\/3791\/revisions"}],"predecessor-version":[{"id":3807,"href":"https:\/\/adfformosa.com.ar\/index.php?rest_route=\/wp\/v2\/posts\/3791\/revisions\/3807"}],"wp:featuredmedia":[{"embeddable":true,"href":"https:\/\/adfformosa.com.ar\/index.php?rest_route=\/wp\/v2\/media\/3795"}],"wp:attachment":[{"href":"https:\/\/adfformosa.com.ar\/index.php?rest_route=%2Fwp%2Fv2%2Fmedia&parent=3791"}],"wp:term":[{"taxonomy":"category","embeddable":true,"href":"https:\/\/adfformosa.com.ar\/index.php?rest_route=%2Fwp%2Fv2%2Fcategories&post=3791"},{"taxonomy":"post_tag","embeddable":true,"href":"https:\/\/adfformosa.com.ar\/index.php?rest_route=%2Fwp%2Fv2%2Ftags&post=3791"}],"curies":[{"name":"wp","href":"https:\/\/api.w.org\/{rel}","templated":true}]}}