{"id":3779,"date":"2015-09-16T22:44:09","date_gmt":"2015-09-17T01:44:09","guid":{"rendered":"http:\/\/adfformosa.com.ar\/?p=3779"},"modified":"2015-09-17T15:31:37","modified_gmt":"2015-09-17T18:31:37","slug":"entregan-becas-a-estudiantes-indigenas-en-la-primavera","status":"publish","type":"post","link":"https:\/\/adfformosa.com.ar\/?p=3779","title":{"rendered":"Entregan becas a estudiantes ind\u00edgenas en La Primavera"},"content":{"rendered":"<div id=\"s-share-buttons\" class=\"horizontal-w-c-r-border s-share-w-c\"><a href=\"http:\/\/www.facebook.com\/sharer.php?u=https:\/\/adfformosa.com.ar\/?p=3779\" target=\"_blank\" title=\"Share to Facebook\" class=\"s3-facebook hint--top\"><\/a><a href=\"http:\/\/twitter.com\/intent\/tweet?text=Entregan becas a estudiantes ind\u00edgenas en La Primavera&url=https:\/\/adfformosa.com.ar\/?p=3779\" target=\"_blank\"  title=\"Share to Twitter\" class=\"s3-twitter hint--top\"><\/a><a href=\"https:\/\/plus.google.com\/share?url=https:\/\/adfformosa.com.ar\/?p=3779\" target=\"_blank\"  title=\"Share to Google Plus\" class=\"s3-google-plus hint--top\"><\/a><a href=\"http:\/\/www.digg.com\/submit?url=https:\/\/adfformosa.com.ar\/?p=3779\" target=\"_blank\"  title=\"Share to Digg\" class=\"s3-digg hint--top\"><\/a><a href=\"http:\/\/www.tumblr.com\/share\/link?url=https%3A%2F%2Fadfformosa.com.ar%2F%3Fp%3D3779&name=Entregan+becas+a+estudiantes+ind%C3%ADgenas+en+La+Primavera\" target=\"_blank\" title=\"Share to Tumblr\" class=\"s3-tumblr hint--top\"><\/a><a href=\"mailto:?Subject=Entregan%20becas%20a%20estudiantes%20ind\u00edgenas%20en%20La%20Primavera&Body=Here%20is%20the%20link%20to%20the%20article:%20https:\/\/adfformosa.com.ar\/?p=3779\" title=\"Email this article\" class=\"s3-email hint--top\"><\/a><\/div><p style=\"text-align: justify;\">El Secretario General de ADF, Luis Branchi, junto a los miembros de la Junta Ejecutiva de nuestra Agremiaci\u00f3n participaron del acto en el que se realiz\u00f3 la entrega de becas a estudiantes abor\u00edgenes del nivel secundario.<\/p>\n<div id=\"attachment_3781\" style=\"width: 610px\" class=\"wp-caption aligncenter\"><img loading=\"lazy\" decoding=\"async\" aria-describedby=\"caption-attachment-3781\" class=\"wp-image-3781 size-full\" src=\"https:\/\/adfformosa.com.ar\/wp-content\/uploads\/2015\/09\/IMG-20150916-WA0002-e1442453805108.jpg\" alt=\"\" width=\"600\" height=\"338\" \/><p id=\"caption-attachment-3781\" class=\"wp-caption-text\">Luis Branchi entrega becas a alumnos de La Primavera- 16 septiembre 2015.<\/p><\/div>\n<p style=\"text-align: justify;\">\u00a0Estuvieron presentes las autoridades del Ministerio de Cultura y Educaci\u00f3n de la provincia encabezadas por el Dr. Marcelo Zorrilla y\u00a0el Coordinador de la Modalidad de Educaci\u00f3n Intercultural Biling\u00fce, Adri\u00e1n Aranda.<\/p>\n<p><a href=\"https:\/\/adfformosa.com.ar\/wp-content\/uploads\/2015\/09\/IMG-20150916-WA0006.jpg\"><img loading=\"lazy\" decoding=\"async\" class=\"aligncenter wp-image-3782\" src=\"https:\/\/adfformosa.com.ar\/wp-content\/uploads\/2015\/09\/IMG-20150916-WA0006-e1442453873380.jpg\" alt=\"\" width=\"600\" height=\"338\" \/><\/a><\/p>\n<p style=\"text-align: justify;\">Las becas fueron entregadas a los alumnos de las escuelas secundarias N\u00b0196 de EL Palomar y 291 Modalidad de EIB de El Angelito.<\/p>\n<div id=\"attachment_3783\" style=\"width: 610px\" class=\"wp-caption aligncenter\"><img loading=\"lazy\" decoding=\"async\" aria-describedby=\"caption-attachment-3783\" class=\"wp-image-3783\" src=\"https:\/\/adfformosa.com.ar\/wp-content\/uploads\/2015\/09\/IMG-20150916-WA0003-e1442453966113.jpg\" alt=\"\" width=\"600\" height=\"338\" \/><p id=\"caption-attachment-3783\" class=\"wp-caption-text\">Secretario Gremial de ADF, Rub\u00e9n Ch\u00e1vez- Diputado Provincial.<\/p><\/div>\n<div id=\"attachment_3784\" style=\"width: 610px\" class=\"wp-caption aligncenter\"><img loading=\"lazy\" decoding=\"async\" aria-describedby=\"caption-attachment-3784\" class=\"wp-image-3784\" src=\"https:\/\/adfformosa.com.ar\/wp-content\/uploads\/2015\/09\/IMG-20150916-WA0010-1-e1442454038765.jpg\" alt=\"\" width=\"600\" height=\"338\" \/><p id=\"caption-attachment-3784\" class=\"wp-caption-text\">Secretario del Interior de ADF, Solano Mendoza.<\/p><\/div>\n<p><img loading=\"lazy\" decoding=\"async\" class=\"aligncenter wp-image-3785\" src=\"https:\/\/adfformosa.com.ar\/wp-content\/uploads\/2015\/09\/IMG-20150916-WA0007-e1442454089789.jpg\" alt=\"\" width=\"600\" height=\"338\" \/><\/p>\n<p><img loading=\"lazy\" decoding=\"async\" class=\"aligncenter wp-image-3786\" src=\"https:\/\/adfformosa.com.ar\/wp-content\/uploads\/2015\/09\/IMG-20150916-WA0005-e1442454127311.jpg\" alt=\"\" width=\"600\" height=\"338\" \/><\/p>\n<p><img loading=\"lazy\" decoding=\"async\" class=\"aligncenter wp-image-3787\" src=\"https:\/\/adfformosa.com.ar\/wp-content\/uploads\/2015\/09\/IMG-20150916-WA0009-e1442454163197.jpg\" alt=\"\" width=\"600\" height=\"338\" \/><\/p>\n<p><img loading=\"lazy\" decoding=\"async\" class=\"aligncenter wp-image-3788\" src=\"https:\/\/adfformosa.com.ar\/wp-content\/uploads\/2015\/09\/IMG-20150916-WA0004-e1442454225870.jpg\" alt=\"\" width=\"600\" height=\"338\" \/><\/p>\n","protected":false},"excerpt":{"rendered":"<p>El Secretario General de ADF, Luis Branchi, junto a los miembros de la Junta Ejecutiva de nuestra Agremiaci\u00f3n participaron del acto en el que se realiz\u00f3 la entrega de becas&#8230; <span class=\"meta-more\"><a href=\"https:\/\/adfformosa.com.ar\/?p=3779\">Leer mas &raquo;<\/a><\/span><\/p>\n","protected":false},"author":3,"featured_media":3782,"comment_status":"open","ping_status":"closed","sticky":false,"template":"","format":"standard","meta":{"footnotes":""},"categories":[2],"tags":[],"class_list":["post-3779","post","type-post","status-publish","format-standard","has-post-thumbnail","hentry","category-prensa-adf","even alt"],"_links":{"self":[{"href":"https:\/\/adfformosa.com.ar\/index.php?rest_route=\/wp\/v2\/posts\/3779","targetHints":{"allow":["GET"]}}],"collection":[{"href":"https:\/\/adfformosa.com.ar\/index.php?rest_route=\/wp\/v2\/posts"}],"about":[{"href":"https:\/\/adfformosa.com.ar\/index.php?rest_route=\/wp\/v2\/types\/post"}],"author":[{"embeddable":true,"href":"https:\/\/adfformosa.com.ar\/index.php?rest_route=\/wp\/v2\/users\/3"}],"replies":[{"embeddable":true,"href":"https:\/\/adfformosa.com.ar\/index.php?rest_route=%2Fwp%2Fv2%2Fcomments&post=3779"}],"version-history":[{"count":3,"href":"https:\/\/adfformosa.com.ar\/index.php?rest_route=\/wp\/v2\/posts\/3779\/revisions"}],"predecessor-version":[{"id":3801,"href":"https:\/\/adfformosa.com.ar\/index.php?rest_route=\/wp\/v2\/posts\/3779\/revisions\/3801"}],"wp:featuredmedia":[{"embeddable":true,"href":"https:\/\/adfformosa.com.ar\/index.php?rest_route=\/wp\/v2\/media\/3782"}],"wp:attachment":[{"href":"https:\/\/adfformosa.com.ar\/index.php?rest_route=%2Fwp%2Fv2%2Fmedia&parent=3779"}],"wp:term":[{"taxonomy":"category","embeddable":true,"href":"https:\/\/adfformosa.com.ar\/index.php?rest_route=%2Fwp%2Fv2%2Fcategories&post=3779"},{"taxonomy":"post_tag","embeddable":true,"href":"https:\/\/adfformosa.com.ar\/index.php?rest_route=%2Fwp%2Fv2%2Ftags&post=3779"}],"curies":[{"name":"wp","href":"https:\/\/api.w.org\/{rel}","templated":true}]}}