{"id":3773,"date":"2015-09-14T22:04:20","date_gmt":"2015-09-15T01:04:20","guid":{"rendered":"http:\/\/adfformosa.com.ar\/?p=3773"},"modified":"2015-09-17T15:32:40","modified_gmt":"2015-09-17T18:32:40","slug":"hacia-un-movimiento-pedagogico-latinoamericano","status":"publish","type":"post","link":"https:\/\/adfformosa.com.ar\/?p=3773","title":{"rendered":"\u00abHacia un movimiento pedag\u00f3gico latinoamericano\u00bb"},"content":{"rendered":"<div id=\"s-share-buttons\" class=\"horizontal-w-c-r-border s-share-w-c\"><a href=\"http:\/\/www.facebook.com\/sharer.php?u=https:\/\/adfformosa.com.ar\/?p=3773\" target=\"_blank\" title=\"Share to Facebook\" class=\"s3-facebook hint--top\"><\/a><a href=\"http:\/\/twitter.com\/intent\/tweet?text=\u00abHacia un movimiento pedag\u00f3gico latinoamericano\u00bb&url=https:\/\/adfformosa.com.ar\/?p=3773\" target=\"_blank\"  title=\"Share to Twitter\" class=\"s3-twitter hint--top\"><\/a><a href=\"https:\/\/plus.google.com\/share?url=https:\/\/adfformosa.com.ar\/?p=3773\" target=\"_blank\"  title=\"Share to Google Plus\" class=\"s3-google-plus hint--top\"><\/a><a href=\"http:\/\/www.digg.com\/submit?url=https:\/\/adfformosa.com.ar\/?p=3773\" target=\"_blank\"  title=\"Share to Digg\" class=\"s3-digg hint--top\"><\/a><a href=\"http:\/\/www.tumblr.com\/share\/link?url=https%3A%2F%2Fadfformosa.com.ar%2F%3Fp%3D3773&name=%C2%ABHacia+un+movimiento+pedag%C3%B3gico+latinoamericano%C2%BB\" target=\"_blank\" title=\"Share to Tumblr\" class=\"s3-tumblr hint--top\"><\/a><a href=\"mailto:?Subject=\u00abHacia%20un%20movimiento%20pedag\u00f3gico%20latinoamericano\u00bb&Body=Here%20is%20the%20link%20to%20the%20article:%20https:\/\/adfformosa.com.ar\/?p=3773\" title=\"Email this article\" class=\"s3-email hint--top\"><\/a><\/div><div id=\"attachment_3774\" style=\"width: 265px\" class=\"wp-caption alignleft\"><img loading=\"lazy\" decoding=\"async\" aria-describedby=\"caption-attachment-3774\" class=\"wp-image-3774 \" src=\"https:\/\/adfformosa.com.ar\/wp-content\/uploads\/2015\/09\/12002242_1711852009044119_4329832688234478490_n-e1442452719654.jpg\" alt=\"\" width=\"255\" height=\"371\" \/><p id=\"caption-attachment-3774\" class=\"wp-caption-text\">Inauguraci\u00f3n mural CTERA 17 septiembre 2015.<\/p><\/div>\n<h3 style=\"text-align: justify;\">Sonia Alesso<\/h3>\n<p style=\"text-align: justify;\"><em>\u00abFuimos parte de los que pelearon en los 70, que resistieron en los 80 y en lo<span class=\"text_exposed_show\">s 90, y que parimos pol\u00edticas p\u00fablicas en la actualidad, no estamos dispuestos a retroceder. Estas experiencias tienen que ser parte de un debate de ideas. Cada uno de los hitos de nuestra historia fue producto de grandes sue\u00f1os y el Movimiento Pedag\u00f3gico Latinoamericano es un gran sue\u00f1o que tiene que ver con la construcci\u00f3n de la Patria Grande. Vamos por los sue\u00f1os grandes que hicieron la Marcha Blanca y la Carpa Blanca, por Stella, por Germ\u00e1n. Vamos por m\u00e1s: la fuerza est\u00e1 en ustedes.\u00bb<\/span><\/em><\/p>\n<h3 style=\"text-align: justify;\">Hugo Yasky<\/h3>\n<p style=\"text-align: justify;\"><em> \u00abNo cualquiera puede ser parte del Movimiento Pedag\u00f3gico Latinoamericano; s\u00ed aqu<span class=\"text_exposed_show\">ellos que quieren una escuela que construya pensamiento cr\u00edtico, que entienda que los que nacieron en un lugar humilde no tienen que repetir la biograf\u00eda de sus padres. Queremos construir pol\u00edticas que salten las fronteras del conocimiento. Queremos romper las fronteras verticales \u00bfHasta qu\u00e9 conocimiento pueden acceder los sectores populares? No puede haber l\u00edmites, no hay l\u00f3gica ni teor\u00eda que responda a esto. \u00bfQu\u00e9 tipo de conocimientos son los v\u00e1lidos? \u00bfCu\u00e1les son los saberes? El Movimiento Pedag\u00f3gico Latinoamericano est\u00e1 llamado a crecer porque la lucha en Am\u00e9rica Latina est\u00e1 llamada a crecer\u00bb<\/span><\/em><\/p>\n<h3 style=\"text-align: justify;\">Roberto Baradel:<\/h3>\n<p style=\"text-align: justify;\"><em> \u00abStella Maldonado estuvo siempre presente en cada Encuentro y tambi\u00e9n con intensidad en este Congreso Provincial. Ella fue, entre otros, quien dio impulso a este Movimiento en Argentina y en todo el Continente, por lo que su legado y su inquebrantable confianza en la pedagog\u00eda emancipadora estuvo presente en todos y cada uno de los participantes de esta instancia.\u00bb<\/em><\/p>\n<p style=\"text-align: justify;\"><span style=\"text-decoration: underline; color: #0000ff;\">INAUGURACI\u00d3N DE MURAL EN MEMORIA DE DOCENTES DESAPARECIDOS Y ASESINADOS<\/span><\/p>\n<p style=\"text-align: justify;\">Este jueves 17 de septiembre a las 14 horas se llevar\u00e1 a cabo en las puertas de la sede central de la CTERA, Chile 654, Ciudad de Buenos Aires, la inauguraci\u00f3n de un mural para recordar a los Trabajadores de la Educaci\u00f3n desaparecidos durante la \u00faltima Dictadura c\u00edvico-militar, as\u00ed como a los docentes asesinados en acciones represivas.<\/p>\n<p style=\"text-align: justify;\">Luego de este acto se realizar\u00e1 una charla con pedagogos internacionales, en una actividad convocada por la Internacional de la Educaci\u00f3n para Am\u00e9rica Latina, quienes disertar\u00e1n sobre la situaci\u00f3n actual de la educaci\u00f3n en el continente.<\/p>\n<div id=\"attachment_3775\" style=\"width: 410px\" class=\"wp-caption aligncenter\"><img loading=\"lazy\" decoding=\"async\" aria-describedby=\"caption-attachment-3775\" class=\"wp-image-3775 size-full\" src=\"https:\/\/adfformosa.com.ar\/wp-content\/uploads\/2015\/09\/12006635_1649078612000739_5428970224042703492_o-e1442452748885.jpg\" alt=\"\" width=\"400\" height=\"282\" \/><p id=\"caption-attachment-3775\" class=\"wp-caption-text\">Segundo Encuentro Pedag\u00f3gico Latinoamericano- CTERA 2015<\/p><\/div>\n<p style=\"text-align: justify;\"><span style=\"text-decoration: underline; color: #0000ff;\">Viernes 18 y s\u00e1bado 19 II Encuentro Nacional de CTERA \u00abMovimiento Pedag\u00f3gico Latinoamericano\u00bb<\/span><\/p>\n<div class=\"text_exposed_show\">\n<p style=\"text-align: justify;\">El objetivo de este encuentro es contribuir con el proceso de debate y reflexi\u00f3n acerca de las pol\u00edticas que actualmente se despliegan en Argentina y Am\u00e9rica Latina,como as\u00ed tambi\u00e9n generar espacios participativos y de mutua colaboraci\u00f3n para repensar y recrear las experiencias educativas,el trabajo docente,los proyectos educativos,los derechos sociales y humanos;en definitiva,las principales dimensiones de las pol\u00edticas de educaci\u00f3n.<\/p>\n<p style=\"text-align: justify;\">Los invitados internacionales para este II encuentro a realizarse en Buenos Aires son de Costa Rica,El Salvador,Estados Unidos,Espa\u00f1a,Brasil,Paraguay y Uruguay.<\/p>\n<p style=\"text-align: justify;\">Participar\u00e1n las entidades de base de la CTERA de todo el pa\u00eds.<\/p>\n<\/div>\n","protected":false},"excerpt":{"rendered":"<p>Sonia Alesso \u00abFuimos parte de los que pelearon en los 70, que resistieron en los 80 y en los 90, y que parimos pol\u00edticas p\u00fablicas en la actualidad, no estamos&#8230; <span class=\"meta-more\"><a href=\"https:\/\/adfformosa.com.ar\/?p=3773\">Leer mas &raquo;<\/a><\/span><\/p>\n","protected":false},"author":3,"featured_media":3775,"comment_status":"open","ping_status":"closed","sticky":false,"template":"","format":"standard","meta":{"footnotes":""},"categories":[2],"tags":[],"class_list":["post-3773","post","type-post","status-publish","format-standard","has-post-thumbnail","hentry","category-prensa-adf","even alt"],"_links":{"self":[{"href":"https:\/\/adfformosa.com.ar\/index.php?rest_route=\/wp\/v2\/posts\/3773","targetHints":{"allow":["GET"]}}],"collection":[{"href":"https:\/\/adfformosa.com.ar\/index.php?rest_route=\/wp\/v2\/posts"}],"about":[{"href":"https:\/\/adfformosa.com.ar\/index.php?rest_route=\/wp\/v2\/types\/post"}],"author":[{"embeddable":true,"href":"https:\/\/adfformosa.com.ar\/index.php?rest_route=\/wp\/v2\/users\/3"}],"replies":[{"embeddable":true,"href":"https:\/\/adfformosa.com.ar\/index.php?rest_route=%2Fwp%2Fv2%2Fcomments&post=3773"}],"version-history":[{"count":4,"href":"https:\/\/adfformosa.com.ar\/index.php?rest_route=\/wp\/v2\/posts\/3773\/revisions"}],"predecessor-version":[{"id":3802,"href":"https:\/\/adfformosa.com.ar\/index.php?rest_route=\/wp\/v2\/posts\/3773\/revisions\/3802"}],"wp:featuredmedia":[{"embeddable":true,"href":"https:\/\/adfformosa.com.ar\/index.php?rest_route=\/wp\/v2\/media\/3775"}],"wp:attachment":[{"href":"https:\/\/adfformosa.com.ar\/index.php?rest_route=%2Fwp%2Fv2%2Fmedia&parent=3773"}],"wp:term":[{"taxonomy":"category","embeddable":true,"href":"https:\/\/adfformosa.com.ar\/index.php?rest_route=%2Fwp%2Fv2%2Fcategories&post=3773"},{"taxonomy":"post_tag","embeddable":true,"href":"https:\/\/adfformosa.com.ar\/index.php?rest_route=%2Fwp%2Fv2%2Ftags&post=3773"}],"curies":[{"name":"wp","href":"https:\/\/api.w.org\/{rel}","templated":true}]}}