{"id":3769,"date":"2015-09-15T22:00:38","date_gmt":"2015-09-16T01:00:38","guid":{"rendered":"http:\/\/adfformosa.com.ar\/?p=3769"},"modified":"2015-09-16T22:03:47","modified_gmt":"2015-09-17T01:03:47","slug":"refugiados-lo-que-se-esconde-detras-de-la-foto","status":"publish","type":"post","link":"https:\/\/adfformosa.com.ar\/?p=3769","title":{"rendered":"REFUGIADOS : LO QUE SE ESCONDE DETR\u00c1S DE LA FOTO"},"content":{"rendered":"<div id=\"s-share-buttons\" class=\"horizontal-w-c-r-border s-share-w-c\"><a href=\"http:\/\/www.facebook.com\/sharer.php?u=https:\/\/adfformosa.com.ar\/?p=3769\" target=\"_blank\" title=\"Share to Facebook\" class=\"s3-facebook hint--top\"><\/a><a href=\"http:\/\/twitter.com\/intent\/tweet?text=REFUGIADOS : LO QUE SE ESCONDE DETR\u00c1S DE LA FOTO&url=https:\/\/adfformosa.com.ar\/?p=3769\" target=\"_blank\"  title=\"Share to Twitter\" class=\"s3-twitter hint--top\"><\/a><a href=\"https:\/\/plus.google.com\/share?url=https:\/\/adfformosa.com.ar\/?p=3769\" target=\"_blank\"  title=\"Share to Google Plus\" class=\"s3-google-plus hint--top\"><\/a><a href=\"http:\/\/www.digg.com\/submit?url=https:\/\/adfformosa.com.ar\/?p=3769\" target=\"_blank\"  title=\"Share to Digg\" class=\"s3-digg hint--top\"><\/a><a href=\"http:\/\/www.tumblr.com\/share\/link?url=https%3A%2F%2Fadfformosa.com.ar%2F%3Fp%3D3769&name=REFUGIADOS+%3A+LO+QUE+SE+ESCONDE+DETR%C3%81S+DE+LA+FOTO\" target=\"_blank\" title=\"Share to Tumblr\" class=\"s3-tumblr hint--top\"><\/a><a href=\"mailto:?Subject=REFUGIADOS%20:%20LO%20QUE%20SE%20ESCONDE%20DETR\u00c1S%20DE%20LA%20FOTO&Body=Here%20is%20the%20link%20to%20the%20article:%20https:\/\/adfformosa.com.ar\/?p=3769\" title=\"Email this article\" class=\"s3-email hint--top\"><\/a><\/div><h5><img loading=\"lazy\" decoding=\"async\" class=\"alignleft size-medium wp-image-3770\" src=\"https:\/\/adfformosa.com.ar\/wp-content\/uploads\/2015\/09\/12038542_1711848989044421_853928695787988384_n-300x183.jpg\" alt=\"12038542_1711848989044421_853928695787988384_n\" width=\"300\" height=\"183\" srcset=\"https:\/\/adfformosa.com.ar\/wp-content\/uploads\/2015\/09\/12038542_1711848989044421_853928695787988384_n-300x183.jpg 300w, https:\/\/adfformosa.com.ar\/wp-content\/uploads\/2015\/09\/12038542_1711848989044421_853928695787988384_n.jpg 785w\" sizes=\"auto, (max-width: 300px) 100vw, 300px\" \/><\/h5>\n<h5><em>Por Sonia Alesso- Secretaria General de CTERA<\/em><\/h5>\n<p style=\"text-align: justify;\">Una foto ha dado vuelta al mundo y puso negro sobre blanco una realidad ignorada por la mayor\u00eda de los medios de comunicaci\u00f3n y negada por las grandes potencias.<\/p>\n<p style=\"text-align: justify;\">La foto del ni\u00f1o golpea el coraz\u00f3n. Un ni\u00f1o, miles de ni\u00f1os y j\u00f3venes a quienes se les ha negado el derecho a la vida resulta insoportable.<br \/>\nDe acuerdo a las Naciones Unidas, hoy en el mundo hay m\u00e1s refugiados que en cualquier otro momento de la historia.<\/p>\n<p style=\"text-align: justify;\">A finales del 2014, m\u00e1s de 59 millones de personas hab\u00edan sido desplazadas a la fuerza. Casi tres veces el n\u00famero registrado tan s\u00f3lo hace una d\u00e9cada.<br \/>\nM\u00e1s de la mitad de los refugiados del planeta son j\u00f3venes y ni\u00f1os menores de 18 a\u00f1os.<\/p>\n<p style=\"text-align: justify;\">Millones de personas se han quedado sin hogar y arrojadas a una pobreza absoluta como resultado de guerras apoyadas por el imperialismo en Afganist\u00e1n, Irak, Siria y Libia. La crisis de refugiados m\u00e1s grande existe en Siria, en d\u00f3nde el n\u00famero de los que huyen a otros pa\u00edses excede los cuatro millones.<\/p>\n<p style=\"text-align: justify;\">Aquellos que pueden buscan refugio en Europa. Lo que involucra a menudo un peligroso cruce del Mar Mediterr\u00e1neo, un viaje que ya le ha costado las vidas de miles de hombres, mujeres y ni\u00f1os.<\/p>\n<p style=\"text-align: justify;\">Lo que se presenta como un \u00abproblema de migraci\u00f3n\u00bb es en realidad un problema de dominio imperialista y del sistema capitalista. Hay dos causas fundamentales para la masiva crisis de refugiados.<\/p>\n<p style=\"text-align: justify;\">La primera es el creciente n\u00famero de las guerras que conducen las grandes potencias. Estados Unidos y sus aliados de la Uni\u00f3n Europea, que han desplazado poblaciones enteras.<\/p>\n<p style=\"text-align: justify;\">El segundo factor es el control y la destrucci\u00f3n econ\u00f3mica del planeta por los principales estados capitalistas que ha sumido a miles de millones de personas en la pobreza extrema.<\/p>\n<p style=\"text-align: justify;\">\u00c1frica, Am\u00e9rica Latina y Asia son v\u00edctimas de invasiones, intervenciones militares o guerras civiles para facilitar el saqueo de sus riquezas. Miles de ni\u00f1os y j\u00f3venes han sido asesinados . Sus muertes no han sido televisadas.<\/p>\n<p style=\"text-align: justify;\">Los ni\u00f1os y j\u00f3venes refugiados no tienen garantizados sus derechos humanos fundamentales , entre ellos el derecho social a la educaci\u00f3n, este a\u00f1o reunidos en el 7\u00b0 Congreso Mundial de la Internacional de la Educaci\u00f3n afirmamos:<br \/>\n\u201cQue los pa\u00edses m\u00e1s ricos deben contribuir en mayor medida a lograr que se cumplan las metas de sus compromisos y obligaciones internacionales en relaci\u00f3n con las necesidades de los ni\u00f1os refugiados y desplazados, entre las que se encuentra el acceso a la educaci\u00f3n.<br \/>\nTambi\u00e9n definimos mantener la presi\u00f3n sobre los gobiernos nacionales y las instituciones internacionales para que den prioridad a la asistencia financiera para la educaci\u00f3n de las personas refugiadas y desplazadas dentro de sus propios pa\u00edses\u00bb.<\/p>\n<p style=\"text-align: justify;\">Los maestros y profesores nucleados en CTERA y en la Internacional de la Educaci\u00f3n manifestamos nuestra solidaridad ante la situaci\u00f3n de los desplazados y refugiados y expresamos nuestro compromiso permanente en la construcci\u00f3n de un mundo justo e igualitario.<\/p>\n<h4 style=\"text-align: center;\">Sonia Alesso -Secretaria General CTERA.<\/h4>\n","protected":false},"excerpt":{"rendered":"<p>Por Sonia Alesso- Secretaria General de CTERA Una foto ha dado vuelta al mundo y puso negro sobre blanco una realidad ignorada por la mayor\u00eda de los medios de comunicaci\u00f3n&#8230; <span class=\"meta-more\"><a href=\"https:\/\/adfformosa.com.ar\/?p=3769\">Leer mas &raquo;<\/a><\/span><\/p>\n","protected":false},"author":3,"featured_media":3770,"comment_status":"open","ping_status":"closed","sticky":false,"template":"","format":"standard","meta":{"footnotes":""},"categories":[2],"tags":[],"class_list":["post-3769","post","type-post","status-publish","format-standard","has-post-thumbnail","hentry","category-prensa-adf","even alt"],"_links":{"self":[{"href":"https:\/\/adfformosa.com.ar\/index.php?rest_route=\/wp\/v2\/posts\/3769","targetHints":{"allow":["GET"]}}],"collection":[{"href":"https:\/\/adfformosa.com.ar\/index.php?rest_route=\/wp\/v2\/posts"}],"about":[{"href":"https:\/\/adfformosa.com.ar\/index.php?rest_route=\/wp\/v2\/types\/post"}],"author":[{"embeddable":true,"href":"https:\/\/adfformosa.com.ar\/index.php?rest_route=\/wp\/v2\/users\/3"}],"replies":[{"embeddable":true,"href":"https:\/\/adfformosa.com.ar\/index.php?rest_route=%2Fwp%2Fv2%2Fcomments&post=3769"}],"version-history":[{"count":1,"href":"https:\/\/adfformosa.com.ar\/index.php?rest_route=\/wp\/v2\/posts\/3769\/revisions"}],"predecessor-version":[{"id":3771,"href":"https:\/\/adfformosa.com.ar\/index.php?rest_route=\/wp\/v2\/posts\/3769\/revisions\/3771"}],"wp:featuredmedia":[{"embeddable":true,"href":"https:\/\/adfformosa.com.ar\/index.php?rest_route=\/wp\/v2\/media\/3770"}],"wp:attachment":[{"href":"https:\/\/adfformosa.com.ar\/index.php?rest_route=%2Fwp%2Fv2%2Fmedia&parent=3769"}],"wp:term":[{"taxonomy":"category","embeddable":true,"href":"https:\/\/adfformosa.com.ar\/index.php?rest_route=%2Fwp%2Fv2%2Fcategories&post=3769"},{"taxonomy":"post_tag","embeddable":true,"href":"https:\/\/adfformosa.com.ar\/index.php?rest_route=%2Fwp%2Fv2%2Ftags&post=3769"}],"curies":[{"name":"wp","href":"https:\/\/api.w.org\/{rel}","templated":true}]}}