{"id":3757,"date":"2015-09-13T21:40:25","date_gmt":"2015-09-14T00:40:25","guid":{"rendered":"http:\/\/adfformosa.com.ar\/?p=3757"},"modified":"2015-09-17T15:36:23","modified_gmt":"2015-09-17T18:36:23","slug":"encuentro-de-insfran-con-docentes","status":"publish","type":"post","link":"https:\/\/adfformosa.com.ar\/?p=3757","title":{"rendered":"Encuentro de Insfr\u00e1n con docentes"},"content":{"rendered":"<div id=\"s-share-buttons\" class=\"horizontal-w-c-r-border s-share-w-c\"><a href=\"http:\/\/www.facebook.com\/sharer.php?u=https:\/\/adfformosa.com.ar\/?p=3757\" target=\"_blank\" title=\"Share to Facebook\" class=\"s3-facebook hint--top\"><\/a><a href=\"http:\/\/twitter.com\/intent\/tweet?text=Encuentro de Insfr\u00e1n con docentes&url=https:\/\/adfformosa.com.ar\/?p=3757\" target=\"_blank\"  title=\"Share to Twitter\" class=\"s3-twitter hint--top\"><\/a><a href=\"https:\/\/plus.google.com\/share?url=https:\/\/adfformosa.com.ar\/?p=3757\" target=\"_blank\"  title=\"Share to Google Plus\" class=\"s3-google-plus hint--top\"><\/a><a href=\"http:\/\/www.digg.com\/submit?url=https:\/\/adfformosa.com.ar\/?p=3757\" target=\"_blank\"  title=\"Share to Digg\" class=\"s3-digg hint--top\"><\/a><a href=\"http:\/\/www.tumblr.com\/share\/link?url=https%3A%2F%2Fadfformosa.com.ar%2F%3Fp%3D3757&name=Encuentro+de+Insfr%C3%A1n+con+docentes\" target=\"_blank\" title=\"Share to Tumblr\" class=\"s3-tumblr hint--top\"><\/a><a href=\"mailto:?Subject=Encuentro%20de%20Insfr\u00e1n%20con%20docentes&Body=Here%20is%20the%20link%20to%20the%20article:%20https:\/\/adfformosa.com.ar\/?p=3757\" title=\"Email this article\" class=\"s3-email hint--top\"><\/a><\/div><div id=\"attachment_3758\" style=\"width: 610px\" class=\"wp-caption aligncenter\"><img loading=\"lazy\" decoding=\"async\" aria-describedby=\"caption-attachment-3758\" class=\"wp-image-3758 size-full\" src=\"https:\/\/adfformosa.com.ar\/wp-content\/uploads\/2015\/09\/11998924_1711278839101436_8914803492053197431_n-e1442450952802.jpg\" alt=\"\" width=\"600\" height=\"423\" \/><p id=\"caption-attachment-3758\" class=\"wp-caption-text\">Gobernador Gildo Insfr\u00e1n &#8211; Luis Branchi, Secretario General de ADF- 12 septiembre 2015.<\/p><\/div>\n<p style=\"text-align: justify;\">El Gobierno provincial homenajea \u00a0a los maestros en su d\u00eda<\/p>\n<p style=\"text-align: justify;\">El s\u00e1bado 12 \u00a0se llev\u00f3 a cabo la tradicional cena homenaje a los maestros formose\u00f1os, organizada por el Gobierno de la provincia de Formosa.<\/p>\n<p style=\"text-align: justify;\">Se realiz\u00f3 en el polideportivo policial 28 de Mayo, \u00a0donde han sido invitados los docentes de los diferentes niveles y modalidades del sistema educativo provincial y la Junta Directiva de nuestra Agremiaci\u00f3n.<\/p>\n<p style=\"text-align: justify;\">En este encuentro anual, el gobernador Gildo Insfr\u00e1n testimonia a los maestros formose\u00f1os en su d\u00eda y por ende los docentes participan en esta actividad compartiendo la fiesta con el conductor de la vida pol\u00edtica e institucional de Formosa.<\/p>\n<p style=\"text-align: justify;\">\u201cSe trata del renovar de lo que entendemos es un merecido homenaje a quienes con servicio y compromiso brindan la tarea diaria y constante de educar a nuestros ni\u00f1os y j\u00f3venes. Es un justo y merecido reconocimiento, pero tambi\u00e9n una manera de recuperar y fortalecer la m\u00edstica docente, que no es otra cosa que la conciencia plena de haber elegido una vocaci\u00f3n y una profesi\u00f3n que nos enaltece como personas y nos compromete como actores sociales\u201d, fue subrayado.<\/p>\n<p style=\"text-align: justify;\">Se insisti\u00f3 en destacar la decisi\u00f3n de gobierno de situar a la \u201ceducaci\u00f3n es una cuesti\u00f3n de estado, lo que supone sentar las bases de un proyecto educativo que nos involucre a todos y que trascienda los l\u00edmites temporales de una gesti\u00f3n. En consecuencia, este homenaje incluye a todos. Tenemos en com\u00fan la tarea de contribuir con la formaci\u00f3n de las futuras generaciones y es este objetivo el que nos une, con nuestro propio bagaje de esperanzas y frustraciones, de alegr\u00edas y tristezas, de logros y dificultades\u201d.<\/p>\n<p style=\"text-align: justify;\">Asimismo, desde la organizaci\u00f3n se signific\u00f3 que \u201cpretendemos que los docentes se re\u00fanan para festejar, con la profundidad y responsabilidad que supone compartir objetivos a los que hemos dedicado nuestra vida y con la alegr\u00eda de sabernos en buen camino\u201d, entendiendo que \u201cser\u00e1 una ocasi\u00f3n propicia para ratificar el fuerte compromiso de seguir construyendo y consolidando nuestra vocaci\u00f3n educadora y para compartir en una cena fraterna, la alegr\u00eda de luchar, cada d\u00eda, por una sociedad mejor\u201d.<\/p>\n<h4>Galer\u00eda de fotos:<\/h4>\n<p><img loading=\"lazy\" decoding=\"async\" class=\"aligncenter wp-image-3766\" src=\"https:\/\/adfformosa.com.ar\/wp-content\/uploads\/2015\/09\/12004823_1711420939087226_6199074993953013362_n.jpg\" alt=\"\" width=\"600\" height=\"399\" srcset=\"https:\/\/adfformosa.com.ar\/wp-content\/uploads\/2015\/09\/12004823_1711420939087226_6199074993953013362_n.jpg 960w, https:\/\/adfformosa.com.ar\/wp-content\/uploads\/2015\/09\/12004823_1711420939087226_6199074993953013362_n-300x199.jpg 300w, https:\/\/adfformosa.com.ar\/wp-content\/uploads\/2015\/09\/12004823_1711420939087226_6199074993953013362_n-900x598.jpg 900w\" sizes=\"auto, (max-width: 600px) 100vw, 600px\" \/><\/p>\n<p><img loading=\"lazy\" decoding=\"async\" class=\"aligncenter wp-image-3765\" src=\"https:\/\/adfformosa.com.ar\/wp-content\/uploads\/2015\/09\/12002867_1711421019087218_4292869876965539290_n.jpg\" alt=\"\" width=\"600\" height=\"399\" srcset=\"https:\/\/adfformosa.com.ar\/wp-content\/uploads\/2015\/09\/12002867_1711421019087218_4292869876965539290_n.jpg 960w, https:\/\/adfformosa.com.ar\/wp-content\/uploads\/2015\/09\/12002867_1711421019087218_4292869876965539290_n-300x199.jpg 300w, https:\/\/adfformosa.com.ar\/wp-content\/uploads\/2015\/09\/12002867_1711421019087218_4292869876965539290_n-900x598.jpg 900w\" sizes=\"auto, (max-width: 600px) 100vw, 600px\" \/><\/p>\n<p><img loading=\"lazy\" decoding=\"async\" class=\"aligncenter wp-image-3764\" src=\"https:\/\/adfformosa.com.ar\/wp-content\/uploads\/2015\/09\/11999606_1711423169087003_8674271994750140089_o.jpg\" alt=\"\" width=\"600\" height=\"903\" srcset=\"https:\/\/adfformosa.com.ar\/wp-content\/uploads\/2015\/09\/11999606_1711423169087003_8674271994750140089_o.jpg 638w, https:\/\/adfformosa.com.ar\/wp-content\/uploads\/2015\/09\/11999606_1711423169087003_8674271994750140089_o-199x300.jpg 199w\" sizes=\"auto, (max-width: 600px) 100vw, 600px\" \/><\/p>\n<p><img loading=\"lazy\" decoding=\"async\" class=\"aligncenter wp-image-3763\" src=\"https:\/\/adfformosa.com.ar\/wp-content\/uploads\/2015\/09\/11988602_1711421665753820_2569753616081638641_n.jpg\" alt=\"\" width=\"600\" height=\"399\" srcset=\"https:\/\/adfformosa.com.ar\/wp-content\/uploads\/2015\/09\/11988602_1711421665753820_2569753616081638641_n.jpg 960w, https:\/\/adfformosa.com.ar\/wp-content\/uploads\/2015\/09\/11988602_1711421665753820_2569753616081638641_n-300x199.jpg 300w, https:\/\/adfformosa.com.ar\/wp-content\/uploads\/2015\/09\/11988602_1711421665753820_2569753616081638641_n-900x598.jpg 900w\" sizes=\"auto, (max-width: 600px) 100vw, 600px\" \/><\/p>\n<h4><span style=\"text-decoration: underline;\"><img loading=\"lazy\" decoding=\"async\" class=\"aligncenter wp-image-3761\" src=\"https:\/\/adfformosa.com.ar\/wp-content\/uploads\/2015\/09\/11108841_1711421322420521_7375752664128261346_n.jpg\" alt=\"\" width=\"600\" height=\"399\" srcset=\"https:\/\/adfformosa.com.ar\/wp-content\/uploads\/2015\/09\/11108841_1711421322420521_7375752664128261346_n.jpg 960w, https:\/\/adfformosa.com.ar\/wp-content\/uploads\/2015\/09\/11108841_1711421322420521_7375752664128261346_n-300x199.jpg 300w, https:\/\/adfformosa.com.ar\/wp-content\/uploads\/2015\/09\/11108841_1711421322420521_7375752664128261346_n-900x598.jpg 900w\" sizes=\"auto, (max-width: 600px) 100vw, 600px\" \/><img loading=\"lazy\" decoding=\"async\" class=\"aligncenter wp-image-3762\" src=\"https:\/\/adfformosa.com.ar\/wp-content\/uploads\/2015\/09\/11214060_1711421759087144_8957145016644495707_n.jpg\" alt=\"\" width=\"600\" height=\"399\" srcset=\"https:\/\/adfformosa.com.ar\/wp-content\/uploads\/2015\/09\/11214060_1711421759087144_8957145016644495707_n.jpg 960w, https:\/\/adfformosa.com.ar\/wp-content\/uploads\/2015\/09\/11214060_1711421759087144_8957145016644495707_n-300x199.jpg 300w, https:\/\/adfformosa.com.ar\/wp-content\/uploads\/2015\/09\/11214060_1711421759087144_8957145016644495707_n-900x598.jpg 900w\" sizes=\"auto, (max-width: 600px) 100vw, 600px\" \/><\/span><\/h4>\n<div id=\"attachment_3759\" style=\"width: 610px\" class=\"wp-caption aligncenter\"><img loading=\"lazy\" decoding=\"async\" aria-describedby=\"caption-attachment-3759\" class=\"wp-image-3759\" src=\"https:\/\/adfformosa.com.ar\/wp-content\/uploads\/2015\/09\/11986308_1711422855753701_8011822578360812696_n.jpg\" alt=\"\" width=\"600\" height=\"399\" srcset=\"https:\/\/adfformosa.com.ar\/wp-content\/uploads\/2015\/09\/11986308_1711422855753701_8011822578360812696_n.jpg 960w, https:\/\/adfformosa.com.ar\/wp-content\/uploads\/2015\/09\/11986308_1711422855753701_8011822578360812696_n-300x199.jpg 300w, https:\/\/adfformosa.com.ar\/wp-content\/uploads\/2015\/09\/11986308_1711422855753701_8011822578360812696_n-900x598.jpg 900w\" sizes=\"auto, (max-width: 600px) 100vw, 600px\" \/><p id=\"caption-attachment-3759\" class=\"wp-caption-text\">Gobernador de Formosa con los compa\u00f1eros de AMSAFE.<\/p><\/div>\n<div id=\"attachment_3760\" style=\"width: 610px\" class=\"wp-caption aligncenter\"><img loading=\"lazy\" decoding=\"async\" aria-describedby=\"caption-attachment-3760\" class=\"wp-image-3760\" src=\"https:\/\/adfformosa.com.ar\/wp-content\/uploads\/2015\/09\/12009775_1711278825768104_28724584106498822_n.jpg\" alt=\"\" width=\"600\" height=\"450\" srcset=\"https:\/\/adfformosa.com.ar\/wp-content\/uploads\/2015\/09\/12009775_1711278825768104_28724584106498822_n.jpg 960w, https:\/\/adfformosa.com.ar\/wp-content\/uploads\/2015\/09\/12009775_1711278825768104_28724584106498822_n-300x225.jpg 300w, https:\/\/adfformosa.com.ar\/wp-content\/uploads\/2015\/09\/12009775_1711278825768104_28724584106498822_n-900x675.jpg 900w\" sizes=\"auto, (max-width: 600px) 100vw, 600px\" \/><p id=\"caption-attachment-3760\" class=\"wp-caption-text\">Mesa central- Luis Branchi, Secretario General de ADF.- Cena agasajo a los docentes 2015.<\/p><\/div>\n","protected":false},"excerpt":{"rendered":"<p>El Gobierno provincial homenajea \u00a0a los maestros en su d\u00eda El s\u00e1bado 12 \u00a0se llev\u00f3 a cabo la tradicional cena homenaje a los maestros formose\u00f1os, organizada por el Gobierno de&#8230; <span class=\"meta-more\"><a href=\"https:\/\/adfformosa.com.ar\/?p=3757\">Leer mas &raquo;<\/a><\/span><\/p>\n","protected":false},"author":3,"featured_media":3760,"comment_status":"open","ping_status":"closed","sticky":false,"template":"","format":"standard","meta":{"footnotes":""},"categories":[2],"tags":[],"class_list":["post-3757","post","type-post","status-publish","format-standard","has-post-thumbnail","hentry","category-prensa-adf","even alt"],"_links":{"self":[{"href":"https:\/\/adfformosa.com.ar\/index.php?rest_route=\/wp\/v2\/posts\/3757","targetHints":{"allow":["GET"]}}],"collection":[{"href":"https:\/\/adfformosa.com.ar\/index.php?rest_route=\/wp\/v2\/posts"}],"about":[{"href":"https:\/\/adfformosa.com.ar\/index.php?rest_route=\/wp\/v2\/types\/post"}],"author":[{"embeddable":true,"href":"https:\/\/adfformosa.com.ar\/index.php?rest_route=\/wp\/v2\/users\/3"}],"replies":[{"embeddable":true,"href":"https:\/\/adfformosa.com.ar\/index.php?rest_route=%2Fwp%2Fv2%2Fcomments&post=3757"}],"version-history":[{"count":3,"href":"https:\/\/adfformosa.com.ar\/index.php?rest_route=\/wp\/v2\/posts\/3757\/revisions"}],"predecessor-version":[{"id":3804,"href":"https:\/\/adfformosa.com.ar\/index.php?rest_route=\/wp\/v2\/posts\/3757\/revisions\/3804"}],"wp:featuredmedia":[{"embeddable":true,"href":"https:\/\/adfformosa.com.ar\/index.php?rest_route=\/wp\/v2\/media\/3760"}],"wp:attachment":[{"href":"https:\/\/adfformosa.com.ar\/index.php?rest_route=%2Fwp%2Fv2%2Fmedia&parent=3757"}],"wp:term":[{"taxonomy":"category","embeddable":true,"href":"https:\/\/adfformosa.com.ar\/index.php?rest_route=%2Fwp%2Fv2%2Fcategories&post=3757"},{"taxonomy":"post_tag","embeddable":true,"href":"https:\/\/adfformosa.com.ar\/index.php?rest_route=%2Fwp%2Fv2%2Ftags&post=3757"}],"curies":[{"name":"wp","href":"https:\/\/api.w.org\/{rel}","templated":true}]}}