{"id":3725,"date":"2015-08-26T17:22:24","date_gmt":"2015-08-26T20:22:24","guid":{"rendered":"http:\/\/adfformosa.com.ar\/?p=3725"},"modified":"2015-08-27T19:17:59","modified_gmt":"2015-08-27T22:17:59","slug":"ctera-y-adf-dictan-curso-de-educacion-sexual-integral-con-enfoque-de-genero","status":"publish","type":"post","link":"https:\/\/adfformosa.com.ar\/?p=3725","title":{"rendered":"CTERA y ADF Dictan curso de \u201cEducaci\u00f3n Sexual Integral con Enfoque de G\u00e9nero\u201d"},"content":{"rendered":"<div id=\"s-share-buttons\" class=\"horizontal-w-c-r-border s-share-w-c\"><a href=\"http:\/\/www.facebook.com\/sharer.php?u=https:\/\/adfformosa.com.ar\/?p=3725\" target=\"_blank\" title=\"Share to Facebook\" class=\"s3-facebook hint--top\"><\/a><a href=\"http:\/\/twitter.com\/intent\/tweet?text=CTERA y ADF Dictan curso de \u201cEducaci\u00f3n Sexual Integral con Enfoque de G\u00e9nero\u201d&url=https:\/\/adfformosa.com.ar\/?p=3725\" target=\"_blank\"  title=\"Share to Twitter\" class=\"s3-twitter hint--top\"><\/a><a href=\"https:\/\/plus.google.com\/share?url=https:\/\/adfformosa.com.ar\/?p=3725\" target=\"_blank\"  title=\"Share to Google Plus\" class=\"s3-google-plus hint--top\"><\/a><a href=\"http:\/\/www.digg.com\/submit?url=https:\/\/adfformosa.com.ar\/?p=3725\" target=\"_blank\"  title=\"Share to Digg\" class=\"s3-digg hint--top\"><\/a><a href=\"http:\/\/www.tumblr.com\/share\/link?url=https%3A%2F%2Fadfformosa.com.ar%2F%3Fp%3D3725&name=CTERA+y+ADF+Dictan+curso+de+%E2%80%9CEducaci%C3%B3n+Sexual+Integral+con+Enfoque+de+G%C3%A9nero%E2%80%9D\" target=\"_blank\" title=\"Share to Tumblr\" class=\"s3-tumblr hint--top\"><\/a><a href=\"mailto:?Subject=CTERA%20y%20ADF%20Dictan%20curso%20de%20\u201cEducaci\u00f3n%20Sexual%20Integral%20con%20Enfoque%20de%20G\u00e9nero\u201d&Body=Here%20is%20the%20link%20to%20the%20article:%20https:\/\/adfformosa.com.ar\/?p=3725\" title=\"Email this article\" class=\"s3-email hint--top\"><\/a><\/div><div id=\"attachment_3726\" style=\"width: 610px\" class=\"wp-caption aligncenter\"><img loading=\"lazy\" decoding=\"async\" aria-describedby=\"caption-attachment-3726\" class=\"wp-image-3726 size-full\" src=\"https:\/\/adfformosa.com.ar\/wp-content\/uploads\/2015\/08\/11139460_1704445353118118_2414649019709783238_n-e1440713759647.jpg\" alt=\"\" width=\"600\" height=\"398\" \/><p id=\"caption-attachment-3726\" class=\"wp-caption-text\">CTERA-ADF Agosto 2015<\/p><\/div>\n<p style=\"text-align: justify;\">El curso es una propuesta del Programa Nacional de Formaci\u00f3n Permanente \u201cNuestra Escuela\u201d iniciativa federal que se propone la formaci\u00f3n gratuita, universal y en ejercicio, de todos los docentes del pa\u00eds y que cuenta con el respaldo del acuerdo paritario suscripto por todos los sindicatos docentes con representaci\u00f3n nacional.<\/p>\n<p style=\"text-align: justify;\">El convenio forma parte de las conquistas obtenidas por la CTERA y se desarrollar\u00e1 en Formosa a trav\u00e9s de ADF, entidad base del gremio nacional en esta provincia.<\/p>\n<p style=\"text-align: justify;\">Delia Alegre, Secretaria de Promoci\u00f3n y Cultura de la Agremiaci\u00f3n, en la apertura de la jornada que comenz\u00f3 en la Escuela N\u00famero 31 dijo que \u201clos cursos del Ministerio de Educaci\u00f3n de la Naci\u00f3n son una respuesta a los pedidos de los trabajadores de la educaci\u00f3n. En este caso la CTERA viene a Formosa a trav\u00e9s de sus coordinadores del equipo de Educaci\u00f3n Sexual Integral para reconocer los contenidos y diferentes grados de implementaci\u00f3n de la ley\u201d<\/p>\n<div id=\"attachment_3727\" style=\"width: 344px\" class=\"wp-caption alignleft\"><img loading=\"lazy\" decoding=\"async\" aria-describedby=\"caption-attachment-3727\" class=\"wp-image-3727 \" src=\"https:\/\/adfformosa.com.ar\/wp-content\/uploads\/2015\/08\/11898583_1704430099786310_5727702228118202737_n-e1440707844479.jpg\" alt=\"\" width=\"334\" height=\"222\" \/><p id=\"caption-attachment-3727\" class=\"wp-caption-text\">Delia Alegre,Secretaria de Cultura y Promoci\u00f3n de ADF.<\/p><\/div>\n<p style=\"text-align: justify;\">Explic\u00f3 que \u201cla importancia de esta capacitaci\u00f3n radica principalmente en la formaci\u00f3n de esta tem\u00e1tica para volcarlas en el aula desde el conocimiento. El conocimiento es poder. Es fundamental para actuar ante situaciones para lo cual no fuimos preparados\u201d remarc\u00f3.<\/p>\n<p style=\"text-align: justify;\">Dijo adem\u00e1s que no ser\u00e1 el \u00fanico curso que se dictar\u00e1 en Formosa \u201chabr\u00e1 otras tem\u00e1ticas como Violencia de G\u00e9nero, Derechos Humanos, Abuso Infantil realidades que el docente afronta hoy porque las circunstancias actuales son otras y debe estar preparado para resolverlas.<\/p>\n<p style=\"text-align: justify;\">Ayer hemos tenido una hermosa jornada en la localidad de Laguna Blanca y hoy en capital. Es un cupo de cien docentes interesados en la propuesta que tendr\u00e1 su continuidad de manera virtual\u201d se\u00f1al\u00f3.<\/p>\n<p style=\"text-align: center;\"><strong>Coordinadores de la CTERA<\/strong><\/p>\n<p style=\"text-align: justify;\">Graciela Perell\u00f3 es docente de Educaci\u00f3n F\u00edsica y\u00a0 Psic\u00f3loga, ejerce la Coordinaci\u00f3n de una unidad de Orientaci\u00f3n Escolar en Buenos Aires y \u00a0forma parte del equipo de Educaci\u00f3n Sexual Integral de la CTERA desde el a\u00f1o 2009.<\/p>\n<p style=\"text-align: justify;\">\u201cLa CTERA toma la decisi\u00f3n pol\u00edtica de acompa\u00f1ar la Ley .Voy recorriendo el pa\u00eds viendo los diferentes grados de implementaci\u00f3n, las dificultades que se presentaban en cada lugar. La idea de esta jornada es acercarnos, conocernos. Es una jornada de sensibilizaci\u00f3n que requiere una revisi\u00f3n de diferentes aspectos mitos, prejuicios, mandatos incorporados.<\/p>\n<p style=\"text-align: justify;\">La idea de hoy es trabajar los diferentes conceptos, considerando que la Ley de Educaci\u00f3n Sexual es bastante amplia. De esa manera ir\u00e1n surgiendo propuestas educativas para asegurar la transmisi\u00f3n de conocimientos pertinentes\u201d se\u00f1al\u00f3 Perell\u00f3.<\/p>\n<p style=\"text-align: justify;\">Por su parte la Soci\u00f3loga Mar\u00eda Soledad V\u00e1zquez aborda la problem\u00e1tica de alumnas madres y alumnas embarazadas \u201cSe considerar\u00e1n todos los aspectos. Se trata de conocer para prevenir y eso es lo que se ir\u00e1 desentra\u00f1ando a lo largo de esta capacitaci\u00f3n\u201d<\/p>\n<p style=\"text-align: justify;\"><strong>Galer\u00eda de Fotos<\/strong><\/p>\n<p style=\"text-align: justify;\"><img loading=\"lazy\" decoding=\"async\" class=\"aligncenter wp-image-3734 size-full\" src=\"https:\/\/adfformosa.com.ar\/wp-content\/uploads\/2015\/08\/11951939_1704445906451396_357626496393195301_n-e1440713794672.jpg\" alt=\"11951939_1704445906451396_357626496393195301_n\" width=\"600\" height=\"399\" \/><\/p>\n<p style=\"text-align: justify;\"><img loading=\"lazy\" decoding=\"async\" class=\"aligncenter wp-image-3733 size-full\" src=\"https:\/\/adfformosa.com.ar\/wp-content\/uploads\/2015\/08\/11951298_1704436719785648_2580010382049968624_n-e1440713808126.jpg\" alt=\"\" width=\"600\" height=\"399\" \/><\/p>\n<p style=\"text-align: justify;\"><img loading=\"lazy\" decoding=\"async\" class=\"aligncenter wp-image-3732 size-full\" src=\"https:\/\/adfformosa.com.ar\/wp-content\/uploads\/2015\/08\/11924205_1704436999785620_5018442800610811993_n-e1440713826569.jpg\" alt=\"11924205_1704436999785620_5018442800610811993_n\" width=\"600\" height=\"399\" \/><\/p>\n<p style=\"text-align: justify;\"><img loading=\"lazy\" decoding=\"async\" class=\"aligncenter wp-image-3731 size-full\" src=\"https:\/\/adfformosa.com.ar\/wp-content\/uploads\/2015\/08\/11892119_1704434056452581_8924326803817481647_n-e1440713837742.jpg\" alt=\"11892119_1704434056452581_8924326803817481647_n\" width=\"600\" height=\"399\" \/><\/p>\n<p style=\"text-align: justify;\"><img loading=\"lazy\" decoding=\"async\" class=\"aligncenter wp-image-3730 size-full\" src=\"https:\/\/adfformosa.com.ar\/wp-content\/uploads\/2015\/08\/11223790_1704442316451755_4502233980414772740_n-e1440713849455.jpg\" alt=\"11223790_1704442316451755_4502233980414772740_n\" width=\"600\" height=\"903\" \/><\/p>\n<p style=\"text-align: justify;\"><img loading=\"lazy\" decoding=\"async\" class=\"aligncenter wp-image-3729 size-full\" src=\"https:\/\/adfformosa.com.ar\/wp-content\/uploads\/2015\/08\/11889407_1704430173119636_7722963110724742891_n-e1440713861790.jpg\" alt=\"11889407_1704430173119636_7722963110724742891_n\" width=\"600\" height=\"903\" \/><\/p>\n<p><img loading=\"lazy\" decoding=\"async\" class=\"aligncenter wp-image-3728 size-full\" src=\"https:\/\/adfformosa.com.ar\/wp-content\/uploads\/2015\/08\/11899905_1704437139785606_4374716083310120501_n-e1440713872858.jpg\" alt=\"\" width=\"600\" height=\"399\" \/><\/p>\n","protected":false},"excerpt":{"rendered":"<p>El curso es una propuesta del Programa Nacional de Formaci\u00f3n Permanente \u201cNuestra Escuela\u201d iniciativa federal que se propone la formaci\u00f3n gratuita, universal y en ejercicio, de todos los docentes del&#8230; <span class=\"meta-more\"><a href=\"https:\/\/adfformosa.com.ar\/?p=3725\">Leer mas &raquo;<\/a><\/span><\/p>\n","protected":false},"author":3,"featured_media":3728,"comment_status":"open","ping_status":"closed","sticky":false,"template":"","format":"standard","meta":{"footnotes":""},"categories":[2],"tags":[],"class_list":["post-3725","post","type-post","status-publish","format-standard","has-post-thumbnail","hentry","category-prensa-adf","even alt"],"_links":{"self":[{"href":"https:\/\/adfformosa.com.ar\/index.php?rest_route=\/wp\/v2\/posts\/3725","targetHints":{"allow":["GET"]}}],"collection":[{"href":"https:\/\/adfformosa.com.ar\/index.php?rest_route=\/wp\/v2\/posts"}],"about":[{"href":"https:\/\/adfformosa.com.ar\/index.php?rest_route=\/wp\/v2\/types\/post"}],"author":[{"embeddable":true,"href":"https:\/\/adfformosa.com.ar\/index.php?rest_route=\/wp\/v2\/users\/3"}],"replies":[{"embeddable":true,"href":"https:\/\/adfformosa.com.ar\/index.php?rest_route=%2Fwp%2Fv2%2Fcomments&post=3725"}],"version-history":[{"count":6,"href":"https:\/\/adfformosa.com.ar\/index.php?rest_route=\/wp\/v2\/posts\/3725\/revisions"}],"predecessor-version":[{"id":3745,"href":"https:\/\/adfformosa.com.ar\/index.php?rest_route=\/wp\/v2\/posts\/3725\/revisions\/3745"}],"wp:featuredmedia":[{"embeddable":true,"href":"https:\/\/adfformosa.com.ar\/index.php?rest_route=\/wp\/v2\/media\/3728"}],"wp:attachment":[{"href":"https:\/\/adfformosa.com.ar\/index.php?rest_route=%2Fwp%2Fv2%2Fmedia&parent=3725"}],"wp:term":[{"taxonomy":"category","embeddable":true,"href":"https:\/\/adfformosa.com.ar\/index.php?rest_route=%2Fwp%2Fv2%2Fcategories&post=3725"},{"taxonomy":"post_tag","embeddable":true,"href":"https:\/\/adfformosa.com.ar\/index.php?rest_route=%2Fwp%2Fv2%2Ftags&post=3725"}],"curies":[{"name":"wp","href":"https:\/\/api.w.org\/{rel}","templated":true}]}}