{"id":3721,"date":"2015-08-27T17:20:55","date_gmt":"2015-08-27T20:20:55","guid":{"rendered":"http:\/\/adfformosa.com.ar\/?p=3721"},"modified":"2015-08-27T19:13:21","modified_gmt":"2015-08-27T22:13:21","slug":"para-ctera-el-mejor-lugar-para-la-primera-infancia-es-la-escuela","status":"publish","type":"post","link":"https:\/\/adfformosa.com.ar\/?p=3721","title":{"rendered":"Para CTERA el mejor lugar para la Primera Infancia es la escuela"},"content":{"rendered":"<div id=\"s-share-buttons\" class=\"horizontal-w-c-r-border s-share-w-c\"><a href=\"http:\/\/www.facebook.com\/sharer.php?u=https:\/\/adfformosa.com.ar\/?p=3721\" target=\"_blank\" title=\"Share to Facebook\" class=\"s3-facebook hint--top\"><\/a><a href=\"http:\/\/twitter.com\/intent\/tweet?text=Para CTERA el mejor lugar para la Primera Infancia es la escuela&url=https:\/\/adfformosa.com.ar\/?p=3721\" target=\"_blank\"  title=\"Share to Twitter\" class=\"s3-twitter hint--top\"><\/a><a href=\"https:\/\/plus.google.com\/share?url=https:\/\/adfformosa.com.ar\/?p=3721\" target=\"_blank\"  title=\"Share to Google Plus\" class=\"s3-google-plus hint--top\"><\/a><a href=\"http:\/\/www.digg.com\/submit?url=https:\/\/adfformosa.com.ar\/?p=3721\" target=\"_blank\"  title=\"Share to Digg\" class=\"s3-digg hint--top\"><\/a><a href=\"http:\/\/www.tumblr.com\/share\/link?url=https%3A%2F%2Fadfformosa.com.ar%2F%3Fp%3D3721&name=Para+CTERA+el+mejor+lugar+para+la+Primera+Infancia+es+la+escuela\" target=\"_blank\" title=\"Share to Tumblr\" class=\"s3-tumblr hint--top\"><\/a><a href=\"mailto:?Subject=Para%20CTERA%20el%20mejor%20lugar%20para%20la%20Primera%20Infancia%20es%20la%20escuela&Body=Here%20is%20the%20link%20to%20the%20article:%20https:\/\/adfformosa.com.ar\/?p=3721\" title=\"Email this article\" class=\"s3-email hint--top\"><\/a><\/div><p style=\"text-align: justify;\"><span style=\"color: #000000;\"><strong style=\"font-weight: 600;\">MEDIANTE UN PROYECTO DE LEY APROBADO EL 26 DE AGOSTO &#8211; EN LAS COMISIONES DE FAMILIA Y PRESUPUESTO DE LA C\u00c1MARA DE DIPUTADOS DE LA NACI\u00d3N &#8211; SE PRETENDE LEGISLAR EN CONTRA DEL DERECHO SOCIAL A LA EDUCACI\u00d3N TEMPRANA.<\/strong><\/span><\/p>\n<p style=\"text-align: justify;\"><span style=\"color: #000000;\">El proyecto\u00a0 POL\u00cdTICA FEDERAL DE CUIDADOS PARA LA PRIMERA INFANCIA, habla de \u201ccuidado\u201d y no de \u201ceducaci\u00f3n\u201d.<\/span><\/p>\n<p style=\"text-align: justify;\"><span style=\"color: #000000;\">Se trata de un proyecto que saca la educaci\u00f3n inicial del \u00e1mbito del ministerio de educaci\u00f3n creando un sistema distinto. <\/span><\/p>\n<p style=\"text-align: justify;\"><span style=\"color: #000000;\">Esto implicar\u00eda un retroceso en lo avanzado en los \u00faltimos a\u00f1os con la Ley de Educaci\u00f3n Nacional y la Ley 27064.<\/span><\/p>\n<p><img loading=\"lazy\" decoding=\"async\" class=\" wp-image-3722  alignleft\" src=\"https:\/\/adfformosa.com.ar\/wp-content\/uploads\/2015\/08\/5f1edc5f0d6d6465a30b267802485710_L-e1440706779885.jpg\" alt=\"\" width=\"360\" height=\"270\" \/><\/p>\n<p style=\"text-align: justify;\">Desde su Art\u00edculo 2 este proyecto incorpora la perspectiva del \u201cmercado laboral\u201d y concibe (Art. 3) la idea de \u201cprestaci\u00f3n de servicio\u201d, desde CTERA venimos defendiendo la idea del derecho\u00a0 a la educaci\u00f3n. Y lo hacen con el agravante de someter este \u201cservicio\u201d a los criterios internacionales de prestaci\u00f3n.<\/p>\n<p style=\"text-align: justify;\">El Proyecto enuncia la Pol\u00edtica Federal de Cuidados para la Primera Infancia, desvinculada de la Educaci\u00f3n Inicial. Cabe la comparaci\u00f3n con la Ley de Educaci\u00f3n Nacional donde se reconocen los espacios de gesti\u00f3n social de centros de desarrollo infantil, tanto en las consideraciones generales como espec\u00edficamente en Educaci\u00f3n Inicial.<\/p>\n<p style=\"text-align: justify;\">Se considera a los ni\u00f1os sujetos de cuidado y no se plantea el lugar de sujeto de derecho a la educaci\u00f3n. Se habla de socializaci\u00f3n y no de educaci\u00f3n. No se menciona la participaci\u00f3n de docentes ni de supervisi\u00f3n pedag\u00f3gica para los Centros de Cuidado.<\/p>\n<p style=\"text-align: justify;\">Es comprensible que una pol\u00edtica nacional reconozca e integre iniciativas comunitarias, territoriales y originadas en movimientos sociales, pero la ley de educaci\u00f3n nacional debe regular todo espacio donde se educan ni\u00f1os.<\/p>\n<p style=\"text-align: justify;\">Si este proyecto prospera, la educaci\u00f3n en edades tempranas quedar\u00eda dise\u00f1ada por dos propuestas pol\u00edticas, muchas veces inconexas: Ministerio de Desarrollo Social &#8211; Ministerio de Educaci\u00f3n.<\/p>\n<p style=\"text-align: justify;\">En el Proyecto se formula que el Poder Ejecutivo determina la Autoridad de Aplicaci\u00f3n. Es el \u00f3rgano responsable de la Pol\u00edtica Federal de Centros de Primera Infancia. \u00bfQu\u00e9 rango institucional tendr\u00eda?\u00a0\u00bfQueda por fuera de un \u00e1mbito ministerial?<\/p>\n<p style=\"text-align: justify;\">Las funciones que se asignan en el Proyecto a la autoridad de Aplicaci\u00f3n y al Observatorio Federal de Cuidados para la Primera Infancia, suponen una superposici\u00f3n con las funciones aprobadas en la LEY 27.064, que establece el abordaje pedag\u00f3gico de los centros existentes.<\/p>\n<p style=\"text-align: justify;\">En el Art\u00edculo 5 se deja la puerta abierta a la participaci\u00f3n de las empresas y los empleadores en el dise\u00f1o de las \u201cpol\u00edticas de cuidado\u201d.\u00a0 Tambi\u00e9n\u00a0 habla de \u201cdescentralizaci\u00f3n\u201d y de \u201cest\u00e1ndares de calidad que promuevan la homogeneizaci\u00f3n\u201d.<\/p>\n<p style=\"text-align: justify;\">En el Proyecto se estipula la formaci\u00f3n de cuidadores\/as y no de educadores.\u00a0 Pone el \u00e9nfasis en la profesionalizaci\u00f3n de las personas a cargo \u201ca trav\u00e9s de la regulaci\u00f3n del mercado laboral y la profundizaci\u00f3n de la oferta de empleos de calidad\u201d. Incluso habla de \u201ctrabajadores y trabajadoras del cuidado\u201d y no de trabajadores de la educaci\u00f3n.<\/p>\n<h4 style=\"text-align: justify;\">CTERA seguir\u00e1 comprometida en sostener y avanzar para que\u00a0 el sistema p\u00fablico de ense\u00f1anza\u00a0garantice el derecho social a la educaci\u00f3n temprana de todas nuestras ni\u00f1as y ni\u00f1os.<\/h4>\n<p>Alejo Demicheli \u00a0 \u00a0 Miguel Duhalde\u00a0\u00a0\u00a0 \u00a0\u00a0\u00a0 \u00a0\u00a0 Eduardo L\u00f3pez\u00a0\u00a0\u00a0\u00a0\u00a0\u00a0\u00a0\u00a0\u00a0\u00a0 Sonia Alesso<br \/>\nSec. Prensa \u00a0 \u00a0 \u00a0 \u00a0 \u00a0 Sec. Educaci\u00f3n \u00a0 \u00a0 \u00a0 \u00a0 \u00a0 \u00a0 \u00a0Sec. Gremial \u00a0 \u00a0 \u00a0 \u00a0 \u00a0 \u00a0 \u00a0Sec. General<\/p>\n<p>&nbsp;<\/p>\n","protected":false},"excerpt":{"rendered":"<p>MEDIANTE UN PROYECTO DE LEY APROBADO EL 26 DE AGOSTO &#8211; EN LAS COMISIONES DE FAMILIA Y PRESUPUESTO DE LA C\u00c1MARA DE DIPUTADOS DE LA NACI\u00d3N &#8211; SE PRETENDE LEGISLAR&#8230; <span class=\"meta-more\"><a href=\"https:\/\/adfformosa.com.ar\/?p=3721\">Leer mas &raquo;<\/a><\/span><\/p>\n","protected":false},"author":3,"featured_media":3722,"comment_status":"open","ping_status":"closed","sticky":false,"template":"","format":"standard","meta":{"footnotes":""},"categories":[2],"tags":[],"class_list":["post-3721","post","type-post","status-publish","format-standard","has-post-thumbnail","hentry","category-prensa-adf","even alt"],"_links":{"self":[{"href":"https:\/\/adfformosa.com.ar\/index.php?rest_route=\/wp\/v2\/posts\/3721","targetHints":{"allow":["GET"]}}],"collection":[{"href":"https:\/\/adfformosa.com.ar\/index.php?rest_route=\/wp\/v2\/posts"}],"about":[{"href":"https:\/\/adfformosa.com.ar\/index.php?rest_route=\/wp\/v2\/types\/post"}],"author":[{"embeddable":true,"href":"https:\/\/adfformosa.com.ar\/index.php?rest_route=\/wp\/v2\/users\/3"}],"replies":[{"embeddable":true,"href":"https:\/\/adfformosa.com.ar\/index.php?rest_route=%2Fwp%2Fv2%2Fcomments&post=3721"}],"version-history":[{"count":4,"href":"https:\/\/adfformosa.com.ar\/index.php?rest_route=\/wp\/v2\/posts\/3721\/revisions"}],"predecessor-version":[{"id":3741,"href":"https:\/\/adfformosa.com.ar\/index.php?rest_route=\/wp\/v2\/posts\/3721\/revisions\/3741"}],"wp:featuredmedia":[{"embeddable":true,"href":"https:\/\/adfformosa.com.ar\/index.php?rest_route=\/wp\/v2\/media\/3722"}],"wp:attachment":[{"href":"https:\/\/adfformosa.com.ar\/index.php?rest_route=%2Fwp%2Fv2%2Fmedia&parent=3721"}],"wp:term":[{"taxonomy":"category","embeddable":true,"href":"https:\/\/adfformosa.com.ar\/index.php?rest_route=%2Fwp%2Fv2%2Fcategories&post=3721"},{"taxonomy":"post_tag","embeddable":true,"href":"https:\/\/adfformosa.com.ar\/index.php?rest_route=%2Fwp%2Fv2%2Ftags&post=3721"}],"curies":[{"name":"wp","href":"https:\/\/api.w.org\/{rel}","templated":true}]}}