{"id":3708,"date":"2015-08-24T15:44:23","date_gmt":"2015-08-24T18:44:23","guid":{"rendered":"http:\/\/adfformosa.com.ar\/?p=3708"},"modified":"2015-08-27T19:13:54","modified_gmt":"2015-08-27T22:13:54","slug":"dictan-curso-sobre-educacion-sexual-integral-con-enfoque-de-genero-en-laguna-blanca-y-formosa","status":"publish","type":"post","link":"https:\/\/adfformosa.com.ar\/?p=3708","title":{"rendered":"Dictan curso sobre \u201cEducaci\u00f3n Sexual Integral con enfoque de g\u00e9nero\u201d  en Laguna Blanca y Formosa"},"content":{"rendered":"<div id=\"s-share-buttons\" class=\"horizontal-w-c-r-border s-share-w-c\"><a href=\"http:\/\/www.facebook.com\/sharer.php?u=https:\/\/adfformosa.com.ar\/?p=3708\" target=\"_blank\" title=\"Share to Facebook\" class=\"s3-facebook hint--top\"><\/a><a href=\"http:\/\/twitter.com\/intent\/tweet?text=Dictan curso sobre \u201cEducaci\u00f3n Sexual Integral con enfoque de g\u00e9nero\u201d  en Laguna Blanca y Formosa&url=https:\/\/adfformosa.com.ar\/?p=3708\" target=\"_blank\"  title=\"Share to Twitter\" class=\"s3-twitter hint--top\"><\/a><a href=\"https:\/\/plus.google.com\/share?url=https:\/\/adfformosa.com.ar\/?p=3708\" target=\"_blank\"  title=\"Share to Google Plus\" class=\"s3-google-plus hint--top\"><\/a><a href=\"http:\/\/www.digg.com\/submit?url=https:\/\/adfformosa.com.ar\/?p=3708\" target=\"_blank\"  title=\"Share to Digg\" class=\"s3-digg hint--top\"><\/a><a href=\"http:\/\/www.tumblr.com\/share\/link?url=https%3A%2F%2Fadfformosa.com.ar%2F%3Fp%3D3708&name=Dictan+curso+sobre+%E2%80%9CEducaci%C3%B3n+Sexual+Integral+con+enfoque+de+g%C3%A9nero%E2%80%9D++en+Laguna+Blanca+y+Formosa\" target=\"_blank\" title=\"Share to Tumblr\" class=\"s3-tumblr hint--top\"><\/a><a href=\"mailto:?Subject=Dictan%20curso%20sobre%20\u201cEducaci\u00f3n%20Sexual%20Integral%20con%20enfoque%20de%20g\u00e9nero\u201d%20%20en%20Laguna%20Blanca%20y%20Formosa&Body=Here%20is%20the%20link%20to%20the%20article:%20https:\/\/adfformosa.com.ar\/?p=3708\" title=\"Email this article\" class=\"s3-email hint--top\"><\/a><\/div><div id=\"attachment_3710\" style=\"width: 610px\" class=\"wp-caption aligncenter\"><img loading=\"lazy\" decoding=\"async\" aria-describedby=\"caption-attachment-3710\" class=\"wp-image-3710 size-full\" src=\"https:\/\/adfformosa.com.ar\/wp-content\/uploads\/2015\/08\/IMG-20150824-WA0003-e1440462336604.jpg\" alt=\"\" width=\"600\" height=\"338\" \/><p id=\"caption-attachment-3710\" class=\"wp-caption-text\">Delia Alegre, Secretaria de Cultura y Promoci\u00f3n de ADF- 2015<\/p><\/div>\n<p style=\"text-align: justify;\">El curso \u201cEducaci\u00f3n Sexual Integral con enfoque de g\u00e9nero\u201d \u00a0es una propuesta del Programa Nacional de Formaci\u00f3n Permanente \u00abNuestra Escuela\u00bb\u00a0\u00a0iniciativa federal que se propone la formaci\u00f3n gratuita, universal y en ejercicio, de todos los docentes del pa\u00eds\u00a0y que cuenta con el respaldo del acuerdo paritario suscripto por todos los sindicatos docentes con representaci\u00f3n nacional.<\/p>\n<p style=\"text-align: justify;\">El convenio forma parte de las conquistas obtenidas por la \u00a0CTERA y se desarrollar\u00e1 en Formosa a trav\u00e9s de nuestra Agremiaci\u00f3n, como entidad de base del gremio nacional.<\/p>\n<p style=\"text-align: justify;\">El dictado del curso comenz\u00f3 en la localidad de Laguna Blanca. All\u00ed el Coordinador de nuestra Agremiaci\u00f3n,Walter Ar\u00e9valo recibi\u00f3 a los capacitadores del Programa Nacional \u00a0en las instalaciones de la Escuela Especial N\u00b08.<\/p>\n<div id=\"attachment_3711\" style=\"width: 610px\" class=\"wp-caption aligncenter\"><img loading=\"lazy\" decoding=\"async\" aria-describedby=\"caption-attachment-3711\" class=\"wp-image-3711 \" src=\"https:\/\/adfformosa.com.ar\/wp-content\/uploads\/2015\/08\/IMG-20150824-WA0004-1024x576.jpg\" alt=\"\" width=\"600\" height=\"338\" \/><p id=\"caption-attachment-3711\" class=\"wp-caption-text\">Walter Ar\u00e9valo, Coordinador ADF en Laguna Blanca.<\/p><\/div>\n<p style=\"text-align: justify;\">Estuvieron presentes los integrantes de la Junta Directiva Mirta M\u00e1rquez,Secretaria General Adjunta; la\u00a0Secretaria de Cultura y Promoci\u00f3n,Delia Alegre y el\u00a0Secretario del Interior, Solano Mendoza.<\/p>\n<p><img loading=\"lazy\" decoding=\"async\" class=\"aligncenter wp-image-3712 \" src=\"https:\/\/adfformosa.com.ar\/wp-content\/uploads\/2015\/08\/IMG-20150824-WA0002-1024x576.jpg\" alt=\"\" width=\"600\" height=\"338\" \/><br \/>\nEn Formosa se realizar\u00e1 ma\u00f1ana \u00a0martes 25 a partir de las 9 de la ma\u00f1ana en la Escuela N\u00b0 31.<\/p>\n<p><span style=\"text-decoration: underline; color: #000000;\">INSTRUMENTO LEGAL PARA DESCARGAR.<\/span><\/p>\n<p><span style=\"text-decoration: underline; color: #000000;\"><span>RESOLUCI\u00d3N DEL CONSEJO FEDERAL DE EDUCACI\u00d3N<\/span><\/span><\/p>\n<p><a href=\"https:\/\/adfformosa.com.ar\/wp-content\/uploads\/2015\/08\/257-15.pdf\">257-15<\/a><\/p>\n","protected":false},"excerpt":{"rendered":"<p>El curso \u201cEducaci\u00f3n Sexual Integral con enfoque de g\u00e9nero\u201d \u00a0es una propuesta del Programa Nacional de Formaci\u00f3n Permanente \u00abNuestra Escuela\u00bb\u00a0\u00a0iniciativa federal que se propone la formaci\u00f3n gratuita, universal y en&#8230; <span class=\"meta-more\"><a href=\"https:\/\/adfformosa.com.ar\/?p=3708\">Leer mas &raquo;<\/a><\/span><\/p>\n","protected":false},"author":3,"featured_media":3710,"comment_status":"open","ping_status":"closed","sticky":false,"template":"","format":"standard","meta":{"footnotes":""},"categories":[2],"tags":[],"class_list":["post-3708","post","type-post","status-publish","format-standard","has-post-thumbnail","hentry","category-prensa-adf","even alt"],"_links":{"self":[{"href":"https:\/\/adfformosa.com.ar\/index.php?rest_route=\/wp\/v2\/posts\/3708","targetHints":{"allow":["GET"]}}],"collection":[{"href":"https:\/\/adfformosa.com.ar\/index.php?rest_route=\/wp\/v2\/posts"}],"about":[{"href":"https:\/\/adfformosa.com.ar\/index.php?rest_route=\/wp\/v2\/types\/post"}],"author":[{"embeddable":true,"href":"https:\/\/adfformosa.com.ar\/index.php?rest_route=\/wp\/v2\/users\/3"}],"replies":[{"embeddable":true,"href":"https:\/\/adfformosa.com.ar\/index.php?rest_route=%2Fwp%2Fv2%2Fcomments&post=3708"}],"version-history":[{"count":6,"href":"https:\/\/adfformosa.com.ar\/index.php?rest_route=\/wp\/v2\/posts\/3708\/revisions"}],"predecessor-version":[{"id":3742,"href":"https:\/\/adfformosa.com.ar\/index.php?rest_route=\/wp\/v2\/posts\/3708\/revisions\/3742"}],"wp:featuredmedia":[{"embeddable":true,"href":"https:\/\/adfformosa.com.ar\/index.php?rest_route=\/wp\/v2\/media\/3710"}],"wp:attachment":[{"href":"https:\/\/adfformosa.com.ar\/index.php?rest_route=%2Fwp%2Fv2%2Fmedia&parent=3708"}],"wp:term":[{"taxonomy":"category","embeddable":true,"href":"https:\/\/adfformosa.com.ar\/index.php?rest_route=%2Fwp%2Fv2%2Fcategories&post=3708"},{"taxonomy":"post_tag","embeddable":true,"href":"https:\/\/adfformosa.com.ar\/index.php?rest_route=%2Fwp%2Fv2%2Ftags&post=3708"}],"curies":[{"name":"wp","href":"https:\/\/api.w.org\/{rel}","templated":true}]}}